{"id":3826,"date":"2014-06-13T12:29:19","date_gmt":"2014-06-13T15:29:19","guid":{"rendered":"http:\/\/ultimato.com.br\/sites\/maosdadas\/?p=3826"},"modified":"2014-06-13T12:29:19","modified_gmt":"2014-06-13T15:29:19","slug":"40-dias-de-oracao-dia-8","status":"publish","type":"post","link":"https:\/\/ultimato.com.br\/sites\/maosdadas\/2014\/06\/13\/40-dias-de-oracao-dia-8\/","title":{"rendered":"40 Dias de Ora\u00e7\u00e3o \u2013 Dia 8"},"content":{"rendered":"<p><a href=\"http:\/\/ultimato.com.br\/sites\/maosdadas\/files\/2014\/06\/Imagem-40-dias.jpg\" class=\"lightview\" data-lightview-group=\"group-3826\" data-lightview-options=\"skin: 'dark', controls: 'relative', padding: '10', shadow: { color: '#000000', opacity: 0.08, blur: 3 }\"><img loading=\"lazy\" decoding=\"async\" class=\"size-full wp-image-3780 alignleft\" alt=\"Imagem 40 dias\" src=\"http:\/\/ultimato.com.br\/sites\/maosdadas\/files\/2014\/06\/Imagem-40-dias.jpg\" width=\"300\" height=\"100\" srcset=\"https:\/\/ultimato.com.br\/sites\/maosdadas\/files\/2014\/06\/Imagem-40-dias.jpg 300w, https:\/\/ultimato.com.br\/sites\/maosdadas\/files\/2014\/06\/Imagem-40-dias-150x50.jpg 150w\" sizes=\"auto, (max-width: 300px) 100vw, 300px\" \/><\/a><strong><span style=\"color: #749b00;\">DIA 8<\/span><\/strong><\/p>\n<p><strong>&#8220;Ore pelas mobiliza\u00e7\u00f5es de sensibiliza\u00e7\u00e3o e prote\u00e7\u00e3o do Bola na Rede em Salvador, Cuiab\u00e1 e Natal.&#8221;<\/strong><\/p>\n<p>&nbsp;<\/p>\n<p>Junte-se a n\u00f3s\u00a0para receber motivos de ora\u00e7\u00e3o diariamente, inscreva-se\u00a0<a href=\"http:\/\/www.redemaosdadas.org\/mutirao-mundial-de-oracao\/mutirao-mundial-de-oracao-2014\/40-dias-de-oracao\/inscreva-se\/\" target=\"_blank\">aqui<\/a>.<\/p>\n<p>Para baixar o guia com a lista completa dos 40 pedidos, (<a href=\"http:\/\/www.redemaosdadas.org\/40-dias-de-oracao-pelas-criancas-na-copa\/\" target=\"_blank\">clique aqui!<\/a>)<\/p>\n<p>&nbsp;<\/p>\n","protected":false},"excerpt":{"rendered":"<p>DIA 8 &#8220;Ore pelas mobiliza\u00e7\u00f5es de sensibiliza\u00e7\u00e3o e prote\u00e7\u00e3o do Bola na Rede em Salvador, Cuiab\u00e1 e Natal.&#8221; &nbsp; Junte-se a n\u00f3s\u00a0para receber motivos de ora\u00e7\u00e3o diariamente, inscreva-se\u00a0aqui. Para baixar o guia com a lista completa dos 40 pedidos, (clique aqui!) &nbsp;<\/p>\n","protected":false},"author":33,"featured_media":0,"comment_status":"open","ping_status":"open","sticky":false,"template":"","format":"standard","meta":{"ngg_post_thumbnail":0,"footnotes":""},"categories":[15786],"tags":[19621,17258,124],"class_list":["post-3826","post","type-post","status-publish","format-standard","hentry","category-em-pauta","tag-40-dias-de-oracao-pelas-criancas-na-copa","tag-copa-do-mundo","tag-oracao"],"_links":{"self":[{"href":"https:\/\/ultimato.com.br\/sites\/maosdadas\/wp-json\/wp\/v2\/posts\/3826","targetHints":{"allow":["GET"]}}],"collection":[{"href":"https:\/\/ultimato.com.br\/sites\/maosdadas\/wp-json\/wp\/v2\/posts"}],"about":[{"href":"https:\/\/ultimato.com.br\/sites\/maosdadas\/wp-json\/wp\/v2\/types\/post"}],"author":[{"embeddable":true,"href":"https:\/\/ultimato.com.br\/sites\/maosdadas\/wp-json\/wp\/v2\/users\/33"}],"replies":[{"embeddable":true,"href":"https:\/\/ultimato.com.br\/sites\/maosdadas\/wp-json\/wp\/v2\/comments?post=3826"}],"version-history":[{"count":4,"href":"https:\/\/ultimato.com.br\/sites\/maosdadas\/wp-json\/wp\/v2\/posts\/3826\/revisions"}],"predecessor-version":[{"id":3830,"href":"https:\/\/ultimato.com.br\/sites\/maosdadas\/wp-json\/wp\/v2\/posts\/3826\/revisions\/3830"}],"wp:attachment":[{"href":"https:\/\/ultimato.com.br\/sites\/maosdadas\/wp-json\/wp\/v2\/media?parent=3826"}],"wp:term":[{"taxonomy":"category","embeddable":true,"href":"https:\/\/ultimato.com.br\/sites\/maosdadas\/wp-json\/wp\/v2\/categories?post=3826"},{"taxonomy":"post_tag","embeddable":true,"href":"https:\/\/ultimato.com.br\/sites\/maosdadas\/wp-json\/wp\/v2\/tags?post=3826"}],"curies":[{"name":"wp","href":"https:\/\/api.w.org\/{rel}","templated":true}]}}