{"id":3808,"date":"2014-06-11T12:59:52","date_gmt":"2014-06-11T15:59:52","guid":{"rendered":"http:\/\/ultimato.com.br\/sites\/maosdadas\/?p=3808"},"modified":"2014-06-11T12:59:52","modified_gmt":"2014-06-11T15:59:52","slug":"a-ciranda-do-bem-e-o-fator-mardoqueu","status":"publish","type":"post","link":"https:\/\/ultimato.com.br\/sites\/maosdadas\/2014\/06\/11\/a-ciranda-do-bem-e-o-fator-mardoqueu\/","title":{"rendered":"A ciranda do bem e o fator Mardoqueu"},"content":{"rendered":"<p>&nbsp;<\/p>\n<h6><a href=\"http:\/\/ultimato.com.br\/sites\/maosdadas\/files\/2014\/06\/Imagem-40-dias.jpg\" class=\"lightview\" data-lightview-group=\"group-3808\" data-lightview-options=\"skin: 'dark', controls: 'relative', padding: '10', shadow: { color: '#000000', opacity: 0.08, blur: 3 }\"><img loading=\"lazy\" decoding=\"async\" class=\"size-full wp-image-3780 alignleft\" alt=\"Imagem 40 dias\" src=\"http:\/\/ultimato.com.br\/sites\/maosdadas\/files\/2014\/06\/Imagem-40-dias.jpg\" width=\"300\" height=\"100\" srcset=\"https:\/\/ultimato.com.br\/sites\/maosdadas\/files\/2014\/06\/Imagem-40-dias.jpg 300w, https:\/\/ultimato.com.br\/sites\/maosdadas\/files\/2014\/06\/Imagem-40-dias-150x50.jpg 150w\" sizes=\"auto, (max-width: 300px) 100vw, 300px\" \/><\/a><strong><span style=\"color: #6e9200;\">Dia 6<\/span><\/strong><\/h6>\n<blockquote><p>Ore para que as pessoas denunciem qualquer suspeita de explora\u00e7\u00e3o sexual , que o disque 100 e demais \u00f3rg\u00e3os p\u00fablicos possam cumprir sua miss\u00e3o.<\/p><\/blockquote>\n<p>Junte-se a n\u00f3s\u00a0para receber motivos de ora\u00e7\u00e3o diariamente, inscreva-se\u00a0<a href=\"http:\/\/www.redemaosdadas.org\/mutirao-mundial-de-oracao\/mutirao-mundial-de-oracao-2014\/40-dias-de-oracao\/inscreva-se\/\" target=\"_blank\">aqui<\/a>.<\/p>\n<p>Para baixar o guia com a lista completa dos 40 pedidos, (<a href=\"http:\/\/www.redemaosdadas.org\/40-dias-de-oracao-pelas-criancas-na-copa\/\" target=\"_blank\">clique aqui!<\/a>)<\/p>\n<p><span style=\"color: #6e9200;\">_ _ _\u00a0_ _ _ _\u00a0_ _ _ _\u00a0_ _ _ _\u00a0_ _ _ _\u00a0_ _ _ _\u00a0_ _ _ _\u00a0_ _ _ _\u00a0_ _ _\u00a0_ _ _ _\u00a0_ _ _ _\u00a0_ _ _ _\u00a0_ _ _ _\u00a0_<\/span><\/p>\n<p><em>Por Elsie Gilbert<\/em><\/p>\n<p><strong><a href=\"http:\/\/ultimato.com.br\/sites\/maosdadas\/files\/2014\/06\/Capa_A_Ciranda.jpg\" class=\"lightview\" data-lightview-group=\"group-3808\" data-lightview-options=\"skin: 'dark', controls: 'relative', padding: '10', shadow: { color: '#000000', opacity: 0.08, blur: 3 }\"><img loading=\"lazy\" decoding=\"async\" class=\"size-full wp-image-3809 alignleft\" alt=\"Capa_A_Ciranda\" src=\"http:\/\/ultimato.com.br\/sites\/maosdadas\/files\/2014\/06\/Capa_A_Ciranda.jpg\" width=\"220\" height=\"160\" srcset=\"https:\/\/ultimato.com.br\/sites\/maosdadas\/files\/2014\/06\/Capa_A_Ciranda.jpg 220w, https:\/\/ultimato.com.br\/sites\/maosdadas\/files\/2014\/06\/Capa_A_Ciranda-150x109.jpg 150w\" sizes=\"auto, (max-width: 220px) 100vw, 220px\" \/><\/a>O que \u00e9 o fator Mardoqueu?<br \/>\n<\/strong>Nos meus tempos de faculdade, preocupada com a a\u00e7\u00e3o crist\u00e3 na sociedade, um mentor me orientou: \u201cProcure exercer o fator Mardoqueu!\u201d. O conselho veio de Rubem Amorese, consultor parlamentar, hoje articulista da revista\u00a0<a href=\"http:\/\/ultimato.com.br\/\" target=\"_blank\">Ultimato<em>\u00a0<\/em><\/a>e um grande pensador.<\/p>\n<p>Rubem me explicou que se Mardoqueu n\u00e3o tivesse ficado de olhos e ouvidos atentos, nos port\u00f5es do pal\u00e1cio do rei Assuero, e n\u00e3o fosse comprometido com tudo que \u00e9 bom e correto, n\u00e3o teria ficado ciente de uma conspira\u00e7\u00e3o contra a vida do rei. N\u00e3o teria informado sua afilhada Ester, a nova rainha, que por sua vez n\u00e3o teria avisado o rei do perigo que corria. A informa\u00e7\u00e3o chegou aos ouvidos do rei em tempo e sua vida foi salva.<!--more--><\/p>\n<p><strong>O fator Mardoqueu acaba em dan\u00e7a<\/strong><br \/>\nMais \u00e0 frente no relato encontrado no livro de Ester, Mardoqueu volta a ser o her\u00f3i. Foi por meio de sua atua\u00e7\u00e3o que a rainha Ester desmascarou o plano do poderoso Ham\u00e3 de organizar um genoc\u00eddio contra o povo judeu. Mardoqueu ficou sabendo da trama, fez um plano, e levou a rainha a agir e todo o seu povo a orar e a se preparar para se defender. Fico imaginando a festa nas vilas judaicas espalhadas pelo imp\u00e9rio persa, quando os judeus triunfaram (Et 8.17; 9.18): dan\u00e7as, brincadeiras de roda, alegria e louvores a Deus.<\/p>\n<p>Rubem dizia que muitas vezes a pessoa bem intencionada, ocupando uma posi\u00e7\u00e3o de poder, n\u00e3o tem a informa\u00e7\u00e3o sobre a real situa\u00e7\u00e3o do seu povo, e, portanto, pouco faz em seu favor. \u00c9 necess\u00e1rio Mardoqueus, atuando em todas as estruturas de poder e na sociedade em geral conectando, interagindo e proporcionando com isto possibilidades reais de transforma\u00e7\u00e3o. \u00c9 Deus quem atua, e ele escolhe nos usar como elos.<\/p>\n<p>Mardoqueu era apenas um elo, um membro sem grandes poderes pol\u00edticos na \u201cciranda do bem\u201d. Mas porque foi fiel, e fez a sua parte na hora certa, ele acabou evitando um genoc\u00eddio. \u00c9 um conceito muito simples, repetido em muitas hist\u00f3rias na B\u00edblia, mas que exige muita coragem e fidelidade de cada um. Mesmo uma pessoa aparentemente sem import\u00e2ncia, como a escrava de Naam\u00e3 (2 Reis 5), pode conquistar grandes vit\u00f3rias, porque ela est\u00e1 ligada ao grande e poderoso Rei. Cada vit\u00f3ria nos faz querer brincar de roda novamente.<\/p>\n<p><strong>A ciranda do bem na vida de Anderson<br \/>\n<\/strong>At\u00e9 os 14 anos de idade, s\u00f3 a \u201ccorrente do mal\u201d tinha prevalecido na vida de Anderson. Aos sete foi expulso de todas as escolas de sua cidade. Aos 9 sua m\u00e3e o abandonara deixando-o com o pai. O menino a viu no ponto de \u00f4nibus e decidiu segui-la at\u00e9 a rodovi\u00e1ria de Goi\u00e2nia. Ela subiu no \u00f4nibus para S\u00e3o Paulo e nunca mais voltou. O menino chorou por tr\u00eas dias. Dos 9 aos 14 anos, Anderson fugiu de casa e foi viver nas ruas de Goi\u00e2nia, aprendendo a usar drogas e os passos iniciais do crime.<\/p>\n<p>Mas aos 14, ele pediu ajuda a Luciana do SOS crian\u00e7a, uma \u201cMardoqueu\u201d, que trabalhava em Goi\u00e2nia com olhos e ouvidos atentos, e por meio dessa pessoa foi parar na Miss\u00e3o Resgate. Foi l\u00e1 que conheceu outra especialista no fator Mardoqueu: Alison Worrall, mission\u00e1ria inglesa, trabalhando em miss\u00e3o integral no Brasil. E foi l\u00e1 tamb\u00e9m que ele conheceu o povo de Deus. O primeiro grande desafio de Alison foi conquistar a confian\u00e7a de Anderson. Depois ela se encarregou de abrir muitas portas para o rapaz. A maior foi facilitar o entrosamento de Anderson na Igreja Crist\u00e3 Evang\u00e9lica do Novo Horizonte.<\/p>\n<p>Anderson acabou tendo em Alison uma irm\u00e3 mais velha e, na igreja, sua grande fam\u00edlia. Aos 18 anos, era necess\u00e1rio sair da Miss\u00e3o Resgate, o que n\u00e3o foi problema porque Andr\u00e9 e Am\u00e9lia, um casal da igreja, o acolheu em sua casa. At\u00e9 casar, Anderson foi de alguma forma acolhido pelo pessoal da igreja. E n\u00e3o deixou de receber este apoio ap\u00f3s o casamento. Hoje ele \u00e9 mec\u00e2nico, casado com Pamela, e pai orgulhoso da pequena Ester!<\/p>\n<div id=\"attachment_3810\" style=\"width: 280px\" class=\"wp-caption alignright\"><a href=\"http:\/\/ultimato.com.br\/sites\/maosdadas\/files\/2014\/06\/Capa_A_Ciranda_Anderson-300x225.jpg\" class=\"lightview\" data-lightview-group=\"group-3808\" data-lightview-options=\"skin: 'dark', controls: 'relative', padding: '10', shadow: { color: '#000000', opacity: 0.08, blur: 3 }\" data-lightview-title=\"Arquivo Pessoal\"><img loading=\"lazy\" decoding=\"async\" aria-describedby=\"caption-attachment-3810\" class=\" wp-image-3810 \" title=\"Arquivo Pessoal\" alt=\"Capa_A_Ciranda_Anderson-300x225\" src=\"http:\/\/ultimato.com.br\/sites\/maosdadas\/files\/2014\/06\/Capa_A_Ciranda_Anderson-300x225.jpg\" width=\"270\" height=\"203\" srcset=\"https:\/\/ultimato.com.br\/sites\/maosdadas\/files\/2014\/06\/Capa_A_Ciranda_Anderson-300x225.jpg 300w, https:\/\/ultimato.com.br\/sites\/maosdadas\/files\/2014\/06\/Capa_A_Ciranda_Anderson-300x225-150x112.jpg 150w\" sizes=\"auto, (max-width: 270px) 100vw, 270px\" \/><\/a><p id=\"caption-attachment-3810\" class=\"wp-caption-text\">Anderson com o pai, a av\u00f3 e a filha: salvo pela ciranda do bem<\/p><\/div>\n<p>A ciranda do bem n\u00e3o p\u00e1ra. Pensando apenas nas a\u00e7\u00f5es das\u00a0organiza\u00e7\u00f5es filiadas\u00a0\u00e0 Rede M\u00e3os Dadas, s\u00e3o milhares de iniciativas di\u00e1rias, levadas a cabo por milhares de Mardoqueus (3.200 pessoas que trabalham ou prestam servi\u00e7os volunt\u00e1rios \u00e0s nossas organiza\u00e7\u00f5es parceiras constam nos nossos cadastros).<\/p>\n<p>H\u00e1 todo tipo de atua\u00e7\u00e3o. Algumas s\u00e3o comuns, mas n\u00e3o menos importantes, como as refei\u00e7\u00f5es preparadas com muito carinho por cozinheiras como a Sulamita, da\u00a0<a href=\"http:\/\/www.maosdadas.org\/?pg=paginas&amp;registro=14&amp;util=1#caf\" target=\"_self\">Casa Filad\u00e9lfia\u00a0<\/a>em S\u00e3o Paulo, ou banhos carinhosos dados por adolescentes em beb\u00eas como Lucas.* Com apenas um m\u00eas de vida Lucas foi achado todo machucado por mordidas dos pais; ele foi levado ao hospital e posteriormente \u00e0\u00a0<a href=\"http:\/\/www.maosdadas.org\/?pg=paginas&amp;registro=14&amp;util=1#refugio\" target=\"_self\">Associa\u00e7\u00e3o Ref\u00fagio<\/a>, em Sorocaba, SP.<\/p>\n<p>H\u00e1 a\u00e7\u00f5es no \u00e2mbito da defesa dos direitos como as do\u00a0<a href=\"http:\/\/www.maosdadas.org\/?pg=paginas&amp;registro=14&amp;util=1#cecovi\" target=\"_self\">Centro de Combate \u00e0 Viol\u00eancia Infantil\u00a0<\/a>(CECOVI), que luta para fazer com que a lei n\u00e3o fique apenas no papel. Foi por meio da atua\u00e7\u00e3o dos advogados do CECOVI em Natal, RN, que Clara* foi liberta de uma m\u00e3e cuja obsess\u00e3o era tortur\u00e1-la. Mesmo depois de dois anos de deten\u00e7\u00e3o, a m\u00e3e, ainda em liberdade condicional, voltou a procurar a filha, amea\u00e7ando-a. O CECOVI n\u00e3o esperou o pior acontecer, denunciou a m\u00e3e ao juiz e garantiu que a filha fosse protegida de forma permanente.<\/p>\n<p>H\u00e1 a\u00e7\u00f5es estrat\u00e9gicas que cobram dos governantes e legisladores atitudes em favor da crian\u00e7a e do adolescente como v\u00e1rias iniciativas da\u00a0<a href=\"http:\/\/www.maosdadas.org\/?pg=paginas&amp;registro=14&amp;util=1#visao%20mundial\" target=\"_self\">Vis\u00e3o Mundial\u00a0<\/a>e\u00a0<a href=\"http:\/\/www.maosdadas.org\/?pg=paginas&amp;registro=14&amp;util=1#knh\" target=\"_self\">Kindernothilfe\u00a0<\/a>(KNH). H\u00e1 a\u00e7\u00f5es que transformam nossa cultura para que ela valorize a pessoa humana, e veja nela o reflexo de Deus (como o Claves e Teologia da Crian\u00e7a). H\u00e1 Mardoqueus brasileiros espalhados por todos os cantos do Brasil, e at\u00e9 servindo em outros pa\u00edses. Nas aldeias ind\u00edgenas (como a\u00a0<a href=\"http:\/\/www.maosdadas.org\/?pg=paginas&amp;registro=14&amp;util=1#Atini\" target=\"_self\">ATINI<\/a>), nas favelas do Rio de Janeiro (como o\u00a0<a href=\"http:\/\/www.maosdadas.org\/?pg=paginas&amp;registro=14&amp;util=1#exercito\" target=\"_self\">Ex\u00e9rcito de Salva\u00e7\u00e3o<\/a>), na Cracol\u00e2ndia em S\u00e3o Paulo e no sistema de deten\u00e7\u00e3o juvenil (como o\u00a0<a href=\"http:\/\/www.maosdadas.org\/?pg=paginas&amp;registro=14&amp;util=1#mjeame\" target=\"_self\">Minist\u00e9rio JEAME<\/a>), no sert\u00e3o nordestino (como a\u00a0<a href=\"http:\/\/www.maosdadas.org\/?pg=paginas&amp;registro=14&amp;util=1#acev\" target=\"_self\">ACEV Social<\/a>), no sul do pa\u00eds (como a\u00a0<a href=\"http:\/\/www.maosdadas.org\/?pg=paginas&amp;registro=14&amp;util=1#Ir_Betania\" target=\"_self\">Casa Bet\u00e2nia<\/a>), na \u00c1frica (como o\u00a0<a href=\"http:\/\/www.maosdadas.org\/?pg=paginas&amp;registro=14&amp;util=1#Proj-Calcada\" target=\"_self\">Projeto Cal\u00e7ada\u00a0<\/a>e o\u00a0<a href=\"http:\/\/www.maosdadas.org\/?pg=paginas&amp;registro=14&amp;util=1#PEPE1\" target=\"_self\">PEPE Network<\/a>), e em tantos outros lugares v\u00ea-se o mover de uma ciranda, guiada pelo som e ritmo do Esp\u00edrito Santo de Deus!<\/p>\n<p><strong>Os segredos do fator Mardoqueu<\/strong><br \/>\nRubem n\u00e3o revelou todos os segredos do fator Mardoqueu em uma s\u00f3 conversa. Ele n\u00e3o contou como este fator \u00e9 contagiante. Pessoas cujas vidas foram restauradas pelo trabalho desconhecido de um Mardoqueu gostam do seu exemplo e passam a se empenhar para que o mesmo aconte\u00e7a com outros. A primeira atitude do Anderson ao chegar \u00e0 maioridade foi procurar sua m\u00e3e em uma favela em Cubat\u00e3o para abra\u00e7\u00e1-la e buscar a reconcilia\u00e7\u00e3o. E a cada vit\u00f3ria\u2026 dan\u00e7as, tamborins, alegria.<\/p>\n<p>Outro segredo \u00e9 que o pr\u00f3prio Deus nos coloca nos port\u00f5es e ruas da cidade e orquestra todo o mover do seu povo. A ciranda do bem n\u00e3o pode parar porque enquanto houver crian\u00e7as sofrendo as conseq\u00fc\u00eancias dos pecados dos seus pais e de seu povo, Deus vai continuar levantando homens e mulheres para quebrar as correntes do mal!<\/p>\n<p>Voc\u00ea j\u00e1 est\u00e1 na ciranda do bem? E a sua igreja local? Ela j\u00e1 aceitou o desafio de entrar de verdade na roda? Ela \u00e9 um lugar de acolhimento, que distribui olhares, toques e abra\u00e7os parecidos com os de Jesus? Se sua congrega\u00e7\u00e3o ainda n\u00e3o acordou para essa grande miss\u00e3o, cabe a voc\u00ea se tornar o Mardoqueu dessa hist\u00f3ria, mesmo que seja preciso arriscar o pesco\u00e7o!<\/p>\n<p>_ _ _ _\u00a0_ _ _ _\u00a0_ _ _ _\u00a0_ _ _ _\u00a0_ _ _ _\u00a0_ _ _ _\u00a0_ _ _ _\u00a0_ _ _ _\u00a0_ _ _ _\u00a0_ _ _ _\u00a0_ _ _ _\u00a0_ _ _ _\u00a0_ _ _ _\u00a0_ _ _ _<\/p>\n<p><em>Artigo publicado originalmente na\u00a0<a href=\"http:\/\/www.redemaosdadas.org\/maos-dadas\/ed-23-ciranda-do-bem-o-melhor-antidoto-para-a-corrente-do-mal\/\" target=\"_blank\">Revista M\u00e3os Dadas, Edi\u00e7\u00e3o 23<\/a>.<br \/>\n<\/em><\/p>\n","protected":false},"excerpt":{"rendered":"<p>&nbsp; Dia 6 Ore para que as pessoas denunciem qualquer suspeita de explora\u00e7\u00e3o sexual , que o disque 100 e demais \u00f3rg\u00e3os p\u00fablicos possam cumprir sua miss\u00e3o. Junte-se a n\u00f3s\u00a0para receber motivos de ora\u00e7\u00e3o diariamente, inscreva-se\u00a0aqui. Para baixar o guia com a lista completa dos 40 pedidos, (clique aqui!) _ _ _\u00a0_ _ _ _\u00a0_ [&hellip;]<\/p>\n","protected":false},"author":33,"featured_media":0,"comment_status":"open","ping_status":"open","sticky":false,"template":"","format":"standard","meta":{"ngg_post_thumbnail":0,"footnotes":""},"categories":[15786],"tags":[19621,19622,19623,17258,19523,15880],"class_list":["post-3808","post","type-post","status-publish","format-standard","hentry","category-em-pauta","tag-40-dias-de-oracao-pelas-criancas-na-copa","tag-a-ciranda-do-bem-e-o-fator-mardoqueu","tag-ciranda-do-bem","tag-copa-do-mundo","tag-elsie-gilbert","tag-revista-maos-dadas"],"_links":{"self":[{"href":"https:\/\/ultimato.com.br\/sites\/maosdadas\/wp-json\/wp\/v2\/posts\/3808","targetHints":{"allow":["GET"]}}],"collection":[{"href":"https:\/\/ultimato.com.br\/sites\/maosdadas\/wp-json\/wp\/v2\/posts"}],"about":[{"href":"https:\/\/ultimato.com.br\/sites\/maosdadas\/wp-json\/wp\/v2\/types\/post"}],"author":[{"embeddable":true,"href":"https:\/\/ultimato.com.br\/sites\/maosdadas\/wp-json\/wp\/v2\/users\/33"}],"replies":[{"embeddable":true,"href":"https:\/\/ultimato.com.br\/sites\/maosdadas\/wp-json\/wp\/v2\/comments?post=3808"}],"version-history":[{"count":4,"href":"https:\/\/ultimato.com.br\/sites\/maosdadas\/wp-json\/wp\/v2\/posts\/3808\/revisions"}],"predecessor-version":[{"id":3814,"href":"https:\/\/ultimato.com.br\/sites\/maosdadas\/wp-json\/wp\/v2\/posts\/3808\/revisions\/3814"}],"wp:attachment":[{"href":"https:\/\/ultimato.com.br\/sites\/maosdadas\/wp-json\/wp\/v2\/media?parent=3808"}],"wp:term":[{"taxonomy":"category","embeddable":true,"href":"https:\/\/ultimato.com.br\/sites\/maosdadas\/wp-json\/wp\/v2\/categories?post=3808"},{"taxonomy":"post_tag","embeddable":true,"href":"https:\/\/ultimato.com.br\/sites\/maosdadas\/wp-json\/wp\/v2\/tags?post=3808"}],"curies":[{"name":"wp","href":"https:\/\/api.w.org\/{rel}","templated":true}]}}