{"id":3795,"date":"2014-06-10T13:07:10","date_gmt":"2014-06-10T16:07:10","guid":{"rendered":"http:\/\/ultimato.com.br\/sites\/maosdadas\/?p=3795"},"modified":"2014-06-10T13:08:16","modified_gmt":"2014-06-10T16:08:16","slug":"40-dias-de-oracao-pelas-criancas-na-copa-dia-4","status":"publish","type":"post","link":"https:\/\/ultimato.com.br\/sites\/maosdadas\/2014\/06\/10\/40-dias-de-oracao-pelas-criancas-na-copa-dia-4\/","title":{"rendered":"40 Dias de Ora\u00e7\u00e3o pelas Crian\u00e7as na Copa &#8211; Dia 4"},"content":{"rendered":"<p><a href=\"http:\/\/ultimato.com.br\/sites\/maosdadas\/files\/2014\/06\/Imagem-40-dias.jpg\" class=\"lightview\" data-lightview-group=\"group-3795\" data-lightview-options=\"skin: 'dark', controls: 'relative', padding: '10', shadow: { color: '#000000', opacity: 0.08, blur: 3 }\"><img loading=\"lazy\" decoding=\"async\" class=\"alignleft size-full wp-image-3780\" alt=\"Imagem 40 dias\" src=\"http:\/\/ultimato.com.br\/sites\/maosdadas\/files\/2014\/06\/Imagem-40-dias.jpg\" width=\"300\" height=\"100\" srcset=\"https:\/\/ultimato.com.br\/sites\/maosdadas\/files\/2014\/06\/Imagem-40-dias.jpg 300w, https:\/\/ultimato.com.br\/sites\/maosdadas\/files\/2014\/06\/Imagem-40-dias-150x50.jpg 150w\" sizes=\"auto, (max-width: 300px) 100vw, 300px\" \/><\/a><\/p>\n<h6><strong><span style=\"color: #7aa300;\">DIA 4:<\/span><\/strong><\/h6>\n<blockquote><p>Ore por prote\u00e7\u00e3o de crian\u00e7as em situa\u00e7\u00e3o de rua, durante a Copa.<\/p><\/blockquote>\n<p>Junte-se a n\u00f3s\u00a0para receber motivos de ora\u00e7\u00e3o diariamente, inscreva-se\u00a0<a href=\"http:\/\/www.redemaosdadas.org\/mutirao-mundial-de-oracao\/mutirao-mundial-de-oracao-2014\/40-dias-de-oracao\/inscreva-se\/\" target=\"_blank\">aqui<\/a>.<\/p>\n","protected":false},"excerpt":{"rendered":"<p>DIA 4: Ore por prote\u00e7\u00e3o de crian\u00e7as em situa\u00e7\u00e3o de rua, durante a Copa. Junte-se a n\u00f3s\u00a0para receber motivos de ora\u00e7\u00e3o diariamente, inscreva-se\u00a0aqui.<\/p>\n","protected":false},"author":33,"featured_media":0,"comment_status":"open","ping_status":"open","sticky":false,"template":"","format":"standard","meta":{"ngg_post_thumbnail":0,"footnotes":""},"categories":[15786],"tags":[19621,17258,15,124],"class_list":["post-3795","post","type-post","status-publish","format-standard","hentry","category-em-pauta","tag-40-dias-de-oracao-pelas-criancas-na-copa","tag-copa-do-mundo","tag-criancas","tag-oracao"],"_links":{"self":[{"href":"https:\/\/ultimato.com.br\/sites\/maosdadas\/wp-json\/wp\/v2\/posts\/3795","targetHints":{"allow":["GET"]}}],"collection":[{"href":"https:\/\/ultimato.com.br\/sites\/maosdadas\/wp-json\/wp\/v2\/posts"}],"about":[{"href":"https:\/\/ultimato.com.br\/sites\/maosdadas\/wp-json\/wp\/v2\/types\/post"}],"author":[{"embeddable":true,"href":"https:\/\/ultimato.com.br\/sites\/maosdadas\/wp-json\/wp\/v2\/users\/33"}],"replies":[{"embeddable":true,"href":"https:\/\/ultimato.com.br\/sites\/maosdadas\/wp-json\/wp\/v2\/comments?post=3795"}],"version-history":[{"count":5,"href":"https:\/\/ultimato.com.br\/sites\/maosdadas\/wp-json\/wp\/v2\/posts\/3795\/revisions"}],"predecessor-version":[{"id":3803,"href":"https:\/\/ultimato.com.br\/sites\/maosdadas\/wp-json\/wp\/v2\/posts\/3795\/revisions\/3803"}],"wp:attachment":[{"href":"https:\/\/ultimato.com.br\/sites\/maosdadas\/wp-json\/wp\/v2\/media?parent=3795"}],"wp:term":[{"taxonomy":"category","embeddable":true,"href":"https:\/\/ultimato.com.br\/sites\/maosdadas\/wp-json\/wp\/v2\/categories?post=3795"},{"taxonomy":"post_tag","embeddable":true,"href":"https:\/\/ultimato.com.br\/sites\/maosdadas\/wp-json\/wp\/v2\/tags?post=3795"}],"curies":[{"name":"wp","href":"https:\/\/api.w.org\/{rel}","templated":true}]}}