{"id":3758,"date":"2014-06-04T16:33:29","date_gmt":"2014-06-04T19:33:29","guid":{"rendered":"http:\/\/ultimato.com.br\/sites\/maosdadas\/?p=3758"},"modified":"2014-06-04T16:47:19","modified_gmt":"2014-06-04T19:47:19","slug":"intercessao-nas-palavras-de-alguns-de-nossos-mestres-3","status":"publish","type":"post","link":"https:\/\/ultimato.com.br\/sites\/maosdadas\/2014\/06\/04\/intercessao-nas-palavras-de-alguns-de-nossos-mestres-3\/","title":{"rendered":"Intercess\u00e3o nas palavras de alguns de nossos mestres\u2026 (3)"},"content":{"rendered":"<p><b><a href=\"http:\/\/ultimato.com.br\/sites\/maosdadas\/files\/2014\/06\/post-pascoa.jpg\" class=\"lightview\" data-lightview-group=\"group-3758\" data-lightview-options=\"skin: 'dark', controls: 'relative', padding: '10', shadow: { color: '#000000', opacity: 0.08, blur: 3 }\"><img loading=\"lazy\" decoding=\"async\" class=\"size-medium wp-image-3764 alignright\" alt=\"post-pascoa\" src=\"http:\/\/ultimato.com.br\/sites\/maosdadas\/files\/2014\/06\/post-pascoa-259x300.jpg\" width=\"259\" height=\"300\" srcset=\"https:\/\/ultimato.com.br\/sites\/maosdadas\/files\/2014\/06\/post-pascoa-259x300.jpg 259w, https:\/\/ultimato.com.br\/sites\/maosdadas\/files\/2014\/06\/post-pascoa-129x150.jpg 129w, https:\/\/ultimato.com.br\/sites\/maosdadas\/files\/2014\/06\/post-pascoa.jpg 319w\" sizes=\"auto, (max-width: 259px) 100vw, 259px\" \/><\/a><\/b><\/p>\n<p>&nbsp;<\/p>\n<p><b>N. T. Wright fala sobre intercess\u00e3o pelas coisas \u201cpequenas\u201d:<\/b><\/p>\n<blockquote><p>Intercess\u00e3o pelo mundo que geme como em dores de parto n\u00e3o \u00e9, ent\u00e3o, uma op\u00e7\u00e3o para o crist\u00e3o. E neste contexto, intercess\u00e3o pelas \u00e1reas de sua pr\u00f3pria vida que n\u00e3o v\u00e3o bem, n\u00e3o deve ser menosprezada tamb\u00e9m. H\u00e1 uma falsa humildade em alguns protestos contra este tipo de intercess\u00e3o, desmerecendo-a como trivial e egoc\u00eantrica. Ao contr\u00e1rio: os gemidos de cada indiv\u00edduo\u2014situado entre a reden\u00e7\u00e3o conquistada por Jesus e a reden\u00e7\u00e3o que ainda esperamos (Rom 8.23)\u2014s\u00e3o parte da cria\u00e7\u00e3o que geme. Desde que a pessoa n\u00e3o imagine que o mundo e que o amor de Deus revolvem em volta de sua pr\u00f3pria vida e preocupa\u00e7\u00f5es, (&#8230;) suas preocupa\u00e7\u00f5es t\u00eam sim um lugar apropriado, e podem de fato ser o come\u00e7o de uma consci\u00eancia maior e, por conseguinte de mais intercess\u00e3o, a respeito dos gemidos de todo o cosmos. S\u00f3 porque n\u00e3o devemos ser egoc\u00eantricos, isto n\u00e3o quer dizer que devamos ignorar o eu e as suas preocupa\u00e7\u00f5es. Se somos filhos amados de Deus, nossas pequenas, assim como as grandes preocupa\u00e7\u00f5es, s\u00e3o importantes.<\/p>\n<p>N.T. Wright, \u201cRomans,\u201d no\u00a0<em>The New Interpreter\u2019s Bible Vol. X<\/em>, ed. Leander Keck (Nashville: Abingdon, 2002), 607.<\/p><\/blockquote>\n<p>&nbsp;<\/p>\n<p>Em anos anteriores do Mutir\u00e3o Mundial de Ora\u00e7\u00e3o oferecemos dicas de ora\u00e7\u00e3o para que as crian\u00e7as pudessem orar em suas igrejas. Aqui est\u00e1 uma delas:<\/p>\n<p><span style=\"color: #808000;\"><strong>Ora\u00e7\u00e3o 50\/50.<\/strong><\/span> Fale para a crian\u00e7a orar por algo que a incomoda &#8211; sa\u00fade, falta de emprego do pai, brigas em casa, problemas na escola, etc. Esta \u00e9 a primeira metade da ora\u00e7\u00e3o. Depois pe\u00e7a para ela doar a outra metade da ora\u00e7\u00e3o como um presente para algu\u00e9m que tenha o mesmo problema que ela.<\/p>\n<p>_ _ _ _ _ _ _\u00a0_ _ _ _ _ _ _\u00a0_ _ _ _ _ _ _\u00a0_ _ _ _ _ _ _\u00a0_ _ _ _ _ _ _\u00a0_ _ _ _ _ _ _\u00a0_ _ _ _ _ _ _\u00a0_ _ _ _ _ _ _\u00a0_ _ _ _ _ _ _\u00a0_<\/p>\n<p>Para obter todas as dicas de ora\u00e7\u00e3o oferecidas, clique <a href=\"http:\/\/www.redemaosdadas.org\/engajando-as-criancas-em-oracao-consideracoes-e-ideias-praticas-sobre-como-levar-as-criancas-a-orar\/\" target=\"_blank\">aqui<\/a><\/p>\n","protected":false},"excerpt":{"rendered":"<p>&nbsp; N. T. Wright fala sobre intercess\u00e3o pelas coisas \u201cpequenas\u201d: Intercess\u00e3o pelo mundo que geme como em dores de parto n\u00e3o \u00e9, ent\u00e3o, uma op\u00e7\u00e3o para o crist\u00e3o. E neste contexto, intercess\u00e3o pelas \u00e1reas de sua pr\u00f3pria vida que n\u00e3o v\u00e3o bem, n\u00e3o deve ser menosprezada tamb\u00e9m. H\u00e1 uma falsa humildade em alguns protestos contra [&hellip;]<\/p>\n","protected":false},"author":33,"featured_media":0,"comment_status":"open","ping_status":"open","sticky":false,"template":"","format":"standard","meta":{"ngg_post_thumbnail":0,"footnotes":""},"categories":[15786],"tags":[15,19618,5642,17006,5785,124],"class_list":["post-3758","post","type-post","status-publish","format-standard","hentry","category-em-pauta","tag-criancas","tag-dicas-de-oracao","tag-intercessao","tag-mutirao-mundial-de-oracao","tag-n-t-wright","tag-oracao"],"_links":{"self":[{"href":"https:\/\/ultimato.com.br\/sites\/maosdadas\/wp-json\/wp\/v2\/posts\/3758","targetHints":{"allow":["GET"]}}],"collection":[{"href":"https:\/\/ultimato.com.br\/sites\/maosdadas\/wp-json\/wp\/v2\/posts"}],"about":[{"href":"https:\/\/ultimato.com.br\/sites\/maosdadas\/wp-json\/wp\/v2\/types\/post"}],"author":[{"embeddable":true,"href":"https:\/\/ultimato.com.br\/sites\/maosdadas\/wp-json\/wp\/v2\/users\/33"}],"replies":[{"embeddable":true,"href":"https:\/\/ultimato.com.br\/sites\/maosdadas\/wp-json\/wp\/v2\/comments?post=3758"}],"version-history":[{"count":11,"href":"https:\/\/ultimato.com.br\/sites\/maosdadas\/wp-json\/wp\/v2\/posts\/3758\/revisions"}],"predecessor-version":[{"id":3770,"href":"https:\/\/ultimato.com.br\/sites\/maosdadas\/wp-json\/wp\/v2\/posts\/3758\/revisions\/3770"}],"wp:attachment":[{"href":"https:\/\/ultimato.com.br\/sites\/maosdadas\/wp-json\/wp\/v2\/media?parent=3758"}],"wp:term":[{"taxonomy":"category","embeddable":true,"href":"https:\/\/ultimato.com.br\/sites\/maosdadas\/wp-json\/wp\/v2\/categories?post=3758"},{"taxonomy":"post_tag","embeddable":true,"href":"https:\/\/ultimato.com.br\/sites\/maosdadas\/wp-json\/wp\/v2\/tags?post=3758"}],"curies":[{"name":"wp","href":"https:\/\/api.w.org\/{rel}","templated":true}]}}