{"id":3740,"date":"2014-06-02T15:20:43","date_gmt":"2014-06-02T18:20:43","guid":{"rendered":"http:\/\/ultimato.com.br\/sites\/maosdadas\/?p=3740"},"modified":"2014-06-03T08:10:27","modified_gmt":"2014-06-03T11:10:27","slug":"intercessao-nas-palavras-de-alguns-de-nossos-mestres","status":"publish","type":"post","link":"https:\/\/ultimato.com.br\/sites\/maosdadas\/2014\/06\/02\/intercessao-nas-palavras-de-alguns-de-nossos-mestres\/","title":{"rendered":"Intercess\u00e3o nas palavras de alguns de nossos mestres\u2026"},"content":{"rendered":"<div id=\"attachment_3741\" style=\"width: 458px\" class=\"wp-caption aligncenter\"><a href=\"http:\/\/ultimato.com.br\/sites\/maosdadas\/files\/2014\/06\/fam\u00edlia.jpg\"><img loading=\"lazy\" decoding=\"async\" aria-describedby=\"caption-attachment-3741\" class=\"size-full wp-image-3741 \" alt=\"fam\u00edlia\" src=\"http:\/\/ultimato.com.br\/sites\/maosdadas\/files\/2014\/06\/fam\u00edlia.jpg\" width=\"448\" height=\"298\" srcset=\"https:\/\/ultimato.com.br\/sites\/maosdadas\/files\/2014\/06\/fam\u00edlia.jpg 448w, https:\/\/ultimato.com.br\/sites\/maosdadas\/files\/2014\/06\/fam\u00edlia-300x199.jpg 300w, https:\/\/ultimato.com.br\/sites\/maosdadas\/files\/2014\/06\/fam\u00edlia-150x99.jpg 150w\" sizes=\"auto, (max-width: 448px) 100vw, 448px\" \/><\/a><p id=\"caption-attachment-3741\" class=\"wp-caption-text\">O que uma comunidade amiga das crian\u00e7as pode oferecer para uma fam\u00edlia como esta? Ore por isto!<\/p><\/div>\n<p><span style=\"color: #808000;\"><strong>O Mutir\u00e3o Mundial de Ora\u00e7\u00e3o pelas Crian\u00e7as Socialmente Vulner\u00e1veis est\u00e1 chegando! Reunimos para esta semana cinco cita\u00e7\u00f5es de mestres conhecidos e respeitados por n\u00f3s. Leia a cita\u00e7\u00e3o e reflita sobre suas implica\u00e7\u00f5es na sua vida e miss\u00e3o como crist\u00e3o num mundo repleto de sofrimento. Lembre-se tamb\u00e9m que o tema do Mutir\u00e3o de Ora\u00e7\u00e3o deste ano \u00e9 &#8220;Comunidades Amigas das Crian\u00e7as&#8221;. De que forma a cita\u00e7\u00e3o abaixo se relaciona com este tema?<\/strong><\/span><\/p>\n<p><b>Corrie Ten Boon sobre nossa participa\u00e7\u00e3o na intercess\u00e3o:<\/b><\/p>\n<blockquote><p>\u201cNunca sabemos como Deus vai atender \u00e0s nossas ora\u00e7\u00f5es, mas podemos ter a expectativa de que ele vai nos envolver no seu plano de resposta. Como verdadeiros intercessores, precisamos estar prontos para participar ativamente do trabalho de Deus na vida daqueles pelos quais intercedemos.\u201d<br \/>\n\u2015\u00a0<a href=\"http:\/\/www.goodreads.com\/author\/show\/102203.Corrie_ten_Boom\">Corrie ten Boom<!--more--><\/a><\/p><\/blockquote>\n<p><a href=\"http:\/\/ultimato.com.br\/sites\/maosdadas\/files\/2014\/06\/corrie-ten-boon.jpg\" class=\"lightview\" data-lightview-group=\"group-3740\" data-lightview-options=\"skin: 'dark', controls: 'relative', padding: '10', shadow: { color: '#000000', opacity: 0.08, blur: 3 }\" data-lightview-title=\"Ravensbr\u00fcck\"><img loading=\"lazy\" decoding=\"async\" class=\"alignleft size-thumbnail wp-image-3743\" alt=\"corrie ten boon\" src=\"http:\/\/ultimato.com.br\/sites\/maosdadas\/files\/2014\/06\/corrie-ten-boon-150x150.jpg\" width=\"150\" height=\"150\" srcset=\"https:\/\/ultimato.com.br\/sites\/maosdadas\/files\/2014\/06\/corrie-ten-boon-150x150.jpg 150w, https:\/\/ultimato.com.br\/sites\/maosdadas\/files\/2014\/06\/corrie-ten-boon-64x64.jpg 64w\" sizes=\"auto, (max-width: 150px) 100vw, 150px\" \/><\/a>Corrie ten Boon (1892 &#8211; 1983) &#8211; foi uma holandesa que se colocou na linha de frente entre a persegui\u00e7\u00e3o nazista e os judeus por causa de suas convic\u00e7\u00f5es crist\u00e3s. Conseguiu salvar muitos judeus, abrigando-os em sua casa, e por isto, quando descoberta, foi levada para um campo de concentra\u00e7\u00e3o em <a title=\"Ravensbr\u00fcck\" href=\"http:\/\/pt.wikipedia.org\/wiki\/Ravensbr%C3%BCck\">Ravensbr\u00fcck<\/a>\u00a0na Alemanha. L\u00e1 ficou por seis meses. Durante este per\u00edodo dois membros de sua fam\u00edlia, tamb\u00e9m presos, morreram. Sua hist\u00f3ria \u00e9 narrada no livro &#8220;O Ref\u00fagio Secreto&#8221; e h\u00e1 tamb\u00e9m um filme. Ela \u00e9 um grande exemplo de algu\u00e9m que amou e se sacrificou pelos mais vulner\u00e1veis membros de sua comunidade.<\/p>\n<p>_ _ _ _ _\u00a0_ _ _ _ _\u00a0_ _ _ _ _\u00a0_ _ _ _ _\u00a0_ _ _ _ _\u00a0_ _ _ _ _\u00a0_ _ _ _ _\u00a0_ _ _ _ _\u00a0_ _ _ _ _\u00a0\u00a0_ _\u00a0_ _ _ _ _\u00a0\u00a0_ _\u00a0_ _ _ _ _\u00a0_ _ _<\/p>\n<p>Voc\u00ea pode encontrar mais informa\u00e7\u00f5es sobre o livro autobiogr\u00e1fico de Corrie ten Boon <a href=\"http:\/\/www.editorabetania.com.br\/produto\/2970424\/O-Refugio-Secreto\">aqui.<\/a>\u00a0Para ver o filme, clique<a href=\"http:\/\/www.youtube.com\/watch?v=wHc_jmRXsMU&amp;list=PLC7CC4037867A4B1B&amp;index=10\"> aqui<\/a>.<\/p>\n<p>&nbsp;<\/p>\n","protected":false},"excerpt":{"rendered":"<p>O Mutir\u00e3o Mundial de Ora\u00e7\u00e3o pelas Crian\u00e7as Socialmente Vulner\u00e1veis est\u00e1 chegando! Reunimos para esta semana cinco cita\u00e7\u00f5es de mestres conhecidos e respeitados por n\u00f3s. Leia a cita\u00e7\u00e3o e reflita sobre suas implica\u00e7\u00f5es na sua vida e miss\u00e3o como crist\u00e3o num mundo repleto de sofrimento. Lembre-se tamb\u00e9m que o tema do Mutir\u00e3o de Ora\u00e7\u00e3o deste ano [&hellip;]<\/p>\n","protected":false},"author":33,"featured_media":0,"comment_status":"open","ping_status":"open","sticky":false,"template":"","format":"standard","meta":{"ngg_post_thumbnail":0,"footnotes":""},"categories":[15786],"tags":[15,5444,5642,103,17006,124],"class_list":["post-3740","post","type-post","status-publish","format-standard","hentry","category-em-pauta","tag-criancas","tag-deus","tag-intercessao","tag-jesus","tag-mutirao-mundial-de-oracao","tag-oracao"],"_links":{"self":[{"href":"https:\/\/ultimato.com.br\/sites\/maosdadas\/wp-json\/wp\/v2\/posts\/3740","targetHints":{"allow":["GET"]}}],"collection":[{"href":"https:\/\/ultimato.com.br\/sites\/maosdadas\/wp-json\/wp\/v2\/posts"}],"about":[{"href":"https:\/\/ultimato.com.br\/sites\/maosdadas\/wp-json\/wp\/v2\/types\/post"}],"author":[{"embeddable":true,"href":"https:\/\/ultimato.com.br\/sites\/maosdadas\/wp-json\/wp\/v2\/users\/33"}],"replies":[{"embeddable":true,"href":"https:\/\/ultimato.com.br\/sites\/maosdadas\/wp-json\/wp\/v2\/comments?post=3740"}],"version-history":[{"count":4,"href":"https:\/\/ultimato.com.br\/sites\/maosdadas\/wp-json\/wp\/v2\/posts\/3740\/revisions"}],"predecessor-version":[{"id":3747,"href":"https:\/\/ultimato.com.br\/sites\/maosdadas\/wp-json\/wp\/v2\/posts\/3740\/revisions\/3747"}],"wp:attachment":[{"href":"https:\/\/ultimato.com.br\/sites\/maosdadas\/wp-json\/wp\/v2\/media?parent=3740"}],"wp:term":[{"taxonomy":"category","embeddable":true,"href":"https:\/\/ultimato.com.br\/sites\/maosdadas\/wp-json\/wp\/v2\/categories?post=3740"},{"taxonomy":"post_tag","embeddable":true,"href":"https:\/\/ultimato.com.br\/sites\/maosdadas\/wp-json\/wp\/v2\/tags?post=3740"}],"curies":[{"name":"wp","href":"https:\/\/api.w.org\/{rel}","templated":true}]}}