{"id":3407,"date":"2014-04-22T11:57:47","date_gmt":"2014-04-22T14:57:47","guid":{"rendered":"http:\/\/ultimato.com.br\/sites\/maosdadas\/?p=3407"},"modified":"2017-01-25T13:07:10","modified_gmt":"2017-01-25T16:07:10","slug":"a-oracao-dos-meninos-na-praca","status":"publish","type":"post","link":"https:\/\/ultimato.com.br\/sites\/maosdadas\/2014\/04\/22\/a-oracao-dos-meninos-na-praca\/","title":{"rendered":"A ora\u00e7\u00e3o dos meninos na pra\u00e7a"},"content":{"rendered":"<p><span style=\"color: #e5e5e5;\"><a href=\"http:\/\/ultimato.com.br\/sites\/maosdadas\/files\/2014\/04\/segundas.jpg\" class=\"lightview\" data-lightview-group=\"group-3407\" data-lightview-options=\"skin: 'dark', controls: 'relative', padding: '10', shadow: { color: '#000000', opacity: 0.08, blur: 3 }\"><img loading=\"lazy\" decoding=\"async\" class=\" wp-image-3446 alignleft\" src=\"http:\/\/ultimato.com.br\/sites\/maosdadas\/files\/2014\/04\/segundas-1024x231.jpg\" alt=\"segundas\" width=\"574\" height=\"130\" srcset=\"https:\/\/ultimato.com.br\/sites\/maosdadas\/files\/2014\/04\/segundas-1024x231.jpg 1024w, https:\/\/ultimato.com.br\/sites\/maosdadas\/files\/2014\/04\/segundas-300x67.jpg 300w, https:\/\/ultimato.com.br\/sites\/maosdadas\/files\/2014\/04\/segundas-150x33.jpg 150w, https:\/\/ultimato.com.br\/sites\/maosdadas\/files\/2014\/04\/segundas.jpg 1136w\" sizes=\"auto, (max-width: 574px) 100vw, 574px\" \/><\/a>.<span style=\"color: #ffffff;\">&gt;&gt;&gt;&gt;&gt;&gt;&gt;&gt;&gt;&gt;&gt;&gt;&gt;&gt;&gt;&gt;&gt;&gt;&gt;&gt;&gt;&gt;<\/span><\/span><span style=\"color: #ffffff;\"> &gt;&gt;&gt;&gt;&gt;&gt;&gt;&gt;&gt;&gt;&gt;&gt;&gt;&gt;&gt;&gt;&gt;&gt;\u00a0&gt;&gt;&gt;&gt;&gt;&gt;&gt;&gt;&gt;&gt;&gt;&gt;&gt;&gt;&gt;&gt;&gt;<\/span><\/p>\n<p>A ora\u00e7\u00e3o dos meninos \u00e9 uma can\u00e7\u00e3o do poeta e compositor Gladir Cabral que nos surpreende pela sensibilidade e intui\u00e7\u00e3o quando compara as crian\u00e7as hoje reprovadas por nossos olhares com as crian\u00e7as reprovadas pelos olhares dos l\u00edderes religiosos no p\u00e1tio do Templo em Jerusal\u00e9m quando insistiram em continuar louvando a Jesus. Aqui est\u00e1 a letra:<\/p>\n<blockquote><p><strong>Ora\u00e7\u00e3o dos meninos<\/strong><\/p>\n<p>Bendizei, \u00f3 c\u00e9us e terra a Jesus filho de Davi!<br \/>\nTraz a paz e desfaz a guerra! Ele est\u00e1 aqui!<br \/>\nSeu favor d\u00e1 voz aos mudos e os faz cantar,<br \/>\nSeu olhar alegra o mundo e o faz girar. [e nos faz dan\u00e7ar]<\/p>\n<p>L\u00e1 no p\u00e1tio n\u00f3s cantamos, velho templo do Senhor,<br \/>\ne os olhares nos reprovavam nosso bom louvor.<br \/>\nMas Jesus nos assistia e estendia a m\u00e3o,<br \/>\ncom sorriso recebia nossa adora\u00e7\u00e3o.<\/p>\n<p>Cristo, ampara esses meninos pelas ruas e sem ningu\u00e9m<br \/>\nque lhes d\u00ea resto de carinho, \u00e1gua e p\u00e3o tamb\u00e9m.<br \/>\nTantos jovens sem o afeto mesmo de um olhar.<br \/>\nAo redor h\u00e1 tanta gente, gente a reprovar.<\/p>\n<p>\u00d3 Jesus, naquela pra\u00e7a tu quiseste aben\u00e7oar<br \/>\nestes e outros pequeninos a te procurar.<br \/>\nTeu abra\u00e7o \u00e9 nosso espa\u00e7o, b\u00ean\u00e7\u00e3o de amor.<br \/>\nBrincaremos no teu Reino, campos do Senhor.<\/p><\/blockquote>\n<div id=\"attachment_3418\" style=\"width: 280px\" class=\"wp-caption alignright\"><a href=\"http:\/\/ultimato.com.br\/sites\/maosdadas\/files\/2014\/04\/V45-123_15_29740.jpg\" class=\"lightview\" data-lightview-group=\"group-3407\" data-lightview-options=\"skin: 'dark', controls: 'relative', padding: '10', shadow: { color: '#000000', opacity: 0.08, blur: 3 }\" data-lightview-title=\"Jonh Warren \/ Vis\u00e3o Mundial\"><img loading=\"lazy\" decoding=\"async\" aria-describedby=\"caption-attachment-3418\" class=\"wp-image-3418 \" title=\"Jonh Warren \/ Vis\u00e3o Mundial\" src=\"http:\/\/ultimato.com.br\/sites\/maosdadas\/files\/2014\/04\/V45-123_15_29740-300x200.jpg\" alt=\"V45-123_15_29740\" width=\"270\" height=\"180\" srcset=\"https:\/\/ultimato.com.br\/sites\/maosdadas\/files\/2014\/04\/V45-123_15_29740-300x200.jpg 300w, https:\/\/ultimato.com.br\/sites\/maosdadas\/files\/2014\/04\/V45-123_15_29740-150x100.jpg 150w, https:\/\/ultimato.com.br\/sites\/maosdadas\/files\/2014\/04\/V45-123_15_29740.jpg 479w\" sizes=\"auto, (max-width: 270px) 100vw, 270px\" \/><\/a><p id=\"caption-attachment-3418\" class=\"wp-caption-text\">O nosso afeto, mesmo de um olhar faz diferen\u00e7a!<\/p><\/div>\n<ol>\n<li>Que rea\u00e7\u00f5es este trecho provoca no seu cora\u00e7\u00e3o? \u201cTantos jovens sem o afeto mesmo de um olhar. Ao redor h\u00e1 tanta gente, gente a reprovar.\u201d Na \u00faltima vez que voc\u00ea passou por uma crian\u00e7a de rua na pra\u00e7a, o seu olhar foi parecido com o de Jesus ou com o dos l\u00edderes religiosos?<\/li>\n<li>O que voc\u00ea acha que o poeta quis dizer com a frase: \u201cBrincaremos no ter Reino, campos do Senhor\u201d?<\/li>\n<\/ol>\n<p><em><strong>Minha ora\u00e7\u00e3o<\/strong>: Senhor, me ajuda a ver o mundo como o Senhor o v\u00ea!<\/em><\/p>\n<p>Voc\u00ea pode ouvir a m\u00fasica <a href=\"https:\/\/soundcloud.com\/gladir\/ora-o-dos-meninos\" target=\"_blank\">aqui<\/a><\/p>\n<p>&nbsp;<\/p>\n<p>&nbsp;<\/p>\n<p>&nbsp;<\/p>\n","protected":false},"excerpt":{"rendered":"<p>.&gt;&gt;&gt;&gt;&gt;&gt;&gt;&gt;&gt;&gt;&gt;&gt;&gt;&gt;&gt;&gt;&gt;&gt;&gt;&gt;&gt;&gt; &gt;&gt;&gt;&gt;&gt;&gt;&gt;&gt;&gt;&gt;&gt;&gt;&gt;&gt;&gt;&gt;&gt;&gt;\u00a0&gt;&gt;&gt;&gt;&gt;&gt;&gt;&gt;&gt;&gt;&gt;&gt;&gt;&gt;&gt;&gt;&gt; A ora\u00e7\u00e3o dos meninos \u00e9 uma can\u00e7\u00e3o do poeta e compositor Gladir Cabral que nos surpreende pela sensibilidade e intui\u00e7\u00e3o quando compara as crian\u00e7as hoje reprovadas por nossos olhares com as crian\u00e7as reprovadas pelos olhares dos l\u00edderes religiosos no p\u00e1tio do Templo em Jerusal\u00e9m quando insistiram em continuar louvando a Jesus. Aqui est\u00e1 [&hellip;]<\/p>\n","protected":false},"author":33,"featured_media":0,"comment_status":"open","ping_status":"open","sticky":false,"template":"","format":"standard","meta":{"ngg_post_thumbnail":0,"footnotes":""},"categories":[15786],"tags":[15,184,103,19559,19560,45],"class_list":["post-3407","post","type-post","status-publish","format-standard","hentry","category-em-pauta","tag-criancas","tag-gladir-cabral","tag-jesus","tag-jonh-warren","tag-oracao-dos-meninos","tag-visao-mundial"],"_links":{"self":[{"href":"https:\/\/ultimato.com.br\/sites\/maosdadas\/wp-json\/wp\/v2\/posts\/3407","targetHints":{"allow":["GET"]}}],"collection":[{"href":"https:\/\/ultimato.com.br\/sites\/maosdadas\/wp-json\/wp\/v2\/posts"}],"about":[{"href":"https:\/\/ultimato.com.br\/sites\/maosdadas\/wp-json\/wp\/v2\/types\/post"}],"author":[{"embeddable":true,"href":"https:\/\/ultimato.com.br\/sites\/maosdadas\/wp-json\/wp\/v2\/users\/33"}],"replies":[{"embeddable":true,"href":"https:\/\/ultimato.com.br\/sites\/maosdadas\/wp-json\/wp\/v2\/comments?post=3407"}],"version-history":[{"count":17,"href":"https:\/\/ultimato.com.br\/sites\/maosdadas\/wp-json\/wp\/v2\/posts\/3407\/revisions"}],"predecessor-version":[{"id":6503,"href":"https:\/\/ultimato.com.br\/sites\/maosdadas\/wp-json\/wp\/v2\/posts\/3407\/revisions\/6503"}],"wp:attachment":[{"href":"https:\/\/ultimato.com.br\/sites\/maosdadas\/wp-json\/wp\/v2\/media?parent=3407"}],"wp:term":[{"taxonomy":"category","embeddable":true,"href":"https:\/\/ultimato.com.br\/sites\/maosdadas\/wp-json\/wp\/v2\/categories?post=3407"},{"taxonomy":"post_tag","embeddable":true,"href":"https:\/\/ultimato.com.br\/sites\/maosdadas\/wp-json\/wp\/v2\/tags?post=3407"}],"curies":[{"name":"wp","href":"https:\/\/api.w.org\/{rel}","templated":true}]}}