{"id":3283,"date":"2014-03-26T13:26:56","date_gmt":"2014-03-26T16:26:56","guid":{"rendered":"http:\/\/ultimato.com.br\/sites\/maosdadas\/?p=3283"},"modified":"2014-03-27T08:05:02","modified_gmt":"2014-03-27T11:05:02","slug":"meu-pai-meu-heroi","status":"publish","type":"post","link":"https:\/\/ultimato.com.br\/sites\/maosdadas\/2014\/03\/26\/meu-pai-meu-heroi\/","title":{"rendered":"Meu pai, meu her\u00f3i!"},"content":{"rendered":"<div id=\"attachment_3296\" style=\"width: 200px\" class=\"wp-caption alignright\"><a href=\"http:\/\/ultimato.com.br\/sites\/maosdadas\/files\/2014\/03\/Imagem-para-post.jpg\" class=\"lightview\" data-lightview-group=\"group-3283\" data-lightview-options=\"skin: 'dark', controls: 'relative', padding: '10', shadow: { color: '#000000', opacity: 0.08, blur: 3 }\"><img loading=\"lazy\" decoding=\"async\" aria-describedby=\"caption-attachment-3296\" class=\" wp-image-3296  \" alt=\"Nelsino: um homem que sonha e luta\" src=\"http:\/\/ultimato.com.br\/sites\/maosdadas\/files\/2014\/03\/Imagem-para-post.jpg\" width=\"190\" height=\"296\" srcset=\"https:\/\/ultimato.com.br\/sites\/maosdadas\/files\/2014\/03\/Imagem-para-post.jpg 272w, https:\/\/ultimato.com.br\/sites\/maosdadas\/files\/2014\/03\/Imagem-para-post-192x300.jpg 192w, https:\/\/ultimato.com.br\/sites\/maosdadas\/files\/2014\/03\/Imagem-para-post-96x150.jpg 96w\" sizes=\"auto, (max-width: 190px) 100vw, 190px\" \/><\/a><p id=\"caption-attachment-3296\" class=\"wp-caption-text\"><span style=\"color: #972331;\"><strong>Nelsino: um homem que sonha e luta<\/strong><\/span><\/p><\/div>\n<p>Em 2007, a Rede M\u00e3os Dadas teve o privil\u00e9gio de conhecer uma hist\u00f3ria de esperan\u00e7a emocionante contada por Teresa Cristina Belchior Santos. Ela conta como foi a vida de seu pai e como o Senhor transformou os seus momentos dif\u00edceis em momentos de alegria, fruto de muita luta e de sonhos. \u00c9 sempre bom lembrarmos que estamos em tempo de prepara\u00e7\u00e3o para a p\u00e1scoa, que \u00e9 um tempo de medita\u00e7\u00e3o, de transforma\u00e7\u00e3o, tempo de voltar para o caminho do Senhor que as vezes nos desviamos, tempo de lembrarmos que Cristo existe em n\u00f3s. Hoje aos 80 anos o senhor Nelsino continua um homem ativo, alegre e vive feliz ao lado de sua esposa\u00a0Elazir.<\/p>\n<blockquote><p>Meu pai, Nelsino\u00a0Belchior\u00a0dos Santos, n\u00e3o entende porque eu quis escrever sua hist\u00f3ria. Disse-lhe simplesmente que, se ela serve de inspira\u00e7\u00e3o para mim, com certeza aben\u00e7oar\u00e1 outros.<\/p><\/blockquote>\n<p>A vida n\u00e3o foi nada f\u00e1cil para ele. O 16\u00ba em dezenove filhos n\u00e3o conviveu muito tempo com os pais (aos 3 anos perdeu o pai; aos 8, a m\u00e3e). Morava em uma fazenda, num distrito de Trajano de Moraes, no interior do estado do Rio de Janeiro. Tempo depois da morte da minha av\u00f3, ele e um irm\u00e3o menor foram viver com um irm\u00e3o mais velho. Mas as condi\u00e7\u00f5es de vida eram muito prec\u00e1rias: trabalhava muito e n\u00e3o tinha tempo para a escola.<!--more--><\/p>\n<p>Outros irm\u00e3os j\u00e1 haviam se mudado para Niter\u00f3i e resolveram levar os dois pequenos para l\u00e1. Meu pai passou a freq\u00fcentar a escola, mas continuou sendo obrigado a trabalhar. Tornou-se o empregado dom\u00e9stico de uma casa de fam\u00edlia, servi\u00e7o pesado para sua idade. Mas o pior de tudo era o preconceito&#8230;<\/p>\n<p><span style=\"color: #972331;\"><strong>O sonho de ser cantor<\/strong><\/span><br \/>\nAos 10 anos de idade uma experi\u00eancia simples transformou para sempre sua vis\u00e3o de mundo e de futuro: foi ao cinema. Ficou deslumbrado com o musical que viu ali. Da\u00ed por diante o sonho de ser cantor n\u00e3o o largava.<\/p>\n<p>Contou para sua patroa. \u201cEstudar m\u00fasica? Voc\u00ea est\u00e1 brincando. M\u00fasica \u00e9 s\u00f3 para gente rica!\u201d, disse ela. Mas houve uma outra fam\u00edlia em sua adolesc\u00eancia que o incentivou, o adotou como afilhado e nutriu por ele uma amizade que dura at\u00e9 hoje. Foi a fam\u00edlia do Almirante Gustavo Gurgulino de Souza.<\/p>\n<p>A vida para meu pai era de avan\u00e7os e retrocessos. Conseguiu uma bolsa no conservat\u00f3rio, mas foi logo obrigado a parar os estudos. Alguns anos depois, um amigo, Gilberto Menezes de Andrade, levou-o ao Rio de Janeiro para procurar o tenor Reis e Silva, um renomado cantor. Este se recusou a aceit\u00e1-lo como aluno. Mas meu pai n\u00e3o aceitou o \u201cn\u00e3o\u201d. Insistiu, ficou parado do lado de fora da sala de aula do tenor o dia todo. E ele acabou cedendo. Meu pai pagava as aulas com muito sacrif\u00edcio.<br \/>\nDa\u00ed para frente, a hist\u00f3ria revela algu\u00e9m que est\u00e1 disposto a lutar: formou-se em canto e licenciatura musical, e ainda fez o curso de servi\u00e7o social. Trabalhou por alguns anos na Funda\u00e7\u00e3o Nacional do Bem-Estar do Menor.<\/p>\n<p>Mas continuava sonhando em ser cantor&#8230; Resolveu participar do concurso para ingressar no coro do Teatro Municipal do Rio de Janeiro. Alcan\u00e7ou o primeiro lugar do naipe dos bar\u00edtonos, e l\u00e1 ficou por trinta anos.<\/p>\n<p><span style=\"color: #972331;\"><strong>Novos sonhos<\/strong><\/span><br \/>\nMeu pai se casou com a pianista e colega Elazir Assump\u00e7\u00e3o. A\u00ed viemos n\u00f3s: dois meninos, hoje coron\u00e9is do Corpo de Bombeiros, e eu, mission\u00e1ria e assistente social.<\/p>\n<p>O evangelho entrou em nossa fam\u00edlia ap\u00f3s onze anos de casamento. Meu pai sentiu o chamado para estudar teologia, tornou-se pastor e fundou duas igrejas.<\/p>\n<p>Hoje, com 74 anos, aposentado, av\u00f4 de cinco netos, pastor auxiliar da Igreja Batista, ele continua trabalhando como m\u00fasico e cantando ao lado da minha m\u00e3e. Mas com novos sonhos: est\u00e1 preparando o repert\u00f3rio para um CD de m\u00fasicas folcl\u00f3ricas brasileiras, porque quer ensinar a nova gera\u00e7\u00e3o a valorizar a cultura musical de nossa terra.<\/p>\n<p>&nbsp;<\/p>\n<p><a href=\"http:\/\/ultimato.com.br\/sites\/maosdadas\/files\/2014\/03\/AIbEiAIAAABECMq0r6zR88WuxgEiC3ZjYXJkX3Bob3RvKihkN2MwMGRkNzdlMjgxMTFjOTEyOGRjMTA4M2NjMmIwYTBiZjU5MGJkMAEiDVA8sPseqYOH3xcI5idJCXOLCA.jpg\" class=\"lightview\" data-lightview-group=\"group-3283\" data-lightview-options=\"skin: 'dark', controls: 'relative', padding: '10', shadow: { color: '#000000', opacity: 0.08, blur: 3 }\"><img loading=\"lazy\" decoding=\"async\" class=\"alignleft size-full wp-image-3289\" alt=\"AIbEiAIAAABECMq0r6zR88WuxgEiC3ZjYXJkX3Bob3RvKihkN2MwMGRkNzdlMjgxMTFjOTEyOGRjMTA4M2NjMmIwYTBiZjU5MGJkMAEiDVA8sPseqYOH3xcI5idJCXOLCA\" src=\"http:\/\/ultimato.com.br\/sites\/maosdadas\/files\/2014\/03\/AIbEiAIAAABECMq0r6zR88WuxgEiC3ZjYXJkX3Bob3RvKihkN2MwMGRkNzdlMjgxMTFjOTEyOGRjMTA4M2NjMmIwYTBiZjU5MGJkMAEiDVA8sPseqYOH3xcI5idJCXOLCA.jpg\" width=\"48\" height=\"48\" \/><\/a>Teresa Cristina Belchior Santos\u00a0\u00e9 uma das fundadoras da Rede Viva (RJ), institui\u00e7\u00e3o que re\u00fane organiza\u00e7\u00f5es sociais evang\u00e9licas no trabalho com crian\u00e7as. Atualmente trabalha para o CADI Brasil.<\/p>\n<p>&nbsp;<\/p>\n<p>______________________________________________________________________________________________________________________________________<\/p>\n<p><em>Publicado originalmente na\u00a0<a href=\"http:\/\/www.redemaosdadas.org\/maos-dadas\/ed-18-alegria-a-forca-dos-incansaveis-o-segredo-das-criancinhas\/perfil\/meu-pai-meu-heroi\/\" target=\"_blank\">Revista M\u00e3os Dadas, Edi\u00e7\u00e3o 18<\/a>, em novembro de 2007.<\/em><\/p>\n","protected":false},"excerpt":{"rendered":"<p>Em 2007, a Rede M\u00e3os Dadas teve o privil\u00e9gio de conhecer uma hist\u00f3ria de esperan\u00e7a emocionante contada por Teresa Cristina Belchior Santos. Ela conta como foi a vida de seu pai e como o Senhor transformou os seus momentos dif\u00edceis em momentos de alegria, fruto de muita luta e de sonhos. \u00c9 sempre bom lembrarmos [&hellip;]<\/p>\n","protected":false},"author":33,"featured_media":0,"comment_status":"open","ping_status":"open","sticky":false,"template":"","format":"standard","meta":{"ngg_post_thumbnail":0,"footnotes":""},"categories":[15786],"tags":[19547,61,19546,19545,6026,19543],"class_list":["post-3283","post","type-post","status-publish","format-standard","hentry","category-em-pauta","tag-cadi-rio","tag-crianca","tag-nelsino-belchior-dos-santos","tag-rede-viva","tag-sonhos","tag-teresa-santos"],"_links":{"self":[{"href":"https:\/\/ultimato.com.br\/sites\/maosdadas\/wp-json\/wp\/v2\/posts\/3283","targetHints":{"allow":["GET"]}}],"collection":[{"href":"https:\/\/ultimato.com.br\/sites\/maosdadas\/wp-json\/wp\/v2\/posts"}],"about":[{"href":"https:\/\/ultimato.com.br\/sites\/maosdadas\/wp-json\/wp\/v2\/types\/post"}],"author":[{"embeddable":true,"href":"https:\/\/ultimato.com.br\/sites\/maosdadas\/wp-json\/wp\/v2\/users\/33"}],"replies":[{"embeddable":true,"href":"https:\/\/ultimato.com.br\/sites\/maosdadas\/wp-json\/wp\/v2\/comments?post=3283"}],"version-history":[{"count":13,"href":"https:\/\/ultimato.com.br\/sites\/maosdadas\/wp-json\/wp\/v2\/posts\/3283\/revisions"}],"predecessor-version":[{"id":9701,"href":"https:\/\/ultimato.com.br\/sites\/maosdadas\/wp-json\/wp\/v2\/posts\/3283\/revisions\/9701"}],"wp:attachment":[{"href":"https:\/\/ultimato.com.br\/sites\/maosdadas\/wp-json\/wp\/v2\/media?parent=3283"}],"wp:term":[{"taxonomy":"category","embeddable":true,"href":"https:\/\/ultimato.com.br\/sites\/maosdadas\/wp-json\/wp\/v2\/categories?post=3283"},{"taxonomy":"post_tag","embeddable":true,"href":"https:\/\/ultimato.com.br\/sites\/maosdadas\/wp-json\/wp\/v2\/tags?post=3283"}],"curies":[{"name":"wp","href":"https:\/\/api.w.org\/{rel}","templated":true}]}}