{"id":3139,"date":"2014-01-24T11:28:58","date_gmt":"2014-01-24T14:28:58","guid":{"rendered":"http:\/\/ultimato.com.br\/sites\/maosdadas\/?p=3139"},"modified":"2014-01-24T12:37:42","modified_gmt":"2014-01-24T15:37:42","slug":"rede-maos-dadas-lamenta-o-falecimento-de-cida-mattar","status":"publish","type":"post","link":"https:\/\/ultimato.com.br\/sites\/maosdadas\/2014\/01\/24\/rede-maos-dadas-lamenta-o-falecimento-de-cida-mattar\/","title":{"rendered":"Rede M\u00e3os Dadas lamenta o falecimento de Cida Mattar"},"content":{"rendered":"<div>\n<p><span style=\"font-family: 'Lucida Sans Unicode', 'Lucida Grande', sans-serif; color: #000000;\">Caros amigos e parceiros da Rede M\u00e3os Dadas, \u00e9 com grande tristeza, que comunicamos o falecimento da nossa querida Cida Mattar, ontem, dia 23\/01\/14. Gostar\u00edamos de agradecer a Cida por todos esses anos de contribui\u00e7\u00e3o com a Rede M\u00e3os Dadas e estaremos orando pelo conforto de sua fam\u00edlia.<\/span><\/p>\n<p>&nbsp;<\/p>\n<blockquote><p>\u201c&#8230; a vis\u00e3o n\u00e3o morreu, amadureceu e n\u00e3o importa o que aconte\u00e7a continuamos crendo que Deus tem muitos p\u00e1tios para as crian\u00e7as brincarem, aprenderem e crescerem na presen\u00e7a de Deus&#8230;\u201d <strong>Cida Mattar<\/strong><\/p><\/blockquote>\n<p>&nbsp;<\/p>\n<p><span style=\"font-family: 'Lucida Sans Unicode', 'Lucida Grande', sans-serif; color: #000000;\">Que a certeza da ressurrei\u00e7\u00e3o console cada cora\u00e7\u00e3o e nos fortale\u00e7a na caminhada.<a href=\"http:\/\/ultimato.com.br\/sites\/maosdadas\/files\/2014\/01\/Cida-Mattar.jpg\" class=\"lightview\" data-lightview-group=\"group-3139\" data-lightview-options=\"skin: 'dark', controls: 'relative', padding: '10', shadow: { color: '#000000', opacity: 0.08, blur: 3 }\"><img loading=\"lazy\" decoding=\"async\" class=\"alignright size-medium wp-image-3140\" alt=\"Cida Mattar\" src=\"http:\/\/ultimato.com.br\/sites\/maosdadas\/files\/2014\/01\/Cida-Mattar-222x300.jpg\" width=\"222\" height=\"300\" srcset=\"https:\/\/ultimato.com.br\/sites\/maosdadas\/files\/2014\/01\/Cida-Mattar-222x300.jpg 222w, https:\/\/ultimato.com.br\/sites\/maosdadas\/files\/2014\/01\/Cida-Mattar-111x150.jpg 111w, https:\/\/ultimato.com.br\/sites\/maosdadas\/files\/2014\/01\/Cida-Mattar.jpg 342w\" sizes=\"auto, (max-width: 222px) 100vw, 222px\" \/><\/a><\/span><\/p>\n<blockquote><p><strong><span style=\"color: #339966;\">Mensagem do Presidente da AECEP<\/span><\/strong><\/p>\n<p><span style=\"color: #339966;\">Cida Mattar foi uma mulher valorosa, que inspirou minha vida para o minist\u00e9rio de educa\u00e7\u00e3o crist\u00e3. Quando a conheci em 1991 e a convidei para participar de nosso primeiro workshop, senti a for\u00e7a do seu car\u00e1ter na convic\u00e7\u00e3o de suas palavras e no cora\u00e7\u00e3o aberto para buscar o Reino em primeiro lugar. Logo a adotei como mission\u00e1ria e conselheira, a quem eu recorria para tirar d\u00favidas e para compartilhar minhas primeiras experi\u00eancias com escola crist\u00e3. Fiquei feliz quando ela concordou em me apoiar no CRE mudando-se para S. Paulo, e depois quando decidimos juntos formar a <a href=\"http:\/\/www.aecep.com.br\/\" target=\"_blank\">AECEP<\/a>. Tivemos muitos sonhos e dividimos muitos desafios. Tivemos nossas confronta\u00e7\u00f5es e algumas diverg\u00eancias, momentos de fraqueza e at\u00e9 de des\u00e2nimo, mas ela sabia que tinha um chamado de Deus, e me fazia crer no meu tamb\u00e9m.<\/span><\/p>\n<p><span style=\"color: #339966;\">A Cida foi a pioneira da Educa\u00e7\u00e3o por Princ\u00edpios no Brasil e sempre ser\u00e1 lembrada por isso, pelo pre\u00e7o que pagou e pelo amor que dedicou pelos alunos e educadores. Era incans\u00e1vel para aprender, compromissada com a qualidade de tudo que fazia, zelosa pelo papel da AECEP. Trouxe muitas id\u00e9ias para enriquecer esse minist\u00e9rio, foram anos a fio de trabalho, multid\u00e3o de emails e telefonemas, longas reuni\u00f5es, para avan\u00e7ar na vis\u00e3o que abra\u00e7ou pelo Brasil. Amava os alunos e amava as crian\u00e7as, ficou feliz quando voltou ao jardim como diretora, sentia que eram seus filhos. Foi fiel em tudo, uma refer\u00eancia que trazia seguran\u00e7a.<\/span><\/p>\n<p><span style=\"color: #339966;\">Nos da AECEP somos muito gratos a ela e a Deus pela sua vida. Seu nome ser\u00e1 sempre lembrado na hist\u00f3ria da educa\u00e7\u00e3o crist\u00e3o e da EP no Brasil, como um mission\u00e1ria, uma l\u00edder que inaugurou esse movimento a partir da obedi\u00eancia a Deus. Certamente est\u00e1 diante do nosso amado Pai conhecendo o fruto do seu trabalho e se alegrando na comunh\u00e3o com os santos. A n\u00f3s ficam as muitas boas lembran\u00e7as e os marcos do seu trabalho. A saudade d\u00f3i, mas n\u00f3s da AECEP vamos honrar essa irm\u00e3 preciosa continuando a prosperar a semente que ela plantou, para a gl\u00f3ria de Deus. Muito agradecido mestre e amiga Cida!<\/span><\/p>\n<p><strong><span style=\"color: #339966;\">Roberto Rinaldi<\/span><\/strong><\/p><\/blockquote>\n<\/div>\n<div><\/div>\n<div><span style=\"color: #008000;\"><strong><span style=\"font-family: 'Lucida Sans Unicode', 'Lucida Grande', sans-serif;\">Informa\u00e7\u00f5es:<\/span><\/strong><\/span><\/div>\n<div><span style=\"font-family: 'Lucida Sans Unicode', 'Lucida Grande', sans-serif; color: #008000;\">O vel\u00f3rio acontecer\u00e1 \u00e0 partir das 08:00 horas no Cemit\u00e9rio Parque da Colina (VEL\u00d3RIO N\u00ba 3) e o enterro as 14:00 horas em\u00a0Belo Horizonte (MG).<\/span><\/div>\n<div><\/div>\n","protected":false},"excerpt":{"rendered":"<p>Caros amigos e parceiros da Rede M\u00e3os Dadas, \u00e9 com grande tristeza, que comunicamos o falecimento da nossa querida Cida Mattar, ontem, dia 23\/01\/14. Gostar\u00edamos de agradecer a Cida por todos esses anos de contribui\u00e7\u00e3o com a Rede M\u00e3os Dadas e estaremos orando pelo conforto de sua fam\u00edlia. &nbsp; \u201c&#8230; a vis\u00e3o n\u00e3o morreu, amadureceu [&hellip;]<\/p>\n","protected":false},"author":33,"featured_media":0,"comment_status":"open","ping_status":"open","sticky":false,"template":"","format":"standard","meta":{"ngg_post_thumbnail":0,"footnotes":""},"categories":[5799],"tags":[19501,19502,19503,19504],"class_list":["post-3139","post","type-post","status-publish","format-standard","hentry","category-noticia","tag-aecep","tag-cida-mattar","tag-educacao-por-principios","tag-missionaria"],"_links":{"self":[{"href":"https:\/\/ultimato.com.br\/sites\/maosdadas\/wp-json\/wp\/v2\/posts\/3139","targetHints":{"allow":["GET"]}}],"collection":[{"href":"https:\/\/ultimato.com.br\/sites\/maosdadas\/wp-json\/wp\/v2\/posts"}],"about":[{"href":"https:\/\/ultimato.com.br\/sites\/maosdadas\/wp-json\/wp\/v2\/types\/post"}],"author":[{"embeddable":true,"href":"https:\/\/ultimato.com.br\/sites\/maosdadas\/wp-json\/wp\/v2\/users\/33"}],"replies":[{"embeddable":true,"href":"https:\/\/ultimato.com.br\/sites\/maosdadas\/wp-json\/wp\/v2\/comments?post=3139"}],"version-history":[{"count":4,"href":"https:\/\/ultimato.com.br\/sites\/maosdadas\/wp-json\/wp\/v2\/posts\/3139\/revisions"}],"predecessor-version":[{"id":3144,"href":"https:\/\/ultimato.com.br\/sites\/maosdadas\/wp-json\/wp\/v2\/posts\/3139\/revisions\/3144"}],"wp:attachment":[{"href":"https:\/\/ultimato.com.br\/sites\/maosdadas\/wp-json\/wp\/v2\/media?parent=3139"}],"wp:term":[{"taxonomy":"category","embeddable":true,"href":"https:\/\/ultimato.com.br\/sites\/maosdadas\/wp-json\/wp\/v2\/categories?post=3139"},{"taxonomy":"post_tag","embeddable":true,"href":"https:\/\/ultimato.com.br\/sites\/maosdadas\/wp-json\/wp\/v2\/tags?post=3139"}],"curies":[{"name":"wp","href":"https:\/\/api.w.org\/{rel}","templated":true}]}}