{"id":3076,"date":"2013-12-06T13:47:14","date_gmt":"2013-12-06T16:47:14","guid":{"rendered":"http:\/\/ultimato.com.br\/sites\/maosdadas\/?p=3076"},"modified":"2014-01-17T11:04:31","modified_gmt":"2014-01-17T14:04:31","slug":"keshia-coragem-que-nos-inspira-a-ser-pessoas-melhores","status":"publish","type":"post","link":"https:\/\/ultimato.com.br\/sites\/maosdadas\/2013\/12\/06\/keshia-coragem-que-nos-inspira-a-ser-pessoas-melhores\/","title":{"rendered":"Keshia, coragem que nos inspira a ser pessoas melhores"},"content":{"rendered":"<div id=\"attachment_3077\" style=\"width: 310px\" class=\"wp-caption alignright\"><a href=\"http:\/\/ultimato.com.br\/sites\/maosdadas\/files\/2013\/12\/keisha.jpg\" class=\"lightview\" data-lightview-group=\"group-3076\" data-lightview-options=\"skin: 'dark', controls: 'relative', padding: '10', shadow: { color: '#000000', opacity: 0.08, blur: 3 }\"><img loading=\"lazy\" decoding=\"async\" aria-describedby=\"caption-attachment-3077\" class=\"size-medium wp-image-3077\" alt=\"Imagem de Mark Brunner\" src=\"http:\/\/ultimato.com.br\/sites\/maosdadas\/files\/2013\/12\/keisha-300x300.jpg\" width=\"300\" height=\"300\" srcset=\"https:\/\/ultimato.com.br\/sites\/maosdadas\/files\/2013\/12\/keisha-300x300.jpg 300w, https:\/\/ultimato.com.br\/sites\/maosdadas\/files\/2013\/12\/keisha-150x150.jpg 150w, https:\/\/ultimato.com.br\/sites\/maosdadas\/files\/2013\/12\/keisha-64x64.jpg 64w, https:\/\/ultimato.com.br\/sites\/maosdadas\/files\/2013\/12\/keisha.jpg 624w\" sizes=\"auto, (max-width: 300px) 100vw, 300px\" \/><\/a><p id=\"caption-attachment-3077\" class=\"wp-caption-text\">Keshia Thomas, se interp\u00f5e entre homem racista e manifestantes<\/p><\/div>\n<p>Estou convencida de que a \u00fanica coisa que temos para compartilhar s\u00e3o as nossas hist\u00f3rias. \u00c9 na caminhada que Deus se faz presente. Toda vez que ele se manifesta, nos dando o poder para reagir de forma diferente \u00e0s adversidades da vida, os outros percebem um fio de luz em n\u00f3s que os inspiram. Milagres acontecem quando em nosso cora\u00e7\u00e3o deixamos que fios de luz nos transformem.<\/p>\n<p>A hist\u00f3ria de Keshia Thomas publicada na <a href=\"http:\/\/http:\/\/www.bbc.co.uk\/news\/magazine-24653643\">BBC News Magazine<\/a> \u00e9 um desses raios de luz!<\/p>\n<p>Keshia Thomas, 18 anos, estudante universit\u00e1ria, participava de uma marcha anti-Ku Klux Klan (KKK) em sua cidade, Ann Arbor, no estado de Michigan, nos Estados Unidos. Isto aconteceu em 1996. Do outro lado da cerca de prote\u00e7\u00e3o acontecia uma manifesta\u00e7\u00e3o da Ku Klux Klan.<\/p>\n<p>A <a title=\"Veja mais aqui\" href=\"http:\/\/www.brasilescola.com\/historiag\/ku-klux-klan.htm\">Ku Klux Kan (KKK) <\/a>\u00e9 o nome de uma organiza\u00e7\u00e3o ou movimento popular de extrema direita norte-americano que promove a supremacia dos brancos e luta contra os negros, contra a imigra\u00e7\u00e3o e \u00e9 a favor de um nacionalismo exarcebado. Sua express\u00e3o mais poderosa se deu nos anos 50 e 60 quando se op\u00f4s ao movimentos pelos direitos civis dos negros. \u00c9 famosa pelo uso de m\u00e1scaras c\u00f4nicas e robes brancos que escondem a identidade de seus participantes. Foi respons\u00e1vel por linchamentos e outros atos hediondos perpetrados contra os negros nos Estados Unidos. Estima-se que a organiza\u00e7\u00e3o tenha hoje entre 5.000 a 8.000 membros, um n\u00famero muito menor do que o de d\u00e9cadas atr\u00e1s quando pode ter chegado a 5 milh\u00f5es. \u00a0Hoje, \u00e9 proibido nos Estados Unidos o uso de m\u00e1scaras em manifesta\u00e7\u00f5es. As marchas e outros atos p\u00fablicos do movimento precisam se submeter \u00e0s leis que regem atos p\u00fablicos e por isto acabam tendo n\u00e3o s\u00f3 a permiss\u00e3o como tamb\u00e9m a prote\u00e7\u00e3o da pol\u00edcia para garantir a ordem.<!--more--><\/p>\n<p>Neste dia, Keisha e seus amigos estavam ali para protestar contra a KKK. S\u00f3 que no meio do seu grupo anti-KKK (que somavam mais de 200 pessoas) surge um homem branco que foi rapidamente identificado pelo grupo como membro da organiza\u00e7\u00e3o racista. A principal evid\u00eancia era uma tatuagem SS em seu bra\u00e7o. Estas tatuagens est\u00e3o ligadas aos nazistas. O grupo partiu para cima do homem branco e a tens\u00e3o aumentou ainda mais quando come\u00e7aram a agredi-lo.<\/p>\n<p>Keisha se interp\u00f4s entre o grupo e o homem racista, oferecendo seu corpo como barreira e impedindo que o grupo o linchasse. Ela permaneceu assim at\u00e9 que a pol\u00edcia chegou para impor a ordem. Naquele dia, uma mo\u00e7a de 18 anos, negra, salvou a vida de um homem de meia-idade, branco, provavelmente membro da Ku Klux Klan!<\/p>\n<p>Recentemente, a BBB News Magazine republicou esta hist\u00f3ria. Veja o e-mail que receberam em rea\u00e7\u00e3o \u00e0 hist\u00f3ria: \u201cA coragem dela me tocou tanto que eu fiz uma c\u00f3pia da foto dela e sempre penso nela ao enfrentar as minhas pr\u00f3prias situa\u00e7\u00f5es. A voz na minha cabe\u00e7a fala algo assim: se ela foi capaz de proteger um homem daqueles, eu posso agir com bondade para com esta pessoa. E com esta inspira\u00e7\u00e3o tenho sido capaz de agir com mais generosidade. Eu n\u00e3o a conhe\u00e7o, mas desde que ouvi sua hist\u00f3ria tenho sido mais gentil\u201d. Teri Gunderson, Oaxaca, M\u00e9xico.<\/p>\n<p>N\u00e3o sei se Teri \u00e9 crist\u00e3, mas sei que ela est\u00e1 praticando um princ\u00edpio b\u00edblico recomendado por Paulo aos Filipenses:<\/p>\n<blockquote><p>Finalmente, irm\u00e3os, tudo o que for verdadeiro, tudo o que for nobre, tudo o que for correto, tudo o que for puro, tudo o que for am\u00e1vel, tudo o que for de boa fama, se houver algo de excelente ou digno de louvor, pensem nessas coisas. Filipenses 4:8<\/p><\/blockquote>\n<p>Veja mais imagens do gesto corajoso de Keisha <a href=\"http:\/\/www.bbc.co.uk\/news\/magazine-24653643\">aqui<\/a>.<\/p>\n<p>A hist\u00f3ria publicada na BBC News Magazine foi escrita por Catherine Wynne, leia a vers\u00e3o original em ingl\u00eas <a href=\"http:\/\/www.bbc.co.uk\/news\/magazine-24653643\">aqui<\/a>.<\/p>\n<p>&nbsp;<\/p>\n","protected":false},"excerpt":{"rendered":"<p>Estou convencida de que a \u00fanica coisa que temos para compartilhar s\u00e3o as nossas hist\u00f3rias. \u00c9 na caminhada que Deus se faz presente. Toda vez que ele se manifesta, nos dando o poder para reagir de forma diferente \u00e0s adversidades da vida, os outros percebem um fio de luz em n\u00f3s que os inspiram. Milagres [&hellip;]<\/p>\n","protected":false},"author":33,"featured_media":0,"comment_status":"open","ping_status":"open","sticky":false,"template":"","format":"standard","meta":{"ngg_post_thumbnail":0,"footnotes":""},"categories":[15786],"tags":[],"class_list":["post-3076","post","type-post","status-publish","format-standard","hentry","category-em-pauta"],"_links":{"self":[{"href":"https:\/\/ultimato.com.br\/sites\/maosdadas\/wp-json\/wp\/v2\/posts\/3076","targetHints":{"allow":["GET"]}}],"collection":[{"href":"https:\/\/ultimato.com.br\/sites\/maosdadas\/wp-json\/wp\/v2\/posts"}],"about":[{"href":"https:\/\/ultimato.com.br\/sites\/maosdadas\/wp-json\/wp\/v2\/types\/post"}],"author":[{"embeddable":true,"href":"https:\/\/ultimato.com.br\/sites\/maosdadas\/wp-json\/wp\/v2\/users\/33"}],"replies":[{"embeddable":true,"href":"https:\/\/ultimato.com.br\/sites\/maosdadas\/wp-json\/wp\/v2\/comments?post=3076"}],"version-history":[{"count":4,"href":"https:\/\/ultimato.com.br\/sites\/maosdadas\/wp-json\/wp\/v2\/posts\/3076\/revisions"}],"predecessor-version":[{"id":3114,"href":"https:\/\/ultimato.com.br\/sites\/maosdadas\/wp-json\/wp\/v2\/posts\/3076\/revisions\/3114"}],"wp:attachment":[{"href":"https:\/\/ultimato.com.br\/sites\/maosdadas\/wp-json\/wp\/v2\/media?parent=3076"}],"wp:term":[{"taxonomy":"category","embeddable":true,"href":"https:\/\/ultimato.com.br\/sites\/maosdadas\/wp-json\/wp\/v2\/categories?post=3076"},{"taxonomy":"post_tag","embeddable":true,"href":"https:\/\/ultimato.com.br\/sites\/maosdadas\/wp-json\/wp\/v2\/tags?post=3076"}],"curies":[{"name":"wp","href":"https:\/\/api.w.org\/{rel}","templated":true}]}}