{"id":3067,"date":"2013-12-03T13:36:16","date_gmt":"2013-12-03T16:36:16","guid":{"rendered":"http:\/\/ultimato.com.br\/sites\/maosdadas\/?p=3067"},"modified":"2013-12-03T13:36:16","modified_gmt":"2013-12-03T16:36:16","slug":"trafico-de-inocentes-documentario-conta-com-a-parceria-da-visao-mundial","status":"publish","type":"post","link":"https:\/\/ultimato.com.br\/sites\/maosdadas\/2013\/12\/03\/trafico-de-inocentes-documentario-conta-com-a-parceria-da-visao-mundial\/","title":{"rendered":"Tr\u00e1fico de Inocentes: document\u00e1rio conta com a parceria da Vis\u00e3o Mundial"},"content":{"rendered":"<p><i>Gra\u00e7a Filmes re\u00fane convidados para apresentar parceria com Vis\u00e3o Mundial em uma sess\u00e3o especial do filme Tr\u00e1fico de Inocentes<\/i><\/p>\n<p><a href=\"http:\/\/ultimato.com.br\/sites\/maosdadas\/files\/2013\/12\/Gra\u00e7aFilmes_Vis\u00e3oMundial3.jpg\"><img loading=\"lazy\" decoding=\"async\" class=\"alignright size-medium wp-image-3068\" alt=\"Gra\u00e7aFilmes_Vis\u00e3oMundial3\" src=\"http:\/\/ultimato.com.br\/sites\/maosdadas\/files\/2013\/12\/Gra\u00e7aFilmes_Vis\u00e3oMundial3-300x200.jpg\" width=\"300\" height=\"200\" srcset=\"https:\/\/ultimato.com.br\/sites\/maosdadas\/files\/2013\/12\/Gra\u00e7aFilmes_Vis\u00e3oMundial3-300x200.jpg 300w, https:\/\/ultimato.com.br\/sites\/maosdadas\/files\/2013\/12\/Gra\u00e7aFilmes_Vis\u00e3oMundial3-150x100.jpg 150w, https:\/\/ultimato.com.br\/sites\/maosdadas\/files\/2013\/12\/Gra\u00e7aFilmes_Vis\u00e3oMundial3.jpg 439w\" sizes=\"auto, (max-width: 300px) 100vw, 300px\" \/><\/a>Um importante evento realizado na noite de segunda-feira, 26\/11, marcou a parceria entre Gra\u00e7a Filmes e Vis\u00e3o Mundial no combate ao tr\u00e1fico de pessoas. Realizado na sede da Gra\u00e7a Filmes, no bairro Taquara, no Rio de Janeiro, a sess\u00e3o especial de exibi\u00e7\u00e3o do filme\u00a0<i>Tr\u00e1fico de Inocentes\u00a0<\/i>reuniu entre os convidados, de lideran\u00e7as crist\u00e3s a representantes de \u00f3rg\u00e3os da imprensa evang\u00e9lica.<\/p>\n<p><a href=\"http:\/\/www.gracafilmes.com.br\/\" target=\"_blank\">Gra\u00e7a Filmes<\/a> e <a href=\"http:\/\/www.visaomundial.org.br\/\" target=\"_blank\">Vis\u00e3o Mundial<\/a> apresentaram um pouco de suas atua\u00e7\u00f5es e mostraram como pretendem ajudar a combater o terr\u00edvel crime que destr\u00f3i fam\u00edlias e lares no mundo inteiro, inclusive no Brasil. Al\u00e9m disso, os convidados puderam assistir ao filme\u00a0<i>Tr\u00e1fico de Inocentes<\/i>, que a produtora lan\u00e7ou recentemente no pa\u00eds, o qual mostra a realidade da atua\u00e7\u00e3o de quadrilhas especializadas na explora\u00e7\u00e3o de pessoas, principalmente jovens e crian\u00e7as, em pa\u00edses subdesenvolvidos e em desenvolvimento.<\/p>\n<p>Um ambiente t\u00edpico dos festivais de cinema ajudou a criar o clima que um importante lan\u00e7amento merece, mas mais do que apresentar o filme, o objetivo da Gra\u00e7a Filmes foi, tamb\u00e9m, o de despertar os convidados para esse grave problema social, conforme explicou o diretor executivo da produtora, e anfitri\u00e3o da noite, Ygor Siqueira.<\/p>\n<p>\u201cProcuramos reunir pessoas que podem servir de ferramenta na dissemina\u00e7\u00e3o dessa importante mensagem ao m\u00e1ximo de outras pessoas. O filme \u00e9 um canal eficiente que estamos utilizando nessa parceria, a fim de que essa preocupa\u00e7\u00e3o se propague e chegue \u00e0s fam\u00edlias brasileiras, fazendo com que reflitam sobre o papel delas nesse trabalho di\u00e1rio de um verdadeiro crist\u00e3o\u201d, declarou Ygor.<!--more--><\/p>\n<p>Para Ygor, a Gra\u00e7a Filmes atingiu uma maturidade significativa e isso reflete no papel que possui de levar at\u00e9 os lares crist\u00e3os brasileiros, mensagens que reflitam o amor de Deus para com seu povo. \u201cEm mar\u00e7o a Gra\u00e7a Filmes completa quatro anos de atua\u00e7\u00e3o, com mais de 140 t\u00edtulos lan\u00e7ados. Com este filme, convidamos a Igreja a se unir e atuar contra esse problema que est\u00e1 pr\u00f3ximo de n\u00f3s\u201d, completou o executivo.<\/p>\n<p>A representante da Vis\u00e3o Mundial, Nilza Val\u00e9ria, acredita que a parceria mostra como ainda existem pessoas comprometidas com o bem-estar dos mais necessitados, criando uma corrente positiva de prote\u00e7\u00e3o aos jovens, que s\u00e3o mais vulner\u00e1veis a este tipo de crime. \u201cO tr\u00e1fico de crian\u00e7as \u00e9 uma realidade\u00a0pr\u00f3xima a n\u00f3s.\u00a0Mais do que orar, \u00e9 preciso denunciar\u201d, comentou.<\/p>\n<p>Nilza Val\u00e9ria aproveitou para enumerar e exemplificar como este crime destr\u00f3i vidas e fam\u00edlias em nosso pa\u00eds. \u201cA situa\u00e7\u00e3o \u00e9 muito grave. A equipe da Vis\u00e3o Mundial j\u00e1 presenciou um caso de uma m\u00e3e que trocou sua filha por um prato de comida, por exemplo. Estamos atuando no Brasil h\u00e1 38 anos, e sabemos que uma a cada oito crian\u00e7as \u00e9 vendida no Brasil, por dia\u201d, explicou a representante da Vis\u00e3o Mundial.<\/p>\n<p>Os convidados ficaram muito impactados pelo filme e pelas informa\u00e7\u00f5es apresentadas pela parceria, que foi muito elogiada por representar uma iniciativa importante, refletindo a ess\u00eancia crist\u00e3. \u201cA Igreja tem um papel social e deve estar focada nisto. Isto faz parte da evangeliza\u00e7\u00e3o. O filme\u00a0<i>Tr\u00e1fico de Inocentes<\/i>\u00a0me emocionou muito. S\u00f3 quero chegar em casa e abra\u00e7ar meu filho\u201d, disse \u00c9rica Toledo, representante da Igreja Batista do M\u00e9ier.<\/p>\n<p>Mais informa\u00e7\u00f5es sobre a parceria com a Vis\u00e3o Mundial em torno do filme\u00a0<i>Tr\u00e1fico de Inocentes<\/i>, al\u00e9m dos demais lan\u00e7amentos da Gra\u00e7a Filmes, podem ser acessadas no site da produtora\u00a0<a href=\"http:\/\/www.gracafilmes.com.br\/\" target=\"_blank\">www.gracafilmes.com.br<\/a>\u00a0e tamb\u00e9m na p\u00e1gina do Facebook (<a href=\"http:\/\/facebook.com\/gracafilmes\" target=\"_blank\">facebook.com\/gracafilmes<\/a>).<\/p>\n<p><b>Conhe\u00e7a a Gra\u00e7a Filmes:<\/b><\/p>\n<p>Fundada em mar\u00e7o de 2010, a Gra\u00e7a Filmes \u00e9 uma produtora e distribuidora de filmes. Com escrit\u00f3rios no Rio de Janeiro, em S\u00e3o Paulo e na Fl\u00f3rida (EUA), a empresa tem como foco produ\u00e7\u00f5es com conte\u00fado que seja ideal para a fam\u00edlia brasileira. Al\u00e9m de distribuir material nacional e internacional, a Gra\u00e7a Filmes tamb\u00e9m trabalha com produ\u00e7\u00f5es pr\u00f3prias. Hoje, ela \u00e9 a principal distribuidora de filmes\u00a0<i>gospel<\/i>\u00a0do pa\u00eds, e seus lan\u00e7amentos representam mais de 50% das vendas de DVDs evang\u00e9licos no Brasil.<\/p>\n<p>&nbsp;<\/p>\n<p><span style=\"color: #008000;\"><strong>Texto enviado por: Renato Natividade e Celso Carvalho<\/strong><\/span><\/p>\n<p><span style=\"font-size: 13px;\">\u00a0<\/span><\/p>\n<p>&nbsp;<\/p>\n","protected":false},"excerpt":{"rendered":"<p>Gra\u00e7a Filmes re\u00fane convidados para apresentar parceria com Vis\u00e3o Mundial em uma sess\u00e3o especial do filme Tr\u00e1fico de Inocentes Um importante evento realizado na noite de segunda-feira, 26\/11, marcou a parceria entre Gra\u00e7a Filmes e Vis\u00e3o Mundial no combate ao tr\u00e1fico de pessoas. Realizado na sede da Gra\u00e7a Filmes, no bairro Taquara, no Rio de [&hellip;]<\/p>\n","protected":false},"author":33,"featured_media":0,"comment_status":"open","ping_status":"open","sticky":false,"template":"","format":"standard","meta":{"ngg_post_thumbnail":0,"footnotes":""},"categories":[15874],"tags":[19491,19492,45],"class_list":["post-3067","post","type-post","status-publish","format-standard","hentry","category-anuncios","tag-graca-filmes","tag-trafico-de-inocentes","tag-visao-mundial"],"_links":{"self":[{"href":"https:\/\/ultimato.com.br\/sites\/maosdadas\/wp-json\/wp\/v2\/posts\/3067","targetHints":{"allow":["GET"]}}],"collection":[{"href":"https:\/\/ultimato.com.br\/sites\/maosdadas\/wp-json\/wp\/v2\/posts"}],"about":[{"href":"https:\/\/ultimato.com.br\/sites\/maosdadas\/wp-json\/wp\/v2\/types\/post"}],"author":[{"embeddable":true,"href":"https:\/\/ultimato.com.br\/sites\/maosdadas\/wp-json\/wp\/v2\/users\/33"}],"replies":[{"embeddable":true,"href":"https:\/\/ultimato.com.br\/sites\/maosdadas\/wp-json\/wp\/v2\/comments?post=3067"}],"version-history":[{"count":2,"href":"https:\/\/ultimato.com.br\/sites\/maosdadas\/wp-json\/wp\/v2\/posts\/3067\/revisions"}],"predecessor-version":[{"id":3070,"href":"https:\/\/ultimato.com.br\/sites\/maosdadas\/wp-json\/wp\/v2\/posts\/3067\/revisions\/3070"}],"wp:attachment":[{"href":"https:\/\/ultimato.com.br\/sites\/maosdadas\/wp-json\/wp\/v2\/media?parent=3067"}],"wp:term":[{"taxonomy":"category","embeddable":true,"href":"https:\/\/ultimato.com.br\/sites\/maosdadas\/wp-json\/wp\/v2\/categories?post=3067"},{"taxonomy":"post_tag","embeddable":true,"href":"https:\/\/ultimato.com.br\/sites\/maosdadas\/wp-json\/wp\/v2\/tags?post=3067"}],"curies":[{"name":"wp","href":"https:\/\/api.w.org\/{rel}","templated":true}]}}