{"id":3039,"date":"2013-11-21T13:54:57","date_gmt":"2013-11-21T16:54:57","guid":{"rendered":"http:\/\/ultimato.com.br\/sites\/maosdadas\/?p=3039"},"modified":"2013-11-22T06:56:06","modified_gmt":"2013-11-22T09:56:06","slug":"o-que-as-criancas-sabem-que-os-adultos-costumam-esquecer","status":"publish","type":"post","link":"https:\/\/ultimato.com.br\/sites\/maosdadas\/2013\/11\/21\/o-que-as-criancas-sabem-que-os-adultos-costumam-esquecer\/","title":{"rendered":"O que as crian\u00e7as sabem que os adultos costumam esquecer?"},"content":{"rendered":"<p>&nbsp;<\/p>\n<div id=\"attachment_3042\" style=\"width: 180px\" class=\"wp-caption alignleft\"><a href=\"http:\/\/ultimato.com.br\/sites\/maosdadas\/files\/2013\/11\/2013.11.21_Mae_Menina-11.jpg\" class=\"lightview\" data-lightview-group=\"group-3039\" data-lightview-options=\"skin: 'dark', controls: 'relative', padding: '10', shadow: { color: '#000000', opacity: 0.08, blur: 3 }\"><img loading=\"lazy\" decoding=\"async\" aria-describedby=\"caption-attachment-3042\" class=\"size-full wp-image-3042\" alt=\"Inoc\u00eancia que nos aben\u00e7oa\" src=\"http:\/\/ultimato.com.br\/sites\/maosdadas\/files\/2013\/11\/2013.11.21_Mae_Menina-11.jpg\" width=\"170\" height=\"131\" srcset=\"https:\/\/ultimato.com.br\/sites\/maosdadas\/files\/2013\/11\/2013.11.21_Mae_Menina-11.jpg 170w, https:\/\/ultimato.com.br\/sites\/maosdadas\/files\/2013\/11\/2013.11.21_Mae_Menina-11-150x115.jpg 150w\" sizes=\"auto, (max-width: 170px) 100vw, 170px\" \/><\/a><p id=\"caption-attachment-3042\" class=\"wp-caption-text\">Inoc\u00eancia que nos aben\u00e7oa<\/p><\/div>\n<p><strong><span style=\"color: #008000;\">Thomas Oden \u00e9 um te\u00f3logo metodista norte-americano e escritor de muitos livros cujo tema principal \u00e9 o legado crist\u00e3o deixado para n\u00f3s pelos Pais da Igreja.\u00a0 Os Pais da Igreja foram l\u00edderes da igreja primitiva que exerceram uma influ\u00eancia cristoc\u00eantrica em seu tempo e combateram heresias naqueles s\u00e9culos iniciais da igreja em forma\u00e7\u00e3o. Devemos a eles a preserva\u00e7\u00e3o da f\u00e9 crist\u00e3, garantida para n\u00f3s hoje nas Escrituras Sagradas. Veja abaixo um pequeno resumo que Thomas Oden escreveu sobre a interpreta\u00e7\u00e3o de alguns Pais da Igreja sobre a passagem de Mateus 18.05.<\/span><\/strong><\/p>\n<p><b style=\"font-size: 13px;\">Epif\u00e2nio, Bispo de Benevento ou Sevilha<\/b><span style=\"font-size: 13px;\">, no final do quinto s\u00e9culo, ponderou sobre o que seria &#8220;tornar-se como crian\u00e7a \u201c. Elas nos aben\u00e7oam. Por qu\u00ea? &#8220;A crian\u00e7a n\u00e3o sabe como se manter magoada e ressentida, como arder em \u00f3dio. Ela n\u00e3o sabe como retribuir o mal com o mal. Ela n\u00e3o tem pensamentos preconcebidos. Ela n\u00e3o comete adult\u00e9rio, n\u00e3o mata ou coloca fogo em algo de forma criminosa. Ela \u00e9 totalmente ignorante quanto a roubos ou brigas ou todas as coisas que ir\u00e3o no futuro lev\u00e1-la ao pecado. Ela n\u00e3o sabe xingar ou blasfemar ou \u00a0mentir &#8230; Portanto, o que as crian\u00e7as s\u00e3o em sua simplicidade, tornemo-nos por meio de um caminho santo de vida, como crian\u00e7as inocentes quanto ao pecado. E com raz\u00e3o, aquele que se tornar como uma crian\u00e7a, inocente quanto ao pecado, \u00e9 grande no reino dos c\u00e9us. E quem receber tal pessoa, estar\u00e1 recebendo o pr\u00f3prio Cristo &#8221; (Epif\u00e2nio, The Interpretation of the Gospels, 27; Mt 18.05). Para que um adulto se torne mais parecido com uma crian\u00e7a \u00e9 necess\u00e1rio que ele entre em uma esfera de vida mais inocente, menos adulterada.<\/span> A crian\u00e7a ensina simplicidade para o adulto. Somente quando &#8220;n\u00f3s mesmos assumimos este h\u00e1bito, com vontade em todos os nossos afetos, \u00e9 que nos \u00e9 mostrada a passagem para os c\u00e9us. Devemos, portanto, voltar \u00e0 simplicidade das crian\u00e7as, pois com ela abra\u00e7aremos a beleza da humildade do Senhor\u201d (<b>Hil\u00e1rio de Poitiers<\/b>, <i>On Mathew 18.1<\/i>; Mt. 18.4). Todo pai ou m\u00e3e t\u00eam oportunidade de aprender sobre isto todos os dias. E isto esta mais evidente na crian\u00e7a bem pequena. O leitor pode pensar: &#8220;Onde est\u00e1 esta crian\u00e7a, ela existe? Eu nunca vi nenhuma assim &#8220;. Os Pais da Igreja dizem : \u201cOnde elas n\u00e3o est\u00e3o? \u00c9 assim que s\u00e3o as crian\u00e7as.\u201d Talvez n\u00e3o na sua forma pura, mas em algum lugar no centro oculto do seu ser, elas s\u00e3o aben\u00e7oadas. Preste mais aten\u00e7\u00e3o a elas. Entre os &#8220;pequeninos&#8221; estavam as crian\u00e7as da Galileia que vieram a Jesus e foram aben\u00e7oadas por ele. Elas foram aben\u00e7oadas simplesmente pela presen\u00e7a de Jesus. Elas rapidamente estabeleceram uma conex\u00e3o com a sua humildade, bondade e simplicidade. <!--more-->Elas s\u00e3o aben\u00e7oadas pela gra\u00e7a comum,\u00a0 escreveu Hil\u00e1rio, porque \u2013 veja as in\u00fameras maneiras pelas quais elas s\u00e3o ben\u00e7\u00e3os \u2013 \u201ccrian\u00e7as seguem seus pais, amam suas m\u00e3es, n\u00e3o sabem como desejar o mal ao seu pr\u00f3ximo, n\u00e3o demonstram preocupa\u00e7\u00e3o com as riquezas, n\u00e3o s\u00e3o orgulhosas, n\u00e3o odeiam , n\u00e3o mentem, acreditam no que lhes \u00e9 dito e aceitam o que ouvem como verdade &#8221; (Hil\u00e1rio de Poitiers, <i>On Mathew 18,1<\/i> ; Mt. 18.04 ). No epis\u00f3dio no qual Jesus aben\u00e7oou as crian\u00e7as, <b>Jer\u00f4nimo<\/b> pressup\u00f4s que o que Jesus estava dizendo aos adultos era: \u00a0&#8220;Assim como esta crian\u00e7a que lhe dou como exemplo, n\u00e3o persiste na raiva, n\u00e3o se lembra do mal que lhe foi feito, \u00a0n\u00e3o corre atr\u00e1s de mulheres bonitas, n\u00e3o pensa uma coisa mas diz outra, assim tamb\u00e9m, a n\u00e3o ser que voc\u00ea tenha uma inoc\u00eancia e pureza de esp\u00edrito semelhante \u00e0 dela, voc\u00ea n\u00e3o poder\u00e1 entrar no reino dos c\u00e9us &#8221; (Jer\u00f4nimo, <i>Commentary on Matthew 3<\/i> ; Mt. 18.4). Os vest\u00edgios de pureza de cora\u00e7\u00e3o na condi\u00e7\u00e3o humana ainda est\u00e3o evidentes nas crian\u00e7as, e precisam ser trazidos \u00e0 tona. O \u00c9dem ser\u00e1 logo esquecido, mas nunca completamente . <b>Epif\u00e2nio<\/b>, Bispo de Benevento ou Sevilha, viveu no final do s\u00e9culo V e in\u00edcio do s\u00e9culo VI. <b>Hil\u00e1rio de Poitiers<\/b>, Bispo de Poitiers, exegeta,\u00a0 nasceu em 315 d.C. e morreu em 367 da d.C. <b>Jer\u00f4nimo<\/b>, tradutor da B\u00edblia do grego para o latim formando a Vulgata, viveu de 347 d.C. a 420 d.C.<\/p>\n","protected":false},"excerpt":{"rendered":"<p>&nbsp; Thomas Oden \u00e9 um te\u00f3logo metodista norte-americano e escritor de muitos livros cujo tema principal \u00e9 o legado crist\u00e3o deixado para n\u00f3s pelos Pais da Igreja.\u00a0 Os Pais da Igreja foram l\u00edderes da igreja primitiva que exerceram uma influ\u00eancia cristoc\u00eantrica em seu tempo e combateram heresias naqueles s\u00e9culos iniciais da igreja em forma\u00e7\u00e3o. Devemos [&hellip;]<\/p>\n","protected":false},"author":33,"featured_media":0,"comment_status":"open","ping_status":"open","sticky":false,"template":"","format":"standard","meta":{"ngg_post_thumbnail":0,"footnotes":""},"categories":[15786],"tags":[15991,5389,15,19487,19488],"class_list":["post-3039","post","type-post","status-publish","format-standard","hentry","category-em-pauta","tag-adultos","tag-conhecimento","tag-criancas","tag-esquecimento","tag-thomas-oden"],"_links":{"self":[{"href":"https:\/\/ultimato.com.br\/sites\/maosdadas\/wp-json\/wp\/v2\/posts\/3039","targetHints":{"allow":["GET"]}}],"collection":[{"href":"https:\/\/ultimato.com.br\/sites\/maosdadas\/wp-json\/wp\/v2\/posts"}],"about":[{"href":"https:\/\/ultimato.com.br\/sites\/maosdadas\/wp-json\/wp\/v2\/types\/post"}],"author":[{"embeddable":true,"href":"https:\/\/ultimato.com.br\/sites\/maosdadas\/wp-json\/wp\/v2\/users\/33"}],"replies":[{"embeddable":true,"href":"https:\/\/ultimato.com.br\/sites\/maosdadas\/wp-json\/wp\/v2\/comments?post=3039"}],"version-history":[{"count":5,"href":"https:\/\/ultimato.com.br\/sites\/maosdadas\/wp-json\/wp\/v2\/posts\/3039\/revisions"}],"predecessor-version":[{"id":3046,"href":"https:\/\/ultimato.com.br\/sites\/maosdadas\/wp-json\/wp\/v2\/posts\/3039\/revisions\/3046"}],"wp:attachment":[{"href":"https:\/\/ultimato.com.br\/sites\/maosdadas\/wp-json\/wp\/v2\/media?parent=3039"}],"wp:term":[{"taxonomy":"category","embeddable":true,"href":"https:\/\/ultimato.com.br\/sites\/maosdadas\/wp-json\/wp\/v2\/categories?post=3039"},{"taxonomy":"post_tag","embeddable":true,"href":"https:\/\/ultimato.com.br\/sites\/maosdadas\/wp-json\/wp\/v2\/tags?post=3039"}],"curies":[{"name":"wp","href":"https:\/\/api.w.org\/{rel}","templated":true}]}}