{"id":3019,"date":"2013-11-19T13:03:18","date_gmt":"2013-11-19T16:03:18","guid":{"rendered":"http:\/\/ultimato.com.br\/sites\/maosdadas\/?p=3019"},"modified":"2013-11-19T13:10:32","modified_gmt":"2013-11-19T16:10:32","slug":"adolescentes-ribeirinhos-descobrem-que-dar-e-melhor-do-que-receber","status":"publish","type":"post","link":"https:\/\/ultimato.com.br\/sites\/maosdadas\/2013\/11\/19\/adolescentes-ribeirinhos-descobrem-que-dar-e-melhor-do-que-receber\/","title":{"rendered":"Adolescentes ribeirinhos descobrem que dar \u00e9 melhor do que receber!"},"content":{"rendered":"<p>O trabalho despojado e alegre de adolescentes na Comunidade Santo Ant\u00f4nio, no Rio Tracaj\u00e1, Parintins,\u00a0AM, demonstra uma verdade antiga mas muito atual em nossos dias.<\/p>\n<p>As palavras de Jesus, ditas h\u00e1 dois mil\u00eanios, continuam vivas e muito atuais.<\/p>\n<blockquote><p>\u00a0\u201cMais bem-aventurada\u00a0coisa \u00e9 dar do que receber\u201d.<\/p><\/blockquote>\n<p>Veja por exemplo a hist\u00f3ria dos adolescentes da Comunidade Santo\u00a0Ant\u00f4nio, localizada \u00e0s margens do Rio Tracaj\u00e1, h\u00e1 umas 3 horas da cidade de Parintins, AM. Eles atuam\u00a0como Agentes da \u00c1gua no projeto \u201c\u00c1gua Limpa para os Curumins\u201d, um projeto realizado pela ONG <a href=\"http:\/\/www.asasdesocorro.org.br\/\" target=\"_blank\">Asas\u00a0de Socorro<\/a> com o apoio da <a href=\"http:\/\/www.tearfund.org\/\" target=\"_blank\">Tearfund<\/a> e Opera\u00e7\u00e3o Amazonas.<\/p>\n<p>A comunidade quer \u00e1gua limpa, saneamento b\u00e1sico, condi\u00e7\u00f5es de vida em p\u00e9 de igualdade com os\u00a0habitantes de um centro urbano qualquer. Eles sabem que isto faz toda a diferen\u00e7a quando o assunto \u00e9\u00a0sa\u00fade. Asas de Socorro quer ajudar a comunidade a ter acesso \u00e0 \u00e1gua pot\u00e1vel, um direito fundamental\u00a0de todo ser humano, reconhecido mundialmente.<\/p>\n<p><em> O que fazer?<\/em> H\u00e1 dois caminhos. Pode-se propor, implementar e financiar as mudan\u00e7as de fora para\u00a0dentro. Ou \u00e9 poss\u00edvel construir um caminho com a comunidade reconhecendo que eles tamb\u00e9m ser\u00e3o\u00a0aben\u00e7oados no pr\u00f3prio ato de doar de si mesmos para o bem comum. Este segundo caminho foi o\u00a0escolhido recentemente.<\/p>\n<div id=\"attachment_3022\" style=\"width: 280px\" class=\"wp-caption alignleft\"><a href=\"http:\/\/ultimato.com.br\/sites\/maosdadas\/files\/2013\/11\/DSC048959.jpg\" class=\"lightview\" data-lightview-group=\"group-3019\" data-lightview-options=\"skin: 'dark', controls: 'relative', padding: '10', shadow: { color: '#000000', opacity: 0.08, blur: 3 }\"><img loading=\"lazy\" decoding=\"async\" aria-describedby=\"caption-attachment-3022\" class=\" wp-image-3022\" alt=\"DSC048959\" src=\"http:\/\/ultimato.com.br\/sites\/maosdadas\/files\/2013\/11\/DSC048959-300x225.jpg\" width=\"270\" height=\"203\" srcset=\"https:\/\/ultimato.com.br\/sites\/maosdadas\/files\/2013\/11\/DSC048959-300x225.jpg 300w, https:\/\/ultimato.com.br\/sites\/maosdadas\/files\/2013\/11\/DSC048959-150x112.jpg 150w, https:\/\/ultimato.com.br\/sites\/maosdadas\/files\/2013\/11\/DSC048959.jpg 423w\" sizes=\"auto, (max-width: 270px) 100vw, 270px\" \/><\/a><p id=\"caption-attachment-3022\" class=\"wp-caption-text\">Adolescentes da Escola Municipal Luiz Gonzaga<\/p><\/div>\n<p><em>Quem doa de si mesmo?\u00a0<\/em>Os adolescentes da Escola Municipal Luiz Gonzaga. Eles visitam as casas dos\u00a0moradores de n\u00facleos comunit\u00e1rios menores onde as pessoas dependem da \u00e1gua suja do rio para\u00a0sobreviver. Nas visitas, eles oferecem e informam as fam\u00edlias sobre os benef\u00edcios do filtro biol\u00f3gico.\u00a0Este filtro \u00e9 uma doa\u00e7\u00e3o da Opera\u00e7\u00e3o Amazonas e pode ser montado em cada casa de forma simples e\u00a0eficaz. Eles conduzem palestras na pr\u00f3pria escola, convencendo as crian\u00e7as menores sobre h\u00e1bitos de\u00a0higiene saud\u00e1vel.<\/p>\n<p>&nbsp;<\/p>\n<p><!--more--><\/p>\n<p>&nbsp;<\/p>\n<div id=\"attachment_3021\" style=\"width: 286px\" class=\"wp-caption alignleft\"><a href=\"http:\/\/ultimato.com.br\/sites\/maosdadas\/files\/2013\/11\/a-noite.jpg\" class=\"lightview\" data-lightview-group=\"group-3019\" data-lightview-options=\"skin: 'dark', controls: 'relative', padding: '10', shadow: { color: '#000000', opacity: 0.08, blur: 3 }\"><img loading=\"lazy\" decoding=\"async\" aria-describedby=\"caption-attachment-3021\" class=\" wp-image-3021\" alt=\"a noite\" src=\"http:\/\/ultimato.com.br\/sites\/maosdadas\/files\/2013\/11\/a-noite.jpg\" width=\"276\" height=\"207\" srcset=\"https:\/\/ultimato.com.br\/sites\/maosdadas\/files\/2013\/11\/a-noite.jpg 460w, https:\/\/ultimato.com.br\/sites\/maosdadas\/files\/2013\/11\/a-noite-300x225.jpg 300w, https:\/\/ultimato.com.br\/sites\/maosdadas\/files\/2013\/11\/a-noite-150x112.jpg 150w\" sizes=\"auto, (max-width: 276px) 100vw, 276px\" \/><\/a><p id=\"caption-attachment-3021\" class=\"wp-caption-text\">Tabula\u00e7\u00e3o dos resultados<\/p><\/div>\n<p>\u00c0s v\u00e9speras do feriado de do dia 02 de novembro, num dia sem aulas para o restante da escola, 15\u00a0\u201cAgentes da \u00c1gua\u201d se reuniram para percorrer todas as casas da comunidade realizando um diagn\u00f3stico\u00a0r\u00e1pido participativo. Ao final tabularam os resultados e planejaram os pr\u00f3ximos passos.<\/p>\n<p>&nbsp;<\/p>\n<p>&nbsp;<\/p>\n<p>&nbsp;<\/p>\n<p>&nbsp;<\/p>\n<p>&nbsp;<\/p>\n<div id=\"attachment_3020\" style=\"width: 204px\" class=\"wp-caption alignleft\"><a href=\"http:\/\/ultimato.com.br\/sites\/maosdadas\/files\/2013\/11\/Lucas.jpg\" class=\"lightview\" data-lightview-group=\"group-3019\" data-lightview-options=\"skin: 'dark', controls: 'relative', padding: '10', shadow: { color: '#000000', opacity: 0.08, blur: 3 }\"><img loading=\"lazy\" decoding=\"async\" aria-describedby=\"caption-attachment-3020\" class=\" wp-image-3020 \" alt=\"Lucas\" src=\"http:\/\/ultimato.com.br\/sites\/maosdadas\/files\/2013\/11\/Lucas.jpg\" width=\"194\" height=\"258\" srcset=\"https:\/\/ultimato.com.br\/sites\/maosdadas\/files\/2013\/11\/Lucas.jpg 307w, https:\/\/ultimato.com.br\/sites\/maosdadas\/files\/2013\/11\/Lucas-112x150.jpg 112w\" sizes=\"auto, (max-width: 194px) 100vw, 194px\" \/><\/a><p id=\"caption-attachment-3020\" class=\"wp-caption-text\">Lucas, 17 anos<\/p><\/div>\n<p>Naquele mesmo dia, mais cedo, Lucas, 17 anos, tinha, juntamente com seu pai e m\u00e3e, visitado uma\u00a0fam\u00edlia em um igarap\u00e9 pr\u00f3ximo para instalar mais um filtro. O rapaz fez todo o trabalho enchendo o\u00a0recipiente com diferentes camadas de areia e brita, enquanto sua m\u00e3e instru\u00eda a fam\u00edlia quanto ao uso\u00a0do filtro. O entusiasmo com o projeto era evidente, a alegria de poder servir seu pr\u00f3prio povo tamb\u00e9m!<\/p>\n<p>&nbsp;<\/p>\n<p>&nbsp;<\/p>\n<p>&nbsp;<\/p>\n<p>&nbsp;<\/p>\n<p>&nbsp;<\/p>\n<p>&nbsp;<\/p>\n<p><strong><span style=\"color: #808000;\">Veja os n\u00fameros do projeto at\u00e9 agora:<\/span><\/strong><\/p>\n<ul>\n<li>260 fam\u00edlias usando \u00e1gua filtrada, mais de 800 pessoas fazendo uso de \u00e1gua\u00a0pot\u00e1vel no Tracaj\u00e1.<\/li>\n<li>15 Agentes da \u00c1gua trabalhando para criar maior ades\u00e3o dos comunit\u00e1rios ao\u00a0uso de \u00e1gua pot\u00e1vel e ao trabalho de buscar solu\u00e7\u00f5es para os problemas de\u00a0saneamento.<\/li>\n<li>47 fam\u00edlias visitadas ap\u00f3s 02 meses de uso. Com as visitas, descobrimos que\u00a0apenas 03 filtros n\u00e3o estavam sendo usados. Quase 100% de ades\u00e3o ao projeto\u00a0que melhora a \u00e1gua e a sa\u00fade de crian\u00e7as e adultos!<\/li>\n<li>07 comunidades envolvidas com o projeto \u2013 F\u00e1tima, Sagrado Cora\u00e7\u00e3o,\u00a0S.Sebasti\u00e3o, S. Benedito, N. Oriente, Cabeceira Cacirica, Toledo Pizzo, Santo\u00a0Ant\u00f4nio.<\/li>\n<\/ul>\n","protected":false},"excerpt":{"rendered":"<p>O trabalho despojado e alegre de adolescentes na Comunidade Santo Ant\u00f4nio, no Rio Tracaj\u00e1, Parintins,\u00a0AM, demonstra uma verdade antiga mas muito atual em nossos dias. As palavras de Jesus, ditas h\u00e1 dois mil\u00eanios, continuam vivas e muito atuais. \u00a0\u201cMais bem-aventurada\u00a0coisa \u00e9 dar do que receber\u201d. Veja por exemplo a hist\u00f3ria dos adolescentes da Comunidade Santo\u00a0Ant\u00f4nio, [&hellip;]<\/p>\n","protected":false},"author":33,"featured_media":0,"comment_status":"open","ping_status":"open","sticky":false,"template":"","format":"standard","meta":{"ngg_post_thumbnail":0,"footnotes":""},"categories":[15786],"tags":[19485,4007,5715,37],"class_list":["post-3019","post","type-post","status-publish","format-standard","hentry","category-em-pauta","tag-adolescentes-ribeirinhos","tag-asas-de-socorro","tag-manaus","tag-tearfund"],"_links":{"self":[{"href":"https:\/\/ultimato.com.br\/sites\/maosdadas\/wp-json\/wp\/v2\/posts\/3019","targetHints":{"allow":["GET"]}}],"collection":[{"href":"https:\/\/ultimato.com.br\/sites\/maosdadas\/wp-json\/wp\/v2\/posts"}],"about":[{"href":"https:\/\/ultimato.com.br\/sites\/maosdadas\/wp-json\/wp\/v2\/types\/post"}],"author":[{"embeddable":true,"href":"https:\/\/ultimato.com.br\/sites\/maosdadas\/wp-json\/wp\/v2\/users\/33"}],"replies":[{"embeddable":true,"href":"https:\/\/ultimato.com.br\/sites\/maosdadas\/wp-json\/wp\/v2\/comments?post=3019"}],"version-history":[{"count":15,"href":"https:\/\/ultimato.com.br\/sites\/maosdadas\/wp-json\/wp\/v2\/posts\/3019\/revisions"}],"predecessor-version":[{"id":3037,"href":"https:\/\/ultimato.com.br\/sites\/maosdadas\/wp-json\/wp\/v2\/posts\/3019\/revisions\/3037"}],"wp:attachment":[{"href":"https:\/\/ultimato.com.br\/sites\/maosdadas\/wp-json\/wp\/v2\/media?parent=3019"}],"wp:term":[{"taxonomy":"category","embeddable":true,"href":"https:\/\/ultimato.com.br\/sites\/maosdadas\/wp-json\/wp\/v2\/categories?post=3019"},{"taxonomy":"post_tag","embeddable":true,"href":"https:\/\/ultimato.com.br\/sites\/maosdadas\/wp-json\/wp\/v2\/tags?post=3019"}],"curies":[{"name":"wp","href":"https:\/\/api.w.org\/{rel}","templated":true}]}}