{"id":2987,"date":"2013-11-07T11:04:14","date_gmt":"2013-11-07T14:04:14","guid":{"rendered":"http:\/\/ultimato.com.br\/sites\/maosdadas\/?p=2987"},"modified":"2013-11-07T11:04:14","modified_gmt":"2013-11-07T14:04:14","slug":"elas-podem-e-nos-adultos-nao-podemos-embaraca-las","status":"publish","type":"post","link":"https:\/\/ultimato.com.br\/sites\/maosdadas\/2013\/11\/07\/elas-podem-e-nos-adultos-nao-podemos-embaraca-las\/","title":{"rendered":"Elas podem &#8230; e n\u00f3s (adultos) n\u00e3o podemos embara\u00e7\u00e1-las"},"content":{"rendered":"<div id=\"attachment_2990\" style=\"width: 507px\" class=\"wp-caption aligncenter\"><a href=\"http:\/\/ultimato.com.br\/sites\/maosdadas\/files\/2013\/11\/capa-MD-12-menor12.jpg\" class=\"lightview\" data-lightview-group=\"group-2987\" data-lightview-options=\"skin: 'dark', controls: 'relative', padding: '10', shadow: { color: '#000000', opacity: 0.08, blur: 3 }\" data-lightview-title=\"UNICEF \/ HQ01-0429 \/ Cl\u00e1udio Versiani\"><img loading=\"lazy\" decoding=\"async\" aria-describedby=\"caption-attachment-2990\" class=\"size-full wp-image-2990 \" title=\"UNICEF \/ HQ01-0429 \/ Cl\u00e1udio Versiani\" alt=\"capa-MD-12-menor12\" src=\"http:\/\/ultimato.com.br\/sites\/maosdadas\/files\/2013\/11\/capa-MD-12-menor12.jpg\" width=\"497\" height=\"266\" srcset=\"https:\/\/ultimato.com.br\/sites\/maosdadas\/files\/2013\/11\/capa-MD-12-menor12.jpg 497w, https:\/\/ultimato.com.br\/sites\/maosdadas\/files\/2013\/11\/capa-MD-12-menor12-300x160.jpg 300w, https:\/\/ultimato.com.br\/sites\/maosdadas\/files\/2013\/11\/capa-MD-12-menor12-150x80.jpg 150w\" sizes=\"auto, (max-width: 497px) 100vw, 497px\" \/><\/a><p id=\"caption-attachment-2990\" class=\"wp-caption-text\">A \u00fanica forma de aprender a voar \u00e9 voando<\/p><\/div>\n<p><em><strong>\u201cComo a \u00e1guia ensina os filhotes a voar e com as asas estendidas os pega quando est\u00e3o caindo, assim o SENHOR Deus cuida do seu povo.\u201d (Deuteron\u00f4mio 32.11)<br \/>\n<\/strong><\/em><br \/>\nA \u00e1guia tem uma forma muito radical de ensinar seus filhotes a voar. Ela simplesmente os lan\u00e7a em queda livre porque a natureza lhe ensinou que a \u00fanica forma de aprender a voar \u00e9 voando. As vezes agimos mais como galinhas chocas, sufocando nossas crian\u00e7as porque n\u00e3o acreditamos em sua capacidade de andar com suas pr\u00f3prias pernas. Por consequ\u00eancia, acabamos n\u00e3o lhes dando ouvidos tamb\u00e9m.<\/p>\n<p>Protagonismo infanto-juvenil (ou participa\u00e7\u00e3o infantil) surge das discuss\u00f5es em torno dos direitos das crian\u00e7as. A Conven\u00e7\u00e3o Internacional dos Direitos da Crian\u00e7a afirma, no artigo 12, que a crian\u00e7a tem \u201co direito de expressar suas opini\u00f5es livremente sobre todos os assuntos relacionados a ela\u201d.<\/p>\n<p>Protagonismo infanto-juvenil surge tamb\u00e9m de uma outra discuss\u00e3o: como as pessoas se tornam capazes de gerir suas vidas? Participando desde cedo das decis\u00f5es sobre quest\u00f5es que lhe afetam. Uma crian\u00e7a s\u00f3 aprende a ser cidad\u00e3 quando exerce sua cidadania.<!--more--><\/p>\n<p>Temos um termo t\u00e9cnico para a arte de influenciar pessoas ou grupos para que adquiram atitudes geradoras de mudan\u00e7as e autonomia: empoderamento.\u00a0<em>(1)<\/em><br \/>\nPessoas ou comunidades cuja dignidade \u00e9 evidente \u201cv\u00eaem-se como pessoas de recursos, acreditam que podem realizar mudan\u00e7as por elas mesmas, (&#8230;) encorajam as aspira\u00e7\u00f5es, esperan\u00e7as e criatividade dos indiv\u00edduos e grupos, t\u00eam um crescimento consciente e cheio de esperan\u00e7as, t\u00eam expectativas e tomam responsabilidades para si\u201d.\u00a0<em>(2)\u00a0<\/em><\/p>\n<p>Por que n\u00e3o trabalhar estas atitudes quando lidamos com crian\u00e7as e adolescentes?<\/p>\n<p>Os artigos principais desta edi\u00e7\u00e3o enfocam dois contextos importantes para a participa\u00e7\u00e3o infantil: nos projetos sociais e na igreja. A partir destas reflex\u00f5es, queremos promover a \u00e9tica de Jesus que acolhia, de verdade, as crian\u00e7as e n\u00e3o deixava os religiosos esquecerem: \u00e9 delas que prov\u00e9m o perfeito louvor (Mt 21.15).<\/p>\n<p>&nbsp;<\/p>\n<p><strong>Notas:\u00a0<\/strong><br \/>\n<em>(1) Esta palavra veio do verbo no ingl\u00eas to empower que significa dar poder para.<br \/>\n(2) O Reino entre N\u00f3s, Maur\u00edcio J.S. Cunha e Beth Wood (Editora Ultimato), p\u00e1gina 65.<\/em><\/p>\n<p>&nbsp;<\/p>\n<div id=\"attachment_2989\" style=\"width: 590px\" class=\"wp-caption aligncenter\"><a href=\"http:\/\/ultimato.com.br\/sites\/maosdadas\/files\/2013\/11\/122.jpg\" class=\"lightview\" data-lightview-group=\"group-2987\" data-lightview-options=\"skin: 'dark', controls: 'relative', padding: '10', shadow: { color: '#000000', opacity: 0.08, blur: 3 }\"><img loading=\"lazy\" decoding=\"async\" aria-describedby=\"caption-attachment-2989\" class=\" wp-image-2989 \" alt=\"122\" src=\"http:\/\/ultimato.com.br\/sites\/maosdadas\/files\/2013\/11\/122.jpg\" width=\"580\" height=\"410\" srcset=\"https:\/\/ultimato.com.br\/sites\/maosdadas\/files\/2013\/11\/122.jpg 644w, https:\/\/ultimato.com.br\/sites\/maosdadas\/files\/2013\/11\/122-300x211.jpg 300w, https:\/\/ultimato.com.br\/sites\/maosdadas\/files\/2013\/11\/122-150x105.jpg 150w\" sizes=\"auto, (max-width: 580px) 100vw, 580px\" \/><\/a><p id=\"caption-attachment-2989\" class=\"wp-caption-text\">Retirado do livro Participa\u00e7\u00e3o Infantil, Roots 7, Tearfund, 2004.<\/p><\/div>\n<p><span style=\"color: #d22d41;\"><em>_______________________________________________________________________________________________________________________<\/em><\/span><\/p>\n<p><em>Artigo publicado originalmente na\u00a0<a href=\"http:\/\/www.biblioteca.maosdadas.org\/?pg=revista&amp;area=revista&amp;num_edicao=12\" target=\"_blank\">Revista M\u00e3os Dadas, Edi\u00e7\u00e3o 12<\/a> (p\u00e1ginas <a href=\"http:\/\/www.biblioteca.maosdadas.org\/?pg=show_artigos&amp;area=revista&amp;artigo=225&amp;sec=129&amp;num_edicao=12&amp;util=1\" target=\"_blank\">6<\/a> e <a href=\"http:\/\/www.biblioteca.maosdadas.org\/?pg=show_artigos&amp;area=revista&amp;artigo=230&amp;sec=129&amp;num_edicao=12&amp;util=1\" target=\"_blank\">7<\/a>), em julho de 2005.<\/em><\/p>\n","protected":false},"excerpt":{"rendered":"<p>\u201cComo a \u00e1guia ensina os filhotes a voar e com as asas estendidas os pega quando est\u00e3o caindo, assim o SENHOR Deus cuida do seu povo.\u201d (Deuteron\u00f4mio 32.11) A \u00e1guia tem uma forma muito radical de ensinar seus filhotes a voar. Ela simplesmente os lan\u00e7a em queda livre porque a natureza lhe ensinou que a [&hellip;]<\/p>\n","protected":false},"author":33,"featured_media":0,"comment_status":"open","ping_status":"open","sticky":false,"template":"","format":"standard","meta":{"ngg_post_thumbnail":0,"footnotes":""},"categories":[15786],"tags":[19454,16036,37],"class_list":["post-2987","post","type-post","status-publish","format-standard","hentry","category-em-pauta","tag-participacao-infantil","tag-protagonismo-infanto-juvenil","tag-tearfund"],"_links":{"self":[{"href":"https:\/\/ultimato.com.br\/sites\/maosdadas\/wp-json\/wp\/v2\/posts\/2987","targetHints":{"allow":["GET"]}}],"collection":[{"href":"https:\/\/ultimato.com.br\/sites\/maosdadas\/wp-json\/wp\/v2\/posts"}],"about":[{"href":"https:\/\/ultimato.com.br\/sites\/maosdadas\/wp-json\/wp\/v2\/types\/post"}],"author":[{"embeddable":true,"href":"https:\/\/ultimato.com.br\/sites\/maosdadas\/wp-json\/wp\/v2\/users\/33"}],"replies":[{"embeddable":true,"href":"https:\/\/ultimato.com.br\/sites\/maosdadas\/wp-json\/wp\/v2\/comments?post=2987"}],"version-history":[{"count":10,"href":"https:\/\/ultimato.com.br\/sites\/maosdadas\/wp-json\/wp\/v2\/posts\/2987\/revisions"}],"predecessor-version":[{"id":2999,"href":"https:\/\/ultimato.com.br\/sites\/maosdadas\/wp-json\/wp\/v2\/posts\/2987\/revisions\/2999"}],"wp:attachment":[{"href":"https:\/\/ultimato.com.br\/sites\/maosdadas\/wp-json\/wp\/v2\/media?parent=2987"}],"wp:term":[{"taxonomy":"category","embeddable":true,"href":"https:\/\/ultimato.com.br\/sites\/maosdadas\/wp-json\/wp\/v2\/categories?post=2987"},{"taxonomy":"post_tag","embeddable":true,"href":"https:\/\/ultimato.com.br\/sites\/maosdadas\/wp-json\/wp\/v2\/tags?post=2987"}],"curies":[{"name":"wp","href":"https:\/\/api.w.org\/{rel}","templated":true}]}}