{"id":2898,"date":"2013-10-20T05:03:06","date_gmt":"2013-10-20T08:03:06","guid":{"rendered":"http:\/\/ultimato.com.br\/sites\/maosdadas\/?p=2898"},"modified":"2013-11-05T09:10:34","modified_gmt":"2013-11-05T12:10:34","slug":"abuso-sexual-no-meio-evangelico-2","status":"publish","type":"post","link":"https:\/\/ultimato.com.br\/sites\/maosdadas\/2013\/10\/20\/abuso-sexual-no-meio-evangelico-2\/","title":{"rendered":"Abuso sexual no meio evang\u00e9lico (2)"},"content":{"rendered":"<p style=\"text-align: justify;\"><span style=\"color: #000000;\">Quando o professor de direito Boz Tchividjian,\u00a0afirmou para um grupo de jornalistas que a resposta que os evang\u00e9licos d\u00e3o ao problema do abuso sexual \u00e9 pior do que a dos cat\u00f3licos, sua afirma\u00e7\u00e3o circulou pelos meios de comunica\u00e7\u00e3o pelo mundo todo. Afinal, ele tem autoridade para emitir tal opini\u00e3o. Al\u00e9m de ter sido promotor de justi\u00e7a por mais de uma d\u00e9cada no estado da Fl\u00f3rida, ele est\u00e1 intimamente ligado ao movimento evang\u00e9lico norte-americano. Ali\u00e1s, seu av\u00f4, Billy Granham, foi talvez o maior l\u00edder do movimento evangelical no s\u00e9culo XX.<\/span><\/p>\n<div id=\"attachment_2904\" style=\"width: 213px\" class=\"wp-caption alignright\"><img loading=\"lazy\" decoding=\"async\" aria-describedby=\"caption-attachment-2904\" class=\" wp-image-2904  \" title=\"James Gilbert\" alt=\"MD_Blog_21_Outubro-1598versao\" src=\"http:\/\/ultimato.com.br\/sites\/maosdadas\/files\/2013\/10\/MD_Blog_21_Outubro-1598versao1.jpg\" width=\"203\" height=\"389\" srcset=\"https:\/\/ultimato.com.br\/sites\/maosdadas\/files\/2013\/10\/MD_Blog_21_Outubro-1598versao1.jpg 225w, https:\/\/ultimato.com.br\/sites\/maosdadas\/files\/2013\/10\/MD_Blog_21_Outubro-1598versao1-156x300.jpg 156w, https:\/\/ultimato.com.br\/sites\/maosdadas\/files\/2013\/10\/MD_Blog_21_Outubro-1598versao1-78x150.jpg 78w\" sizes=\"auto, (max-width: 203px) 100vw, 203px\" \/><p id=\"caption-attachment-2904\" class=\"wp-caption-text\"><span style=\"color: #000000;\">COME\u00c7A CEDO<\/span><\/p><\/div>\n<p style=\"text-align: justify;\"><span style=\"color: #000000;\">Veja abaixo opini\u00f5es de duas pessoas intimamente ligadas ao movimento evang\u00e9lico brasileiro e que est\u00e3o, ao mesmo tempo, inseridas no movimento de defesa e cuidado da crian\u00e7a:<\/span><\/p>\n<blockquote>\n<p style=\"text-align: justify;\"><span style=\"color: #000000;\">De fato, a Igreja Evang\u00e9lica tem feito muitas vezes vistas grossas na quest\u00e3o do abuso, limitando-se a desligar a pessoa. Isto faz com que a oportunidade exista para a mesma pessoa repetir seu comportamento em outra institui\u00e7\u00e3o. Vimos isto acontecer em Jo\u00e3o Pessoa, onde, ap\u00f3s 10 anos do mesmo comportamento repetido em v\u00e1rias institui\u00e7\u00f5es, a Tearfund foi a \u00fanica que teve a coragem de encarar e processar o abusador. Mas o processo foi arquivado por falha da justi\u00e7a.<\/span><\/p>\n<p style=\"text-align: justify;\"><span style=\"color: #000000;\">Sabemos tamb\u00e9m que a pris\u00e3o n\u00e3o cura ningu\u00e9m e ainda estigmatiza a fam\u00edlia.\u00a0Eu tive a oportunidade de participar do processo de cura de uma fam\u00edlia. Hoje, est\u00e3o todos restaurados e firmes na igreja.<\/span><\/p>\n<p style=\"text-align: justify;\"><span style=\"color: #000000;\">Por isto, a \u00eanfase na preven\u00e7\u00e3o e no tratamento das fam\u00edlias me parece prioridade.<strong>\u00a0<\/strong><\/span><\/p>\n<\/blockquote>\n<p style=\"text-align: justify;\"><span style=\"color: #000000;\"><strong>Isabelle Ludovico, psic\u00f3loga, especialista em terapia familiar<\/strong><\/span><span style=\"color: #000000;\">\u00a0<\/span><\/p>\n<p><span style=\"font-size: 13px; color: #000000;\"><!--more--><\/span><\/p>\n<blockquote>\n<div><span style=\"color: #000000;\">Na oficina <em>Um Lugar Seguro &#8211; Politicas de Prote\u00e7\u00e3o para Igrejas<\/em>, ministrada por mim no Encontro RENAS, Fortaleza, em setembro deste ano, recebi a seguinte pergunta de uma das participantes: &#8220;Voc\u00ea tem uma pesquisa ou estat\u00edstica de casos de viol\u00eancia sexual em igrejas evang\u00e9licas?&#8221;\u00a0Eu respondi que desconhe\u00e7o alguma estat\u00edstica desse g\u00eanero, embora j\u00e1 tenha tentando pesquisar algo nesse sentido. Temos visto e ouvido dos casos da igreja cat\u00f3lica, mas de igrejas evang\u00e9licas s\u00e3o poucos os denunciados e registrados.<\/span><\/div>\n<div><span style=\"color: #000000;\">Fazendo um link com esta noticia, parece-me que \u00a0estas coloca\u00e7\u00f5es de Tchividjian \u00a0s\u00e3o reais, embora eu questione algumas delas. Comecei a listar as que vem nessa not\u00edcia. Ele diz que:<\/span><\/div>\n<div><span style=\"color: #000000;\"><b>\u00a0<\/b><\/span><\/div>\n<div><span style=\"color: #000000;\"><b>&#8220;O campo mission\u00e1rio \u00e9 um \u00edm\u00e3 para abusadores sexuais&#8221;<\/b><\/span><\/div>\n<div><\/div>\n<div><span style=\"color: #000000;\">Imagino que ele fala baseando-se em seu contexto. Pode ser que seja um \u00edm\u00e3, mas eu diria que o campo mission\u00e1rio pode ser um facilitador para agressores sexuais terem acesso a suas v\u00edtimas. Se pensarmos que \u00a0igrejas (pessoas e os espa\u00e7os de conviv\u00eancia) oferecem muitos riscos para a prote\u00e7\u00e3o das crian\u00e7as e adolescentes, por n\u00e3o estarem devidamente sensibilizadas e mobilizadas para implementar pol\u00edticas de prote\u00e7\u00e3o preventivas, podemos dizer que sim, que o campo mission\u00e1rio pode ser um facilitador, pois os mission\u00e1rios v\u00eam das igrejas.<\/span><\/div>\n<div><\/div>\n<div><span style=\"color: #000000;\">Al\u00e9m da ora\u00e7\u00e3o, do testemunho pessoal e experiencia ministerial, se as igrejas n\u00e3o atentarem para mecanismos e processos para a sele\u00e7\u00e3o de seus vocacionados, h\u00e1 grandes riscos destas agencias mission\u00e1rias (que servem e cooperam com as igrejas no envio de mission\u00e1rios aos campos) facilitarem o processo de uma pessoa com o dist\u00farbio da pedofilia e potencial agressor ter acesso f\u00e1cil a crian\u00e7as e adolescentes. Entendo que os mecanismos e processos de sele\u00e7\u00e3o podem ser grandes auxiliares para verifica\u00e7\u00e3o dos frutos na vida dos vocacionados. &#8220;Pelos seus frutos os conhecereis&#8230;&#8221;<\/span><\/div>\n<div><span style=\"color: #000000;\"><b>\u00a0<\/b><\/span><\/div>\n<div><span style=\"color: #000000;\"><b>&#8220;Ele acha que estamos pior que os cat\u00f3licos. Muitos evang\u00e9licos sacrificam almas de jovens v\u00edtimas&#8221;<\/b><\/span><\/div>\n<div><span style=\"font-size: 13px; color: #000000;\">N\u00e3o sei se estamos melhor ou pior. Entendo que assim como na igreja cat\u00f3lica, h\u00e1 tamb\u00e9m v\u00e1rios tipos de viol\u00eancias nas suas mais diversas categorias entre os evang\u00e9licos. O fato \u00e9 que muitos casos da igreja cat\u00f3lica t\u00eam se tornado p\u00fablicos, mas poucos s\u00e3o os que vemos publicados das igrejas evang\u00e9licas. Nesse sentido sim, acho que muitas crian\u00e7as, adolescentes e jovens tem sido sacrificadas pelo \u00a0sil\u00eancio, desaten\u00e7\u00e3o e omiss\u00e3o de lideran\u00e7as evang\u00e9licas em muitos casos, para proteger suas institui\u00e7\u00f5es. Por\u00e9m essa n\u00e3o \u00e9 a proposta \u00a0de a\u00e7\u00f5es de justi\u00e7a do Reino de Deus compartilhadas por Jesus no Serm\u00e3o do Monte. \u00a0Este \u00e9 um caminho delicado e dif\u00edcil, mas poss\u00edvel, afinal a prote\u00e7\u00e3o \u00e9 intr\u00ednseca aos valores do Reino. N\u00e3o h\u00e1 como um mission\u00e1rio sinalizar este Reino sem amar, sem valorizar e proteger as pessoas, especialmente as crian\u00e7as e adolescentes, para o saud\u00e1vel desenvolvimento das potencialidades dadas por Deus.<\/span><\/div>\n<div><span style=\"color: #000000;\"><b>\u00a0<\/b><\/span><\/div>\n<div><span style=\"color: #000000;\"><b>&#8220;A cultura protestante \u00e9 definida pela independ\u00eancia. Evang\u00e9licos frequentemente desaprovam a transpar\u00eancia e a presta\u00e7\u00e3o de contas.&#8221;<\/b><\/span><\/div>\n<div><span style=\"color: #000000;\">N\u00e3o concordo com a segunda parte desta coloca\u00e7\u00e3o. N\u00e3o d\u00e1 para generalizar que os evang\u00e9licos desaprovem a transpar\u00eancia e a presta\u00e7\u00e3o de contas.\u00a0Atualmente vejo que h\u00e1 um movimento s\u00e9rio no sentido de buscar mais transpar\u00eancia mesmo em quest\u00f5es t\u00e3o delicadas.\u00a0Como ele pr\u00f3prio disso,\u00a0<b>h\u00e1 movimentos positivos.<\/b><\/span><\/div>\n<div><\/div>\n<div><span style=\"color: #000000;\">Penso que apesar das tristes constata\u00e7\u00f5es h\u00e1 lideran\u00e7as que realmente procuram pregar e viver o evangelho da paz, promovendo uma cultura de justi\u00e7a do Reino. H\u00e1 esperan\u00e7a na pr\u00e1tica! \u00a0S\u00e3o muito positivas es campanhas e mobiliza\u00e7\u00e3o de Renas, M\u00e3os Dadas, Movimento Juntos pela Inf\u00e2ncia no Brasil e Am\u00e9rica Latina na promo\u00e7\u00e3o e garantia dos direitos das crian\u00e7as e adolescentes, contra qualquer tipo de viol\u00eancia e explora\u00e7\u00e3o. A igreja evang\u00e9lica est\u00e1 a\u00ed nesses movimentos, embora, como institui\u00e7\u00e3o e de forma mais organizada precisa se envolver mais e fazer mais.<\/span><\/div>\n<div><\/div>\n<div><span style=\"color: #000000;\">As a\u00e7\u00f5es desses movimentos tamb\u00e9m ressoam para as agencias mission\u00e1rias que a meu ver, nesse momento est\u00e3o se despertando para a tem\u00e1tica diante da necessidade de refletir e de se organizar de forma mais consistente, construindo e implementando suas pol\u00edticas de prote\u00e7\u00e3o. Na Junta de Miss\u00f5es Mundiais, da Conven\u00e7\u00e3o Batista Brasileira, estamos no momento construindo e pensando em a\u00e7\u00f5es de implementa\u00e7\u00e3o dessa pol\u00edtica de prote\u00e7\u00e3o \u00e0 crian\u00e7a. Sei que \u00e9 um processo a m\u00e9dio\/longo prazo, mas \u00e9 algo positivo que est\u00e1 se fazendo e esta semente pode influenciar a outros.<\/span><\/div>\n<div><\/div>\n<div><span style=\"color: #000000;\">Oro que a realidade que esta not\u00edcia nos traz seja transformada. Que nos campos mission\u00e1rios, atrav\u00e9s das igrejas, dos mission\u00e1rios, seus programas e projetos possa haver maior e melhor preven\u00e7\u00e3o contra qualquer tipo de viol\u00eancia e explora\u00e7\u00e3o de crian\u00e7as. Que as agencias mission\u00e1rias sejam tamb\u00e9m promotoras de espa\u00e7os seguros onde crian\u00e7as e jovens possam conhecer a \u00a0Jesus, serem verdadeiramente libertos, restaurados e desfrutar de todo o potencial que Deus lhes tem dado.<\/span><\/div>\n<\/blockquote>\n<div><span style=\"color: #333333;\"><strong>Terezinha Candieiro, mission\u00e1ria e coordenadora do <a href=\"http:\/\/www.pepe-network.org\/\" target=\"_blank\">PEPE Internacional<\/a> da <a href=\"http:\/\/www.jmm.org.br\/\" target=\"_blank\">Junta de Miss\u00f5es\u00a0Mundiais<\/a>.<br \/>\n<\/strong><\/span><\/div>\n<div><span style=\"color: #888888;\"><strong>\u00a0<\/strong><\/span><\/div>\n<div><span style=\"color: #888888;\">______________________________________________________________________________________________________________________<\/span><\/div>\n<div>\n<ul>\n<li>Baixe e visualize a cartilha\u00a0uma a\u00e7\u00e3o educativa contra explora\u00e7\u00e3o e o abuso sexual de crian\u00e7as e adolescentes\u00a0<a href=\"http:\/\/ultimato.com.br\/sites\/maosdadas\/2013\/09\/23\/uma-acao-educativa-contra-exploracao-e-o-abuso-sexual-de-criancas-e-adolescentes\/\" target=\"_blank\">(aqui)<\/a><\/li>\n<\/ul>\n<\/div>\n<p>&nbsp;<\/p>\n","protected":false},"excerpt":{"rendered":"<p>Quando o professor de direito Boz Tchividjian,\u00a0afirmou para um grupo de jornalistas que a resposta que os evang\u00e9licos d\u00e3o ao problema do abuso sexual \u00e9 pior do que a dos cat\u00f3licos, sua afirma\u00e7\u00e3o circulou pelos meios de comunica\u00e7\u00e3o pelo mundo todo. Afinal, ele tem autoridade para emitir tal opini\u00e3o. Al\u00e9m de ter sido promotor de [&hellip;]<\/p>\n","protected":false},"author":33,"featured_media":0,"comment_status":"open","ping_status":"open","sticky":false,"template":"","format":"standard","meta":{"ngg_post_thumbnail":0,"footnotes":""},"categories":[15786],"tags":[19453,15965,19480,19469,19468],"class_list":["post-2898","post","type-post","status-publish","format-standard","hentry","category-em-pauta","tag-exploracao-e-o-abuso-sexual-de-criancas-e-adolescentes","tag-isabelle-ludovico","tag-junta-de-missoes-mundiais","tag-pepe-network","tag-terezinha-candieiro"],"_links":{"self":[{"href":"https:\/\/ultimato.com.br\/sites\/maosdadas\/wp-json\/wp\/v2\/posts\/2898","targetHints":{"allow":["GET"]}}],"collection":[{"href":"https:\/\/ultimato.com.br\/sites\/maosdadas\/wp-json\/wp\/v2\/posts"}],"about":[{"href":"https:\/\/ultimato.com.br\/sites\/maosdadas\/wp-json\/wp\/v2\/types\/post"}],"author":[{"embeddable":true,"href":"https:\/\/ultimato.com.br\/sites\/maosdadas\/wp-json\/wp\/v2\/users\/33"}],"replies":[{"embeddable":true,"href":"https:\/\/ultimato.com.br\/sites\/maosdadas\/wp-json\/wp\/v2\/comments?post=2898"}],"version-history":[{"count":12,"href":"https:\/\/ultimato.com.br\/sites\/maosdadas\/wp-json\/wp\/v2\/posts\/2898\/revisions"}],"predecessor-version":[{"id":2986,"href":"https:\/\/ultimato.com.br\/sites\/maosdadas\/wp-json\/wp\/v2\/posts\/2898\/revisions\/2986"}],"wp:attachment":[{"href":"https:\/\/ultimato.com.br\/sites\/maosdadas\/wp-json\/wp\/v2\/media?parent=2898"}],"wp:term":[{"taxonomy":"category","embeddable":true,"href":"https:\/\/ultimato.com.br\/sites\/maosdadas\/wp-json\/wp\/v2\/categories?post=2898"},{"taxonomy":"post_tag","embeddable":true,"href":"https:\/\/ultimato.com.br\/sites\/maosdadas\/wp-json\/wp\/v2\/tags?post=2898"}],"curies":[{"name":"wp","href":"https:\/\/api.w.org\/{rel}","templated":true}]}}