{"id":2835,"date":"2013-10-04T13:18:40","date_gmt":"2013-10-04T16:18:40","guid":{"rendered":"http:\/\/ultimato.com.br\/sites\/maosdadas\/?p=2835"},"modified":"2017-01-25T13:09:26","modified_gmt":"2017-01-25T16:09:26","slug":"a-oracao-de-alguns-adolescentes-e-jovens-revela-muita-gratidao","status":"publish","type":"post","link":"https:\/\/ultimato.com.br\/sites\/maosdadas\/2013\/10\/04\/a-oracao-de-alguns-adolescentes-e-jovens-revela-muita-gratidao\/","title":{"rendered":"A ora\u00e7\u00e3o de alguns adolescentes e jovens revela muita gratid\u00e3o!"},"content":{"rendered":"<div id=\"attachment_2836\" style=\"width: 333px\" class=\"wp-caption alignright\"><a href=\"http:\/\/ultimato.com.br\/sites\/maosdadas\/files\/2013\/10\/2013.09.27_Blog_Cartas2.jpg\" class=\"lightview\" data-lightview-group=\"group-2835\" data-lightview-options=\"skin: 'dark', controls: 'relative', padding: '10', shadow: { color: '#000000', opacity: 0.08, blur: 3 }\" data-lightview-title=\"James Gilbert\"><img loading=\"lazy\" decoding=\"async\" aria-describedby=\"caption-attachment-2836\" class=\"size-full wp-image-2836 \" title=\"James Gilbert\" src=\"http:\/\/ultimato.com.br\/sites\/maosdadas\/files\/2013\/10\/2013.09.27_Blog_Cartas2.jpg\" alt=\"2013.09.27_Blog_Cartas2\" width=\"323\" height=\"424\" srcset=\"https:\/\/ultimato.com.br\/sites\/maosdadas\/files\/2013\/10\/2013.09.27_Blog_Cartas2.jpg 323w, https:\/\/ultimato.com.br\/sites\/maosdadas\/files\/2013\/10\/2013.09.27_Blog_Cartas2-228x300.jpg 228w, https:\/\/ultimato.com.br\/sites\/maosdadas\/files\/2013\/10\/2013.09.27_Blog_Cartas2-114x150.jpg 114w\" sizes=\"auto, (max-width: 323px) 100vw, 323px\" \/><\/a><p id=\"caption-attachment-2836\" class=\"wp-caption-text\">Pedido de Ora\u00e7\u00e3o &#8211; Ant\u00f4nio Alves, 16 anos<\/p><\/div>\n<p>Por ocasi\u00e3o do encontro de <a href=\"http:\/\/renas.org.br\/\" target=\"_blank\">RENAS<\/a> em Fortaleza, pedimos aos adolescentes e jovens do <a href=\"http:\/\/www.integrasol.org.br\/\" target=\"_blank\">Projeto IntegraSol<\/a>, atuante nas comunidades de Ipaumirim, Novo Renascer e Pantanal, comunidades da periferia de Fortaleza, para enviarem pedidos de ora\u00e7\u00e3o para os participantes. Aqui est\u00e3o alguns deles. N\u00e3o sei se voc\u00ea ter\u00e1 a mesma rea\u00e7\u00e3o que eu. Achei muito interessante o tom de gratid\u00e3o destas ora\u00e7\u00f5es, o amor pela fam\u00edlia e os sonhos revelados! Voc\u00ea pode nos ajudar a interceder por estes adolescentes e jovens?<\/p>\n<p>&nbsp;<\/p>\n<blockquote><p><span style=\"color: #808000;\">FALA ADOLESCENTE<\/span><\/p>\n<p><strong>Senhor, Deus e pai nos ilumine a cada dia, e que atrav\u00e9s da m\u00fasica, dan\u00e7a e do respeito ao pr\u00f3ximo possamos combater a viol\u00eancia. (Vitor)<\/strong><\/p>\n<p><em>Senhor obrigado pela a minha fam\u00edlia, queria que me ajudasse a ser um jogador de futebol. (Jhonata, 13 anos)<\/em><\/p>\n<p><strong>Eu pe\u00e7o Senhor muita sa\u00fade para minha fam\u00edlia. (Ronaldo, 14 anos)<\/strong><\/p>\n<p><em>Orar pela minha m\u00e3e. (Lucas, 14 anos)<\/em><\/p>\n<p><strong>Meu Senhor queria ser um jogador de futebol, eu queria que voc\u00ea me ajudasse muito porque esse \u00e9 o meu maior sonho. (Felipe Adriano, 14 anos)<\/strong><\/p>\n<p><em>Eu pe\u00e7o ao Senhor muita sa\u00fade para minha fam\u00edlia, para eu ser um bom jogador de futebol e ajude todas as pessoas carentes. (Ricardo Costa Silva, 14 anos)<\/em><\/p>\n<p><strong>Senhor Jesus muito obrigado pelas maravilhas que o Senhor fez e faz na minha vida que o Senhor aben\u00e7oe a mim e a minha fam\u00edlia dando paz, amor, sa\u00fade e harmonia. Am\u00e9m. (Roberta Ariel, 14 anos)<\/strong><\/p>\n<p><em>Meu Deus me ajude a ser um grande jogador de futebol. (Jefferson Domingos Brito, 15 anos)<\/em><\/p>\n<p><strong>Desejo estar sempre na presen\u00e7a do Senhor, acima de qualquer dificuldade&#8230; eu e a minha casa serviremos ao Senhor. (M\u00f4nica, 15 anos)<\/strong><\/p>\n<p><em>Senhor eu \u00a0quero que o Senhor salve minha fam\u00edlia. (Lucas Mateus de Lima, 15 anos)<\/em><\/p>\n<p><strong>Queria que Deus voltasse (Ant\u00f4nio Alves, 16 anos)<\/strong><\/p>\n<p><em>Quero agradecer a Deus por tudo que ele tem feito na minha vida, nas vidas das pessoas ao meu redor, Regis, Ros\u00e2ngela, Luzia, Carol, Denise e outras pessoas que comp\u00f5e o IntegraSol. Muito obrigado ong IntegraSol pelas oportunidades que voc\u00eas tem proporcionado para as crian\u00e7as, adolescentes e jovens. (Jonas, 16 anos)<\/em><\/p>\n<p><strong>Senhor nos livra de todo o mal e nos aben\u00e7oa para alcan\u00e7as nossos sonhos. Am\u00e9m. (Maylon, 16 anos)<\/strong><\/p>\n<p><em>Agradecer pela meu dia e pedir a cada dia mais e mais sa\u00fade, prosperidade, e sucesso. Em nome de Jesus! (H\u00e9rcules Lima, 16 anos)<\/em><\/p>\n<p><strong>Senhor Deus s\u00f3 quero que os meus sonhos se realizem. (Alexandre, 17 anos)<\/strong><\/p>\n<p><em>Senhor Jesus eu te pe\u00e7o que venha fortalecer-me na tua presen\u00e7a&#8230; para que eu possa te buscar mais e mais, para que tu possa me dar a oportunidade de fazer a tua obra. (Lucas, 18 anos)<\/em><\/p>\n<p><strong>Deus eu te pe\u00e7o sa\u00fade, que neste mundo as pessoas saibam amar o pr\u00f3ximo e que n\u00e3o tenha mais guerras. (Ismael Maia, 18 anos)<\/strong><\/p><\/blockquote>\n<blockquote>\n<p style=\"text-align: left;\"><span style=\"color: #808000;\">FALA JOVEM<\/span><\/p>\n<p style=\"text-align: left;\"><strong>Al\u00f4 Senhor tudo bem? Entro em contato contigo para lhe agradecer por todos os teus feitos em minha vida, sei que sou falha, mas preciso tanto do teu cuidado&#8230; S\u00f3 tu es o Deus que podes realizar todos os meus sonhos, projetos e prop\u00f3sitos que tenho posto anti a ti&#8230; Mesmo que estas ben\u00e7\u00e3os demorem sei que estar me moldando&#8230; E mesmo assim continuas sendo Deus. (Elis\u00e2ngela, 21 anos)<\/strong><\/p>\n<p style=\"text-align: left;\"><em>Ora\u00e7\u00e3o pela a minha vida financeira, pela minha liberta\u00e7\u00e3o. Eu quero a cura para o meu v\u00f4 e quero que toda a minha fam\u00edlia venha dar o melhor para a ti. (Claudilene)<\/em><\/p>\n<\/blockquote>\n<p style=\"text-align: left;\">Para ter mais informa\u00e7\u00f5es do Projeto IntegraSol (<a href=\"http:\/\/www.integrasol.org.br\/\" target=\"_blank\">clique\u00a0aqui<\/a>)<\/p>\n","protected":false},"excerpt":{"rendered":"<p>Por ocasi\u00e3o do encontro de RENAS em Fortaleza, pedimos aos adolescentes e jovens do Projeto IntegraSol, atuante nas comunidades de Ipaumirim, Novo Renascer e Pantanal, comunidades da periferia de Fortaleza, para enviarem pedidos de ora\u00e7\u00e3o para os participantes. Aqui est\u00e3o alguns deles. N\u00e3o sei se voc\u00ea ter\u00e1 a mesma rea\u00e7\u00e3o que eu. Achei muito interessante [&hellip;]<\/p>\n","protected":false},"author":33,"featured_media":0,"comment_status":"open","ping_status":"open","sticky":false,"template":"","format":"standard","meta":{"ngg_post_thumbnail":0,"footnotes":""},"categories":[15786],"tags":[15800,19458,5674,19456,71],"class_list":["post-2835","post","type-post","status-publish","format-standard","hentry","category-em-pauta","tag-adolescente","tag-integrasol","tag-jovem","tag-pedidos-de-oracao","tag-renas"],"_links":{"self":[{"href":"https:\/\/ultimato.com.br\/sites\/maosdadas\/wp-json\/wp\/v2\/posts\/2835","targetHints":{"allow":["GET"]}}],"collection":[{"href":"https:\/\/ultimato.com.br\/sites\/maosdadas\/wp-json\/wp\/v2\/posts"}],"about":[{"href":"https:\/\/ultimato.com.br\/sites\/maosdadas\/wp-json\/wp\/v2\/types\/post"}],"author":[{"embeddable":true,"href":"https:\/\/ultimato.com.br\/sites\/maosdadas\/wp-json\/wp\/v2\/users\/33"}],"replies":[{"embeddable":true,"href":"https:\/\/ultimato.com.br\/sites\/maosdadas\/wp-json\/wp\/v2\/comments?post=2835"}],"version-history":[{"count":6,"href":"https:\/\/ultimato.com.br\/sites\/maosdadas\/wp-json\/wp\/v2\/posts\/2835\/revisions"}],"predecessor-version":[{"id":6515,"href":"https:\/\/ultimato.com.br\/sites\/maosdadas\/wp-json\/wp\/v2\/posts\/2835\/revisions\/6515"}],"wp:attachment":[{"href":"https:\/\/ultimato.com.br\/sites\/maosdadas\/wp-json\/wp\/v2\/media?parent=2835"}],"wp:term":[{"taxonomy":"category","embeddable":true,"href":"https:\/\/ultimato.com.br\/sites\/maosdadas\/wp-json\/wp\/v2\/categories?post=2835"},{"taxonomy":"post_tag","embeddable":true,"href":"https:\/\/ultimato.com.br\/sites\/maosdadas\/wp-json\/wp\/v2\/tags?post=2835"}],"curies":[{"name":"wp","href":"https:\/\/api.w.org\/{rel}","templated":true}]}}