{"id":2739,"date":"2013-09-18T12:19:10","date_gmt":"2013-09-18T15:19:10","guid":{"rendered":"http:\/\/ultimato.com.br\/sites\/maosdadas\/?p=2739"},"modified":"2013-09-18T12:21:00","modified_gmt":"2013-09-18T15:21:00","slug":"um-gesto-que-vale-por-mil-imagens","status":"publish","type":"post","link":"https:\/\/ultimato.com.br\/sites\/maosdadas\/2013\/09\/18\/um-gesto-que-vale-por-mil-imagens\/","title":{"rendered":"Um gesto que vale por mil imagens!"},"content":{"rendered":"<div id=\"attachment_2745\" style=\"width: 453px\" class=\"wp-caption aligncenter\"><a href=\"http:\/\/ultimato.com.br\/sites\/maosdadas\/files\/2013\/09\/Menino-com-deficiencia2.jpg\" class=\"lightview\" data-lightview-group=\"group-2739\" data-lightview-options=\"skin: 'dark', controls: 'relative', padding: '10', shadow: { color: '#000000', opacity: 0.08, blur: 3 }\" data-lightview-title=\"Matej Peljhan\"><img loading=\"lazy\" decoding=\"async\" aria-describedby=\"caption-attachment-2745\" class=\" wp-image-2745    \" title=\"Matej Peljhan\" alt=\"Luka tem distrofia muscular\" src=\"http:\/\/ultimato.com.br\/sites\/maosdadas\/files\/2013\/09\/Menino-com-deficiencia2.jpg\" width=\"443\" height=\"390\" srcset=\"https:\/\/ultimato.com.br\/sites\/maosdadas\/files\/2013\/09\/Menino-com-deficiencia2.jpg 443w, https:\/\/ultimato.com.br\/sites\/maosdadas\/files\/2013\/09\/Menino-com-deficiencia2-300x264.jpg 300w, https:\/\/ultimato.com.br\/sites\/maosdadas\/files\/2013\/09\/Menino-com-deficiencia2-150x132.jpg 150w\" sizes=\"auto, (max-width: 443px) 100vw, 443px\" \/><\/a><p id=\"caption-attachment-2745\" class=\"wp-caption-text\">Imagens ajudam menino na Eslov\u00eania a imaginar um mundo melhor<\/p><\/div>\n<p>Um fot\u00f3grafo amador ajuda um menino com distrofia muscular a realizar um sonho.<br \/>\nLuka Tav\u010dar, 12, tem distrofia muscular e \u00e9 totalmente dependente de sua cadeira de rodas. No entanto, no ano passado, concebeu um plano inspirador: queria ser fotografado andando e se mexendo como um outro garoto qualquer.<\/p>\n<p>Ele se aproximou de Matej Peljhan, um fot\u00f3grafo amador e um psic\u00f3logo da CIRIUS, centro de reabilita\u00e7\u00e3o perto de Liubliana, Eslov\u00eania, onde Luka \u00e9 um paciente.<\/p>\n<p>No in\u00edcio, Peljhan ficou perplexo. Como ele poderia representar um menino paral\u00edtico em movimento? &#8220;Luka queria ver a si mesmo jogando e se divertindo&#8221;, diz ele.<\/p>\n<p>Ent\u00e3o Peljhan criou uma estrat\u00e9gia: Luka poderia deitar-se em um peda\u00e7o de tecido e, com a ajuda de um fisioterapeuta, Peljhan representaria o menino como se ele estivesse pulando, descendo uma montanha em seu skate, subindo escadas, e jogando basquete. Ent\u00e3o Peljhan tiraria essas imagens de cima. As fotos demoraram cerca de um m\u00eas para serem produzidas, e se tornaram p\u00fablicas no in\u00edcio deste ano.<\/p>\n<p>Peljhan, que perdeu seu bra\u00e7o direito e olho esquerdo quando ainda era crian\u00e7a, diz que suas pr\u00f3prias defici\u00eancias o motivaram a fazer as fotografias. &#8220;Eu entendo as pessoas com limita\u00e7\u00f5es&#8221;, diz ele.<\/p>\n<p>Ele nomeou a s\u00e9rie O Pequeno Pr\u00edncipe, uma refer\u00eancia ao livro franc\u00eas de Antoine de Saint-Exup\u00e9ry em que um menino ensina um homem sobre confian\u00e7a, esperan\u00e7a e amizade. Luka adora as fotos.<\/p>\n<p>&#8220;Ele quer manter uma atitude positiva&#8221;, diz Peljhan. &#8220;A imagina\u00e7\u00e3o de Luka o ajuda a esquecer suas limita\u00e7\u00f5es f\u00edsicas. Ele \u00e9 fr\u00e1gil, mas ele pode ver o mundo de forma diferente. &#8221;<\/p>\n<p>Este artigo foi escrito por Caitlin O&#8217;Connell e postada no portal da Reader&#8217;s Digest Magazine. (<a href=\"http:\/\/www.rd.com\/true-stories\/inspiring\/inspiring-photos-helped-child-muscular-dystrophy\/\" target=\"_blank\">veja mais\u00a0aqui<\/a>)<\/p>\n<p>O blog de Peljhan pode ser acessado <a href=\"http:\/\/mate.1x.com\/gallery\/144270\" target=\"_blank\">aqui<\/a>.<\/p>\n<p>&nbsp;<\/p>\n","protected":false},"excerpt":{"rendered":"<p>Um fot\u00f3grafo amador ajuda um menino com distrofia muscular a realizar um sonho. Luka Tav\u010dar, 12, tem distrofia muscular e \u00e9 totalmente dependente de sua cadeira de rodas. No entanto, no ano passado, concebeu um plano inspirador: queria ser fotografado andando e se mexendo como um outro garoto qualquer. Ele se aproximou de Matej Peljhan, [&hellip;]<\/p>\n","protected":false},"author":33,"featured_media":0,"comment_status":"open","ping_status":"open","sticky":false,"template":"","format":"standard","meta":{"ngg_post_thumbnail":0,"footnotes":""},"categories":[15786],"tags":[19449,19447,6025],"class_list":["post-2739","post","type-post","status-publish","format-standard","hentry","category-em-pauta","tag-crianca-deficiente","tag-distrofia-muscular","tag-sonho"],"_links":{"self":[{"href":"https:\/\/ultimato.com.br\/sites\/maosdadas\/wp-json\/wp\/v2\/posts\/2739","targetHints":{"allow":["GET"]}}],"collection":[{"href":"https:\/\/ultimato.com.br\/sites\/maosdadas\/wp-json\/wp\/v2\/posts"}],"about":[{"href":"https:\/\/ultimato.com.br\/sites\/maosdadas\/wp-json\/wp\/v2\/types\/post"}],"author":[{"embeddable":true,"href":"https:\/\/ultimato.com.br\/sites\/maosdadas\/wp-json\/wp\/v2\/users\/33"}],"replies":[{"embeddable":true,"href":"https:\/\/ultimato.com.br\/sites\/maosdadas\/wp-json\/wp\/v2\/comments?post=2739"}],"version-history":[{"count":9,"href":"https:\/\/ultimato.com.br\/sites\/maosdadas\/wp-json\/wp\/v2\/posts\/2739\/revisions"}],"predecessor-version":[{"id":2750,"href":"https:\/\/ultimato.com.br\/sites\/maosdadas\/wp-json\/wp\/v2\/posts\/2739\/revisions\/2750"}],"wp:attachment":[{"href":"https:\/\/ultimato.com.br\/sites\/maosdadas\/wp-json\/wp\/v2\/media?parent=2739"}],"wp:term":[{"taxonomy":"category","embeddable":true,"href":"https:\/\/ultimato.com.br\/sites\/maosdadas\/wp-json\/wp\/v2\/categories?post=2739"},{"taxonomy":"post_tag","embeddable":true,"href":"https:\/\/ultimato.com.br\/sites\/maosdadas\/wp-json\/wp\/v2\/tags?post=2739"}],"curies":[{"name":"wp","href":"https:\/\/api.w.org\/{rel}","templated":true}]}}