{"id":2645,"date":"2013-08-21T12:17:51","date_gmt":"2013-08-21T15:17:51","guid":{"rendered":"http:\/\/ultimato.com.br\/sites\/maosdadas\/?p=2645"},"modified":"2017-01-25T13:09:45","modified_gmt":"2017-01-25T16:09:45","slug":"servindo-os-com-o-que-tinhamos-em-nossas-maos","status":"publish","type":"post","link":"https:\/\/ultimato.com.br\/sites\/maosdadas\/2013\/08\/21\/servindo-os-com-o-que-tinhamos-em-nossas-maos\/","title":{"rendered":"Servimos com o que t\u00ednhamos em nossas m\u00e3os!"},"content":{"rendered":"<div id=\"attachment_2665\" style=\"width: 610px\" class=\"wp-caption alignright\"><a href=\"http:\/\/ultimato.com.br\/sites\/maosdadas\/files\/2013\/08\/2013.03.25_Asas_de_Socorro_Sabina_PA_D800-135.jpg\" class=\"lightview\" data-lightview-group=\"group-2645\" data-lightview-options=\"skin: 'dark', controls: 'relative', padding: '10', shadow: { color: '#000000', opacity: 0.08, blur: 3 }\"><img loading=\"lazy\" decoding=\"async\" aria-describedby=\"caption-attachment-2665\" class=\"size-full wp-image-2665\" src=\"http:\/\/ultimato.com.br\/sites\/maosdadas\/files\/2013\/08\/2013.03.25_Asas_de_Socorro_Sabina_PA_D800-135.jpg\" alt=\"Uma comunidade isolada no interior da Amaz\u00f4nia pede ajuda! Chegaremos l\u00e1?\" width=\"600\" height=\"401\" srcset=\"https:\/\/ultimato.com.br\/sites\/maosdadas\/files\/2013\/08\/2013.03.25_Asas_de_Socorro_Sabina_PA_D800-135.jpg 600w, https:\/\/ultimato.com.br\/sites\/maosdadas\/files\/2013\/08\/2013.03.25_Asas_de_Socorro_Sabina_PA_D800-135-300x200.jpg 300w, https:\/\/ultimato.com.br\/sites\/maosdadas\/files\/2013\/08\/2013.03.25_Asas_de_Socorro_Sabina_PA_D800-135-150x100.jpg 150w\" sizes=\"auto, (max-width: 600px) 100vw, 600px\" \/><\/a><p id=\"caption-attachment-2665\" class=\"wp-caption-text\">Uma comunidade isolada no interior da Amaz\u00f4nia pede ajuda! Chegaremos l\u00e1?<\/p><\/div>\n<p>O relato abaixo foi escrito quando o cora\u00e7\u00e3o da autora ainda ardia com a dor da despedida de uma comunidade isolada no interior do Amazonas. Vale a pena ler, compartilhar e orar por este povo igualmente amada pelo Pai! O relato mostra que o isolamento com o restante do mundo \u00e9 uma realidade e a causa de muito sofrimento. Mas a igreja est\u00e1 l\u00e1 e portanto n\u00e3o est\u00e3o isolados do povo de Deus!<\/p>\n<p>&nbsp;<\/p>\n<blockquote><p>Hoje, 12 de abril de 2013, sexta-feira estamos saindo da Comunidade S\u00e3o Jos\u00e9 do Arara, uma entre as 50 comunidade ribeirinha do munic\u00edpio de Caapiranga, interior do Amazonas.<\/p>\n<p>J\u00e1 estamos navegando h\u00e1 duas horas e meia pelo \u201cfuro\u201d como s\u00e3o chamados aqui os atalhos que s\u00e3o encontrados no meio da mata quando o rio enche. No entanto quando chega o per\u00edodo de seca esses comunit\u00e1rios ficam isolados, n\u00e3o \u00e9 poss\u00edvel sair deste grande lago, onde fica a comunidade em embarca\u00e7\u00f5es maiores do que uma pequena canoa.<\/p>\n<p>Os mais de 1.000 comunit\u00e1rios que moram por aqui tem uma vista maravilhosa, vivem a beira de um lago do Rio Manacapuru. As belas paisagens, por\u00e9m n\u00e3o amenizam as dificuldades que enfrentam.<\/p>\n<p>Na agricultura o cultivo da Malva \u00e9 o que traz para algumas fam\u00edlias um pouco de dinheiro, por\u00e9m pelas dificuldades de escoamento, ficam sujeitos a uma oferta muito baixa no pre\u00e7o do quilo. Esse tamb\u00e9m n\u00e3o \u00e9 um cultivo f\u00e1cil, a malva cresce em regi\u00f5es de alagamento e a sua colheita se torna muito dif\u00edcil e insalubre. Muitos j\u00e1 falam em deixar de plantar, mas ainda n\u00e3o sabem como sobreviver sem ela.<\/p>\n<p>Nesta semana passamos os dias servindo-os com o que t\u00ednhamos em nossas m\u00e3os&#8230;<\/p>\n<p>Por meio da parceria <a href=\"http:\/\/www.unievangelica.edu.br\/\" target=\"_blank\">Uni Evang\u00e9lica<\/a>, <a href=\"http:\/\/asasdesocorro.org.br\/2012\/pt\/\" target=\"_blank\">Asas de Socorro<\/a> e Terra dos Homens foi poss\u00edvel chegar aqui com uma equipe grande de profissionais da \u00e1rea de sa\u00fade,\u00a0 uma m\u00e9dica e duas acad\u00eamicas de medicina, tr\u00eas m\u00e9dicas volunt\u00e1rias que vieram de Portugal para estar com Asas de Socorro por 03 meses, e a Socorro, m\u00e9dica de Manaus, muito companheira e volunt\u00e1ria. Sempre que pode ela est\u00e1 conosco.<!--more--><\/p>\n<p>A Equipe Odontol\u00f3gica veio com um odont\u00f3logo, o professor e seis acad\u00eamicos. Todos com muita disposi\u00e7\u00e3o.<\/p>\n<p>Al\u00e9m deles a equipe que o coordenador F\u00e1bio (Uni Evang\u00e9lica) trouxe foi composta por\u00a0 um acad\u00eamico de Farm\u00e1cia; dois de\u00a0 Fisioterapia;\u00a0 cinco de Enfermagem; cinco acad\u00eamicos de v\u00e1rias \u00e1reas que atuaram na Escola de Sa\u00fade( programa proposto pela Uni evang\u00e9lica\u00a0 que trabalha com oficinas, abordando temas como\u00a0 \u00c1gua, DST\/HIV, \u00c1lcool e Tabaco e Cuidado com os dentes); 3 Pesquisadores (Bi\u00f3logos e Agr\u00f4nomo).<\/p>\n<p>Asas de Socorro foi representada aqui pela Equipe de Manaus, Marco Manzano que esteve nos dois primeiros dias, Luce Janes que foi a coordenadora geral da cl\u00ednica, Christiam e eu que trabalhamos com as oficinas do Claves, exposi\u00e7\u00e3o do filme &#8220;Socorro&#8221; e contato com os professores da escola p\u00fablica. O Ronaldo que veio de Santar\u00e9m para nos dar suporte na esteriliza\u00e7\u00e3o e na montagem dos equipamentos de odonto,\u00a0 o nosso querido Reginaldo (funcion\u00e1rio da Base Manaus) que al\u00e9m de comandante do Barco de Asas foi o faz tudo. . Veio conosco tamb\u00e9m a Raquel Braun, ela veio para Manaus como volunt\u00e1ria e dedica este ano da sua vida para ajudar na base, nesta viagem ela esteve o tempo todo na farm\u00e1cia auxiliando o acad\u00eamico Heitor e as agentes de sa\u00fade na distribui\u00e7\u00e3o de medicamentos.\u00a0 E eu n\u00e3o poderia deixar de mencionar, o meu marido,\u00a0Juraci\u00a0que al\u00e9m de me fazer companhia foi o eletricista dos barcos, o padeiro, e o ajudante.<\/p>\n<p>A tripula\u00e7\u00e3o do Barco Serguem Silva, cedido pela <a href=\"http:\/\/www.visaomundial.org.br\/\" target=\"_blank\">Vis\u00e3o Mundial<\/a> tamb\u00e9m foi uma b\u00ean\u00e7\u00e3o nas nossas vidas nessa semana. O Comandante Admilton (Igreja Presbiteriana) e o Isaque, tamb\u00e9m marinheiro da Vis\u00e3o Mundial nos serviram e nos guiaram com seguran\u00e7a.<\/p>\n<p>O bi\u00f3logo Dione In\u00e1cio da Uni Evang\u00e9lica foi apelidado de Doutor Bact\u00e9ria, ele coletou \u00e1gua de v\u00e1rios pontos do rio e diretamente nas casas, improvisou uma estufa e fez a an\u00e1lise de tudo isso. Dessa forma foi poss\u00edvel mostrar para os comunit\u00e1rios de S\u00e3o Jos\u00e9 do Arara os resultados e sugerir-lhes medidas pr\u00e1ticas de como cuidar melhor da \u00e1gua e consequentemente da sua sa\u00fade.<\/p>\n<p>O agr\u00f4nomo e professor Roberto gastou os seus dias dedicados a conhecer a realidade dos agricultores. Visitou suas ro\u00e7as, coletou amostras de solo, conversou com o grupo de produtores de malva e se impressionou com o trabalho sub-humano na colheita. Munido das informa\u00e7\u00f5es que colheu e do que viu ir\u00e1 propor algumas alternativas de cultivo e projetos que juntos poderemos construir e buscar incentivos e fomentos.<\/p>\n<p>Encontramos aqui algumas pessoas preciosas, dedicadas ao servi\u00e7o do mestre&#8230;<\/p>\n<p>O pastor Hernani da igreja Batista B\u00edblica, ele e sua fam\u00edlia (esposa Elma e quatro filhos) est\u00e3o trabalhando como mission\u00e1rios aqui. Sua pequena igreja que est\u00e1 em constru\u00e7\u00e3o e tem 35 pessoas congregando e sendo discipuladas. Outro contato foi com o\u00a0casal Luziv\u00e2nia e M\u00e1rio Jorge. Ele \u00e9 natural da regi\u00e3o, um dirigente da igreja Assembl\u00e9ia de Deus. Ela trabalha com jovens e mulheres na igreja. Os dois s\u00e3o um exemplo de dedica\u00e7\u00e3o. Recentemente, atendendo a um pedido do seu pr\u00f3prio pastor, tornou-se um vereador, eleito pela comunidade. Posso afirmar que se todo pol\u00edtico fosse como ele o nosso pa\u00eds estaria muito melhor.<\/p>\n<p>Alguns fatos me impressionaram e at\u00e9 me emocionaram:<\/p>\n<p>Na segunda a noite fomos procurados por (07) sete homens, vieram como representantes da comunidade, o pastor da Igreja Batista, o pastor da Igreja Deus \u00e9 Amor, representantes da Igreja\u00a0 Assembl\u00e9ia de Deus, o coordenador da Igreja Cat\u00f3lica, e o gestor da escola. Assim que o Marco perguntou o que eles queriam o professor Marcio se tornou o porta-voz do grupo e a sua pergunta foi: \u201c N\u00f3s quer\u00edamos saber se seria poss\u00edvel Asas de Socorro fazer um p\u00f3lo permanente aqui na nossa comunidade. Durante seis meses do ano ficamos isolados, nem o recreio (barco de passageiros) consegue entrar aqui. Quase nunca vem um m\u00e9dico em nossa comunidade, e prestar socorro para algu\u00e9m com problemas de sa\u00fade \u00e9 praticamente imposs\u00edvel\u201d<\/p>\n<p>Outro momento emocionante foi o agradecimento de um professor da escola. Assim que encerramos um encontro com eles, ele nos agradeceu dizendo que era mesmo uma caridade o que hav\u00edamos feito por suas crian\u00e7as durante esses dias e que eles se sentiam privilegiados de ter a gente l\u00e1.<\/p>\n<p>No final da tarde, ao sair de uma das salas de aula a funcion\u00e1ria da limpeza disse assim para mim e para o Christian \u201c Era t\u00e3o bom se essas oficinas acontecessem sempre&#8230; quem sabe assim os curumins (crian\u00e7as) pegavam gosto pela escola, eles faltam muito e quase n\u00e3o tem incentivo.\u201d\u00a0 Durante esses\u00a0 05 dias as crian\u00e7as foram dispensadas todos os dias mais cedo\u00a0 da escola por falta de merenda.<\/p>\n<p>A dona Mariulza emocionada ao despedir tamb\u00e9m me fez chorar,\u00a0 ela disse: \u201c n\u00e3o sei se voc\u00eas v\u00e3o voltar mas eu vou ficar aqui a esperar, j\u00e1 estou com saudades, nunca fomos tratados assim com tanto carinho e amizade\u201d<\/p>\n<p>As crian\u00e7as grudaram nas mo\u00e7as e rapazes e at\u00e9 na \u00faltima hora procuravam dar as m\u00e3os como que a segurar-lhes mais um pouquinho.<\/p>\n<p><span style=\"color: #008000;\"><strong>\u00c9 assim que estamos fazendo a viagem de volta, ainda estamos navegando no furo, n\u00e3o encontramos o grande rio, mas todos est\u00e3o com o cora\u00e7\u00e3o cheio de emo\u00e7\u00f5es misturadas, impactados pelas experi\u00eancias aqui vividas, pelos encontros de alma com pessoas que aprendemos a amar, felizes por ter doado um pouquinho dos nossos dias e horas e deixado um pouquinho de n\u00f3s e do amor de Deus com aqueles vivem no meio da Amaz\u00f4nia.<\/strong><\/span><\/p><\/blockquote>\n<p><a href=\"http:\/\/ultimato.com.br\/sites\/maosdadas\/files\/2013\/08\/72909_307760066027466_443509989_n-1.jpg\" class=\"lightview\" data-lightview-group=\"group-2645\" data-lightview-options=\"skin: 'dark', controls: 'relative', padding: '10', shadow: { color: '#000000', opacity: 0.08, blur: 3 }\"><img loading=\"lazy\" decoding=\"async\" class=\"alignleft wp-image-2646\" src=\"http:\/\/ultimato.com.br\/sites\/maosdadas\/files\/2013\/08\/72909_307760066027466_443509989_n-1-150x150.jpg\" alt=\"72909_307760066027466_443509989_n (1)\" width=\"120\" height=\"120\" srcset=\"https:\/\/ultimato.com.br\/sites\/maosdadas\/files\/2013\/08\/72909_307760066027466_443509989_n-1-150x150.jpg 150w, https:\/\/ultimato.com.br\/sites\/maosdadas\/files\/2013\/08\/72909_307760066027466_443509989_n-1-64x64.jpg 64w\" sizes=\"auto, (max-width: 120px) 100vw, 120px\" \/><\/a>Eunice Bueno Cunha \u00e9 Superintendente de Projetos de <a href=\"http:\/\/asasdesocorro.org.br\/2012\/pt\/\" target=\"_blank\">Asas de Socorro<\/a>. Este ano tem dividido seu tempo entre atividades de coordena\u00e7\u00e3o a partir de An\u00e1polis, GO e visitas aos campos no estado do Amazonas. Conhe\u00e7a mais sobre o trabalho da institui\u00e7\u00e3o.<\/p>\n<p>&nbsp;<\/p>\n","protected":false},"excerpt":{"rendered":"<p>O relato abaixo foi escrito quando o cora\u00e7\u00e3o da autora ainda ardia com a dor da despedida de uma comunidade isolada no interior do Amazonas. Vale a pena ler, compartilhar e orar por este povo igualmente amada pelo Pai! O relato mostra que o isolamento com o restante do mundo \u00e9 uma realidade e a [&hellip;]<\/p>\n","protected":false},"author":33,"featured_media":0,"comment_status":"open","ping_status":"open","sticky":false,"template":"","format":"standard","meta":{"ngg_post_thumbnail":0,"footnotes":""},"categories":[15786],"tags":[4007,16029,17733,19426,45],"class_list":["post-2645","post","type-post","status-publish","format-standard","hentry","category-em-pauta","tag-asas-de-socorro","tag-comunidade-ribeirinha","tag-parintins","tag-uni-evangelica","tag-visao-mundial"],"_links":{"self":[{"href":"https:\/\/ultimato.com.br\/sites\/maosdadas\/wp-json\/wp\/v2\/posts\/2645","targetHints":{"allow":["GET"]}}],"collection":[{"href":"https:\/\/ultimato.com.br\/sites\/maosdadas\/wp-json\/wp\/v2\/posts"}],"about":[{"href":"https:\/\/ultimato.com.br\/sites\/maosdadas\/wp-json\/wp\/v2\/types\/post"}],"author":[{"embeddable":true,"href":"https:\/\/ultimato.com.br\/sites\/maosdadas\/wp-json\/wp\/v2\/users\/33"}],"replies":[{"embeddable":true,"href":"https:\/\/ultimato.com.br\/sites\/maosdadas\/wp-json\/wp\/v2\/comments?post=2645"}],"version-history":[{"count":17,"href":"https:\/\/ultimato.com.br\/sites\/maosdadas\/wp-json\/wp\/v2\/posts\/2645\/revisions"}],"predecessor-version":[{"id":6519,"href":"https:\/\/ultimato.com.br\/sites\/maosdadas\/wp-json\/wp\/v2\/posts\/2645\/revisions\/6519"}],"wp:attachment":[{"href":"https:\/\/ultimato.com.br\/sites\/maosdadas\/wp-json\/wp\/v2\/media?parent=2645"}],"wp:term":[{"taxonomy":"category","embeddable":true,"href":"https:\/\/ultimato.com.br\/sites\/maosdadas\/wp-json\/wp\/v2\/categories?post=2645"},{"taxonomy":"post_tag","embeddable":true,"href":"https:\/\/ultimato.com.br\/sites\/maosdadas\/wp-json\/wp\/v2\/tags?post=2645"}],"curies":[{"name":"wp","href":"https:\/\/api.w.org\/{rel}","templated":true}]}}