{"id":2632,"date":"2013-08-16T14:26:56","date_gmt":"2013-08-16T17:26:56","guid":{"rendered":"http:\/\/ultimato.com.br\/sites\/maosdadas\/?p=2632"},"modified":"2013-08-16T14:26:56","modified_gmt":"2013-08-16T17:26:56","slug":"8-encontro-nacional-renas","status":"publish","type":"post","link":"https:\/\/ultimato.com.br\/sites\/maosdadas\/2013\/08\/16\/8-encontro-nacional-renas\/","title":{"rendered":"8\u00b0 Encontro Nacional Renas"},"content":{"rendered":"<p style=\"text-align: center;\" align=\"center\"><a href=\"http:\/\/ultimato.com.br\/sites\/maosdadas\/files\/2013\/08\/8-encontro-de-Renas.jpg\" class=\"lightview\" data-lightview-group=\"group-2632\" data-lightview-options=\"skin: 'dark', controls: 'relative', padding: '10', shadow: { color: '#000000', opacity: 0.08, blur: 3 }\"><img loading=\"lazy\" decoding=\"async\" class=\"aligncenter  wp-image-2633\" alt=\"8 encontro de Renas\" src=\"http:\/\/ultimato.com.br\/sites\/maosdadas\/files\/2013\/08\/8-encontro-de-Renas.jpg\" width=\"468\" height=\"321\" srcset=\"https:\/\/ultimato.com.br\/sites\/maosdadas\/files\/2013\/08\/8-encontro-de-Renas.jpg 585w, https:\/\/ultimato.com.br\/sites\/maosdadas\/files\/2013\/08\/8-encontro-de-Renas-300x205.jpg 300w, https:\/\/ultimato.com.br\/sites\/maosdadas\/files\/2013\/08\/8-encontro-de-Renas-150x102.jpg 150w\" sizes=\"auto, (max-width: 468px) 100vw, 468px\" \/><\/a><\/p>\n<p align=\"center\"><b>Crian\u00e7a, igreja e sociedade<\/b><b><\/b><\/p>\n<p><strong><i>Caminhos do reino de Deus para a prote\u00e7\u00e3o de crian\u00e7as e adolescentes<\/i><\/strong><i><\/i><\/p>\n<p>As crian\u00e7as s\u00e3o leg\u00edtimos sujeitos de direitos no reino de Deus. Est\u00e1 l\u00e1 na bela express\u00e3o (e pr\u00e1tica) de Jesus (Lc 18.15-17). \u00c9 ele tamb\u00e9m que adverte que nada nem ningu\u00e9m deveria permitir que os pequeninos trope\u00e7assem (Mt 18.6).<\/p>\n<p>Mas no \u201creino dos humanos\u201d elas enfrentam grandes obst\u00e1culos para serem tratadas com respeito e dignidade, inclusive em igrejas. Crian\u00e7as e adolescentes est\u00e3o entre os grupos com menos reconhecimento de seus direitos. Pobreza, doen\u00e7as, morte, falta de acesso \u00e0 educa\u00e7\u00e3o de qualidade e viol\u00eancia (inclusive sexual) s\u00e3o alguns dos piores obst\u00e1culos que as crian\u00e7as enfrentam para sobreviver.<\/p>\n<p>Que contraste com as palavras de Jesus! Como obedi\u00eancia a ele e como seus filhos, devemos fazer tudo para promover alegria, bem-estar e plena realiza\u00e7\u00e3o das crian\u00e7as e adolescentes, reconhecendo na terra seus direitos sinalizados e assegurados no reino dos C\u00e9us.<\/p>\n<p>Comprometida com essa miss\u00e3o de Jesus, a <a href=\"http:\/\/renas.org.br\/\" target=\"_blank\">Rede Evang\u00e9lica Nacional de A\u00e7\u00e3o Social (RENAS)<\/a> promove seu <a href=\"http:\/\/encontro.renas.org.br\/\" target=\"_blank\">8\u00ba Encontro Nacional<\/a>, desta vez em Fortaleza, CE. Assim reafirmamos a necessidade de colocar as crian\u00e7as no centro da roda para a plenitude de sua exist\u00eancia, celebrando as muitas a\u00e7\u00f5es j\u00e1 feitas em rede por nossos parceiros (como a Rede M\u00e3os Dadas), desafiando a n\u00f3s mesmos para aperfei\u00e7oar os esfor\u00e7os e assumindo novos desafios.<\/p>\n<p>Esperamos e oramos para que o encontro seja, de fato, uma fortaleza para crian\u00e7as e adolescentes na defesa firme e generosa de seus direitos. Assim como o reino de Deus \u00e9 delas, o melhor de nosso mundo humano seja tamb\u00e9m para o bem de crian\u00e7as e adolescentes. As b\u00ean\u00e7\u00e3os e os benef\u00edcios ser\u00e3o de todos n\u00f3s.<\/p>\n","protected":false},"excerpt":{"rendered":"<p>Crian\u00e7a, igreja e sociedade Caminhos do reino de Deus para a prote\u00e7\u00e3o de crian\u00e7as e adolescentes As crian\u00e7as s\u00e3o leg\u00edtimos sujeitos de direitos no reino de Deus. Est\u00e1 l\u00e1 na bela express\u00e3o (e pr\u00e1tica) de Jesus (Lc 18.15-17). \u00c9 ele tamb\u00e9m que adverte que nada nem ningu\u00e9m deveria permitir que os pequeninos trope\u00e7assem (Mt 18.6). [&hellip;]<\/p>\n","protected":false},"author":33,"featured_media":0,"comment_status":"open","ping_status":"open","sticky":false,"template":"","format":"standard","meta":{"ngg_post_thumbnail":0,"footnotes":""},"categories":[15874],"tags":[19424,61,38,71,7642],"class_list":["post-2632","post","type-post","status-publish","format-standard","hentry","category-anuncios","tag-8-encontro-nacional-de-renas","tag-crianca","tag-igreja","tag-renas","tag-sociedade"],"_links":{"self":[{"href":"https:\/\/ultimato.com.br\/sites\/maosdadas\/wp-json\/wp\/v2\/posts\/2632","targetHints":{"allow":["GET"]}}],"collection":[{"href":"https:\/\/ultimato.com.br\/sites\/maosdadas\/wp-json\/wp\/v2\/posts"}],"about":[{"href":"https:\/\/ultimato.com.br\/sites\/maosdadas\/wp-json\/wp\/v2\/types\/post"}],"author":[{"embeddable":true,"href":"https:\/\/ultimato.com.br\/sites\/maosdadas\/wp-json\/wp\/v2\/users\/33"}],"replies":[{"embeddable":true,"href":"https:\/\/ultimato.com.br\/sites\/maosdadas\/wp-json\/wp\/v2\/comments?post=2632"}],"version-history":[{"count":9,"href":"https:\/\/ultimato.com.br\/sites\/maosdadas\/wp-json\/wp\/v2\/posts\/2632\/revisions"}],"predecessor-version":[{"id":2644,"href":"https:\/\/ultimato.com.br\/sites\/maosdadas\/wp-json\/wp\/v2\/posts\/2632\/revisions\/2644"}],"wp:attachment":[{"href":"https:\/\/ultimato.com.br\/sites\/maosdadas\/wp-json\/wp\/v2\/media?parent=2632"}],"wp:term":[{"taxonomy":"category","embeddable":true,"href":"https:\/\/ultimato.com.br\/sites\/maosdadas\/wp-json\/wp\/v2\/categories?post=2632"},{"taxonomy":"post_tag","embeddable":true,"href":"https:\/\/ultimato.com.br\/sites\/maosdadas\/wp-json\/wp\/v2\/tags?post=2632"}],"curies":[{"name":"wp","href":"https:\/\/api.w.org\/{rel}","templated":true}]}}