{"id":2566,"date":"2013-08-07T15:36:17","date_gmt":"2013-08-07T18:36:17","guid":{"rendered":"http:\/\/ultimato.com.br\/sites\/maosdadas\/?p=2566"},"modified":"2017-01-25T13:11:09","modified_gmt":"2017-01-25T16:11:09","slug":"a-historia-desta-foto","status":"publish","type":"post","link":"https:\/\/ultimato.com.br\/sites\/maosdadas\/2013\/08\/07\/a-historia-desta-foto\/","title":{"rendered":"A hist\u00f3ria desta foto!"},"content":{"rendered":"<div id=\"attachment_2568\" style=\"width: 610px\" class=\"wp-caption aligncenter\"><a href=\"http:\/\/ultimato.com.br\/sites\/maosdadas\/files\/2013\/08\/2013.03.26_Asas_de_Socorro_Sabina_PA_D800-211.jpg\" class=\"lightview\" data-lightview-group=\"group-2566\" data-lightview-options=\"skin: 'dark', controls: 'relative', padding: '10', shadow: { color: '#000000', opacity: 0.08, blur: 3 }\"><img loading=\"lazy\" decoding=\"async\" aria-describedby=\"caption-attachment-2568\" class=\"size-full wp-image-2568\" src=\"http:\/\/ultimato.com.br\/sites\/maosdadas\/files\/2013\/08\/2013.03.26_Asas_de_Socorro_Sabina_PA_D800-211.jpg\" alt=\"No meio da chuva Elias ficou rodando em volta de n\u00f3s...\" width=\"600\" height=\"401\" srcset=\"https:\/\/ultimato.com.br\/sites\/maosdadas\/files\/2013\/08\/2013.03.26_Asas_de_Socorro_Sabina_PA_D800-211.jpg 600w, https:\/\/ultimato.com.br\/sites\/maosdadas\/files\/2013\/08\/2013.03.26_Asas_de_Socorro_Sabina_PA_D800-211-300x200.jpg 300w, https:\/\/ultimato.com.br\/sites\/maosdadas\/files\/2013\/08\/2013.03.26_Asas_de_Socorro_Sabina_PA_D800-211-150x100.jpg 150w\" sizes=\"auto, (max-width: 600px) 100vw, 600px\" \/><\/a><p id=\"caption-attachment-2568\" class=\"wp-caption-text\">No meio da chuva Elias ficou rodando em volta de n\u00f3s&#8230;<\/p><\/div>\n<p>&nbsp;<\/p>\n<p>Em mar\u00e7o deste ano, meu esposo (James) e eu (Elsie), tivemos o privil\u00e9gio de participarmos em uma viagem promovida pela miss\u00e3o <a href=\"http:\/\/asasdesocorro.org.br\/2012\/pt\/\" target=\"_blank\">Asas de Socorro<\/a> \u00e0s comunidades ribeirinhas \u00e0s margens do Rio Mamuru, interior da cidade de Parintins, AM. Ao chegarmos \u00e0 Comunidade da Sabina, o Elias nos aguardava, no meio de uma chuva torrencial, navegando habilmente em sua canoa. O James n\u00e3o perdeu tempo e come\u00e7ou a fotograf\u00e1-lo!<\/p>\n<p>Mais tarde fomos visit\u00e1-lo em sua casinha de palha rec\u00e9m constru\u00edda, conversamos com sua m\u00e3e e pai, conhecemos seus irm\u00e3os. Minha admira\u00e7\u00e3o por ele e por sua fam\u00edlia s\u00f3 foi aumentando! Veja o que descobrimos sobre o menino:<\/p>\n<p>Elias Nascimento de Almeida, 8 anos, vive com os pais e mais 6 irm\u00e3os. Sua fam\u00edlia \u00e9 diferente das demais da comunidade por tr\u00eas motivos: \u00e9 a \u00fanica fam\u00edlia com dois pares de g\u00eameos, a \u00fanica que confessa a f\u00e9 evang\u00e9lica e a \u00fanica que ainda n\u00e3o tem uma ro\u00e7a formada porque acabou de chegar, vindo de Parintins para tentar a vida aqui.<\/p>\n<div id=\"attachment_2570\" style=\"width: 310px\" class=\"wp-caption alignleft\"><a href=\"http:\/\/ultimato.com.br\/sites\/maosdadas\/files\/2013\/08\/JBG0467.jpg\" class=\"lightview\" data-lightview-group=\"group-2566\" data-lightview-options=\"skin: 'dark', controls: 'relative', padding: '10', shadow: { color: '#000000', opacity: 0.08, blur: 3 }\"><img loading=\"lazy\" decoding=\"async\" aria-describedby=\"caption-attachment-2570\" class=\"size-medium wp-image-2570\" src=\"http:\/\/ultimato.com.br\/sites\/maosdadas\/files\/2013\/08\/JBG0467-300x200.jpg\" alt=\"Acordando\" width=\"300\" height=\"200\" srcset=\"https:\/\/ultimato.com.br\/sites\/maosdadas\/files\/2013\/08\/JBG0467-300x200.jpg 300w, https:\/\/ultimato.com.br\/sites\/maosdadas\/files\/2013\/08\/JBG0467-150x100.jpg 150w, https:\/\/ultimato.com.br\/sites\/maosdadas\/files\/2013\/08\/JBG0467.jpg 600w\" sizes=\"auto, (max-width: 300px) 100vw, 300px\" \/><\/a><p id=\"caption-attachment-2570\" class=\"wp-caption-text\">Acordando<\/p><\/div>\n<p><b>O Lar<\/b> A casinha de Elias consiste em dois c\u00f4modos pequenos. \u00c9 feita de uma arma\u00e7\u00e3o de madeira coberta e ladeada com palha sobre terra batida.\u00a0 No primeiro c\u00f4modo dormem os pais, no segundo, todos os irm\u00e3os. S\u00e3o 7 crian\u00e7as para apenas 5 redes. Como Elias tem um irm\u00e3o g\u00eameo e h\u00e1 um outro par de g\u00eameos na fam\u00edlia, os g\u00eameos dormem juntos em suas redes. As redes s\u00e3o armadas em alturas diferentes, caso contr\u00e1rio n\u00e3o caberiam no pequeno c\u00f4modo. Elaine, 12 anos, fica na rede mais alta. <span style=\"color: #ffffff;\">000000000000000000000000000000000000000000000000000000000000000000000000000000000000000000000000000000000000000000000000000000000<\/span><\/p>\n<div id=\"attachment_2571\" style=\"width: 310px\" class=\"wp-caption alignleft\"><a href=\"http:\/\/ultimato.com.br\/sites\/maosdadas\/files\/2013\/08\/13-3-27_Asas_de_Socorro_Sabina_NIKON-D800_059.jpg\" class=\"lightview\" data-lightview-group=\"group-2566\" data-lightview-options=\"skin: 'dark', controls: 'relative', padding: '10', shadow: { color: '#000000', opacity: 0.08, blur: 3 }\"><img loading=\"lazy\" decoding=\"async\" aria-describedby=\"caption-attachment-2571\" class=\"size-medium wp-image-2571\" src=\"http:\/\/ultimato.com.br\/sites\/maosdadas\/files\/2013\/08\/13-3-27_Asas_de_Socorro_Sabina_NIKON-D800_059-300x200.jpg\" alt=\"Pai e m\u00e3e de Elias, casinha ao fundo\" width=\"300\" height=\"200\" srcset=\"https:\/\/ultimato.com.br\/sites\/maosdadas\/files\/2013\/08\/13-3-27_Asas_de_Socorro_Sabina_NIKON-D800_059-300x200.jpg 300w, https:\/\/ultimato.com.br\/sites\/maosdadas\/files\/2013\/08\/13-3-27_Asas_de_Socorro_Sabina_NIKON-D800_059-150x100.jpg 150w, https:\/\/ultimato.com.br\/sites\/maosdadas\/files\/2013\/08\/13-3-27_Asas_de_Socorro_Sabina_NIKON-D800_059.jpg 800w\" sizes=\"auto, (max-width: 300px) 100vw, 300px\" \/><\/a><p id=\"caption-attachment-2571\" class=\"wp-caption-text\">Pai e m\u00e3e de Elias, casinha ao fundo<\/p><\/div>\n<p><span style=\"line-height: 19.09090805053711px; font-size: 13px;\"><strong>Os pais<\/strong> O casal veio de Parintins para come\u00e7ar tudo de novo por aqui. Maria Gorete se mostra confiante, explica que est\u00e3o come\u00e7ando agora, mas que as coisas v\u00e3o melhorar. Conta que as crian\u00e7as gostaram da mudan\u00e7a porque aqui elas podem pescar. Ficamos t\u00e3o tocados com sua f\u00e9 simples que resolvemos orar ali mesmo com eles, pedindo ao Senhor uma ben\u00e7\u00e3o especial sobre a fam\u00edlia.<\/span><\/p>\n<p>&nbsp;<\/p>\n<p>&nbsp;<\/p>\n<p><span style=\"color: #ffffff;\">00000000000000000000000000000000000000000000000000000000000000000000000000000000000000000000000000000000000000000000000000000000<\/span><\/p>\n<div id=\"attachment_2572\" style=\"width: 310px\" class=\"wp-caption alignleft\"><a href=\"http:\/\/ultimato.com.br\/sites\/maosdadas\/files\/2013\/08\/13-3-27_Asas_de_Socorro_Sabina_NIKON-D800_066.jpg\" class=\"lightview\" data-lightview-group=\"group-2566\" data-lightview-options=\"skin: 'dark', controls: 'relative', padding: '10', shadow: { color: '#000000', opacity: 0.08, blur: 3 }\"><img loading=\"lazy\" decoding=\"async\" aria-describedby=\"caption-attachment-2572\" class=\"size-medium wp-image-2572\" src=\"http:\/\/ultimato.com.br\/sites\/maosdadas\/files\/2013\/08\/13-3-27_Asas_de_Socorro_Sabina_NIKON-D800_066-300x200.jpg\" alt=\"\u00c1gua \u00e9 a paix\u00e3o de Elias!\" width=\"300\" height=\"200\" srcset=\"https:\/\/ultimato.com.br\/sites\/maosdadas\/files\/2013\/08\/13-3-27_Asas_de_Socorro_Sabina_NIKON-D800_066-300x200.jpg 300w, https:\/\/ultimato.com.br\/sites\/maosdadas\/files\/2013\/08\/13-3-27_Asas_de_Socorro_Sabina_NIKON-D800_066-150x100.jpg 150w, https:\/\/ultimato.com.br\/sites\/maosdadas\/files\/2013\/08\/13-3-27_Asas_de_Socorro_Sabina_NIKON-D800_066.jpg 800w\" sizes=\"auto, (max-width: 300px) 100vw, 300px\" \/><\/a><p id=\"caption-attachment-2572\" class=\"wp-caption-text\">\u00c1gua \u00e9 a paix\u00e3o de Elias!<\/p><\/div>\n<p><strong>O ambiente<\/strong> Elias aprendeu a nadar com menos de 2 anos. Ama pescar, navegar em sua canoa, fa\u00e7a sol, fa\u00e7a chuva. Segundo a m\u00e3e, com 3 anos j\u00e1 sabia usar a canoa.<\/p>\n<p><span style=\"color: #ffffff;\">\u00a000000000000000000000000000000000000000000000000000000000000000000000000000000000000000000000000000000000000000000000000000000000<\/span><\/p>\n<div id=\"attachment_2573\" style=\"width: 310px\" class=\"wp-caption alignleft\"><a href=\"http:\/\/ultimato.com.br\/sites\/maosdadas\/files\/2013\/08\/2013.03.25_Asas_de_Socorro_Sabina_PA_D800-79.jpg\" class=\"lightview\" data-lightview-group=\"group-2566\" data-lightview-options=\"skin: 'dark', controls: 'relative', padding: '10', shadow: { color: '#000000', opacity: 0.08, blur: 3 }\"><img loading=\"lazy\" decoding=\"async\" aria-describedby=\"caption-attachment-2573\" class=\"size-medium wp-image-2573\" src=\"http:\/\/ultimato.com.br\/sites\/maosdadas\/files\/2013\/08\/2013.03.25_Asas_de_Socorro_Sabina_PA_D800-79-300x200.jpg\" alt=\"O irm\u00e3o Elton, o lar \u00e9 o lugar mais seguro!\" width=\"300\" height=\"200\" srcset=\"https:\/\/ultimato.com.br\/sites\/maosdadas\/files\/2013\/08\/2013.03.25_Asas_de_Socorro_Sabina_PA_D800-79-300x200.jpg 300w, https:\/\/ultimato.com.br\/sites\/maosdadas\/files\/2013\/08\/2013.03.25_Asas_de_Socorro_Sabina_PA_D800-79-150x100.jpg 150w, https:\/\/ultimato.com.br\/sites\/maosdadas\/files\/2013\/08\/2013.03.25_Asas_de_Socorro_Sabina_PA_D800-79.jpg 800w\" sizes=\"auto, (max-width: 300px) 100vw, 300px\" \/><\/a><p id=\"caption-attachment-2573\" class=\"wp-caption-text\">O irm\u00e3o Elton, o lar \u00e9 o lugar mais seguro!<\/p><\/div>\n<p><strong>O irm\u00e3o<\/strong> Elton, irm\u00e3o de Elias, numa das atividades desenvolvidas com as crian\u00e7as, desenhou o lugar no qual ele se sente mais seguro. No desenho ele colocou sua casa, seu quintal e uma crian\u00e7a soltando pipa. Sua casa \u00e9 muito simples: n\u00e3o contem nenhum objeto eletr\u00f4nico, n\u00e3o tem luz el\u00e9trica ou \u00e1gua encanada. Ainda assim, o menino valoriza muito o seu lar!<\/p>\n<p><span style=\"color: #ffffff;\">000000000000000000000000000000000000000000000000000000000000000000000000000000000000000000000000000000000000000000000000000000000<\/span><\/p>\n<div id=\"attachment_2575\" style=\"width: 310px\" class=\"wp-caption alignleft\"><a href=\"http:\/\/ultimato.com.br\/sites\/maosdadas\/files\/2013\/08\/2013.03.26_Asas_de_Socorro_Sabina_PA_D800-8.jpg\" class=\"lightview\" data-lightview-group=\"group-2566\" data-lightview-options=\"skin: 'dark', controls: 'relative', padding: '10', shadow: { color: '#000000', opacity: 0.08, blur: 3 }\"><img loading=\"lazy\" decoding=\"async\" aria-describedby=\"caption-attachment-2575\" class=\"size-medium wp-image-2575\" src=\"http:\/\/ultimato.com.br\/sites\/maosdadas\/files\/2013\/08\/2013.03.26_Asas_de_Socorro_Sabina_PA_D800-8-300x200.jpg\" alt=\"O que ser\u00e1 deste menino?\" width=\"300\" height=\"200\" srcset=\"https:\/\/ultimato.com.br\/sites\/maosdadas\/files\/2013\/08\/2013.03.26_Asas_de_Socorro_Sabina_PA_D800-8-300x200.jpg 300w, https:\/\/ultimato.com.br\/sites\/maosdadas\/files\/2013\/08\/2013.03.26_Asas_de_Socorro_Sabina_PA_D800-8-150x100.jpg 150w, https:\/\/ultimato.com.br\/sites\/maosdadas\/files\/2013\/08\/2013.03.26_Asas_de_Socorro_Sabina_PA_D800-8.jpg 800w\" sizes=\"auto, (max-width: 300px) 100vw, 300px\" \/><\/a><p id=\"caption-attachment-2575\" class=\"wp-caption-text\">O que ser\u00e1 deste menino?<\/p><\/div>\n<p><strong>O futuro<\/strong> Este m\u00eas, dedicamos a maioria dos artigos que ser\u00e3o publicados neste blog para a Crian\u00e7a Ribeirinha. Foi por isto que escolhemos o Elias para ser nosso &#8220;mascote&#8221; no topo do blog, por um m\u00eas!<\/p>\n<p>O que ser\u00e1 de meninos como o Elias que vivem \u00e0s margens dos rios da Amaz\u00f4nia vivendo situa\u00e7\u00f5es t\u00e3o peculiares?<\/p>\n<p><span style=\"color: #ffffff;\">\u00a000000000000000000000000000000000000000000000000000000000000000000000000000000000000000000000000000000000000000000000000000000000<\/span><\/p>\n","protected":false},"excerpt":{"rendered":"<p>&nbsp; Em mar\u00e7o deste ano, meu esposo (James) e eu (Elsie), tivemos o privil\u00e9gio de participarmos em uma viagem promovida pela miss\u00e3o Asas de Socorro \u00e0s comunidades ribeirinhas \u00e0s margens do Rio Mamuru, interior da cidade de Parintins, AM. Ao chegarmos \u00e0 Comunidade da Sabina, o Elias nos aguardava, no meio de uma chuva torrencial, [&hellip;]<\/p>\n","protected":false},"author":33,"featured_media":0,"comment_status":"open","ping_status":"open","sticky":false,"template":"","format":"standard","meta":{"ngg_post_thumbnail":0,"footnotes":""},"categories":[15786],"tags":[4007,19415,19416,19417],"class_list":["post-2566","post","type-post","status-publish","format-standard","hentry","category-em-pauta","tag-asas-de-socorro","tag-comunidades-ribeirinhas","tag-crianca-ribeirinha","tag-elias-nascimento-de-almeida"],"_links":{"self":[{"href":"https:\/\/ultimato.com.br\/sites\/maosdadas\/wp-json\/wp\/v2\/posts\/2566","targetHints":{"allow":["GET"]}}],"collection":[{"href":"https:\/\/ultimato.com.br\/sites\/maosdadas\/wp-json\/wp\/v2\/posts"}],"about":[{"href":"https:\/\/ultimato.com.br\/sites\/maosdadas\/wp-json\/wp\/v2\/types\/post"}],"author":[{"embeddable":true,"href":"https:\/\/ultimato.com.br\/sites\/maosdadas\/wp-json\/wp\/v2\/users\/33"}],"replies":[{"embeddable":true,"href":"https:\/\/ultimato.com.br\/sites\/maosdadas\/wp-json\/wp\/v2\/comments?post=2566"}],"version-history":[{"count":10,"href":"https:\/\/ultimato.com.br\/sites\/maosdadas\/wp-json\/wp\/v2\/posts\/2566\/revisions"}],"predecessor-version":[{"id":6521,"href":"https:\/\/ultimato.com.br\/sites\/maosdadas\/wp-json\/wp\/v2\/posts\/2566\/revisions\/6521"}],"wp:attachment":[{"href":"https:\/\/ultimato.com.br\/sites\/maosdadas\/wp-json\/wp\/v2\/media?parent=2566"}],"wp:term":[{"taxonomy":"category","embeddable":true,"href":"https:\/\/ultimato.com.br\/sites\/maosdadas\/wp-json\/wp\/v2\/categories?post=2566"},{"taxonomy":"post_tag","embeddable":true,"href":"https:\/\/ultimato.com.br\/sites\/maosdadas\/wp-json\/wp\/v2\/tags?post=2566"}],"curies":[{"name":"wp","href":"https:\/\/api.w.org\/{rel}","templated":true}]}}