{"id":2558,"date":"2013-08-05T13:59:55","date_gmt":"2013-08-05T16:59:55","guid":{"rendered":"http:\/\/ultimato.com.br\/sites\/maosdadas\/?p=2558"},"modified":"2017-01-26T14:58:19","modified_gmt":"2017-01-26T17:58:19","slug":"mutirao-mundial-de-oracao-um-breve-relato","status":"publish","type":"post","link":"https:\/\/ultimato.com.br\/sites\/maosdadas\/2013\/08\/05\/mutirao-mundial-de-oracao-um-breve-relato\/","title":{"rendered":"Mutir\u00e3o Mundial de Ora\u00e7\u00e3o: Um Breve Relato"},"content":{"rendered":"<p>Nos \u00faltimos 18 anos crist\u00e3os ao redor do mundo se unem em ora\u00e7\u00e3o em favor das crian\u00e7as no primeiro fim de semana de junho. A primeira parte da campanha de ora\u00e7\u00e3o inclui a defini\u00e7\u00e3o dos temas e preparo do material. Em seguida vem a tradu\u00e7\u00e3o e produ\u00e7\u00e3o do material de divulga\u00e7\u00e3o em portugu\u00eas. E finalmente distribu\u00edmos estes materiais pelo correio e em v\u00e1rias a\u00e7\u00f5es na internet. Chega o grande dia, ou melhor dias (j\u00e1 que a campanha compreende um fim de semana) e as pessoas se organizam em seus projetos, escolas e igrejas para erguerem sua voz em favor das crian\u00e7as. Oramos por todas as crian\u00e7as, tanto as que est\u00e3o bem pr\u00f3ximas a n\u00f3s como em favor daquelas que est\u00e3o do outro lado do mundo, vivendo situa\u00e7\u00f5es que n\u00f3s nem conseguimos imaginar!<\/p>\n<p>Mas fica uma pergunta: valeu a pena o esfor\u00e7o? Veja ent\u00e3o o relat\u00f3rio preliminar de resultados do Mutir\u00e3o Mundial de Ora\u00e7\u00e3o pelas Crian\u00e7as e Adolescentes mais Vulner\u00e1veis de 2013. Mais tarde nosso relat\u00f3rio se somar\u00e1 ao dos outros pa\u00edses e quando isto acontecer, noticiaremos aqui, no blog da Rede M\u00e3os Dadas. O &#8220;mundial&#8221; no nome da campanha indica isto mesmo: crist\u00e3os no mundo inteiro se unindo em ora\u00e7\u00e3o num mesmo fim de semana e pela mesma causa!<\/p>\n<p>&nbsp;<\/p>\n<div id=\"attachment_2559\" style=\"width: 577px\" class=\"wp-caption aligncenter\"><a href=\"http:\/\/ultimato.com.br\/sites\/maosdadas\/files\/2013\/08\/gr\u00e1fico-MMO.jpg\"><img loading=\"lazy\" decoding=\"async\" aria-describedby=\"caption-attachment-2559\" class=\"size-full wp-image-2559\" src=\"http:\/\/ultimato.com.br\/sites\/maosdadas\/files\/2013\/08\/gr\u00e1fico-MMO.jpg\" alt=\"Somos muitos ou poucos?\" width=\"567\" height=\"643\" srcset=\"https:\/\/ultimato.com.br\/sites\/maosdadas\/files\/2013\/08\/gr\u00e1fico-MMO.jpg 567w, https:\/\/ultimato.com.br\/sites\/maosdadas\/files\/2013\/08\/gr\u00e1fico-MMO-264x300.jpg 264w, https:\/\/ultimato.com.br\/sites\/maosdadas\/files\/2013\/08\/gr\u00e1fico-MMO-132x150.jpg 132w\" sizes=\"auto, (max-width: 567px) 100vw, 567px\" \/><\/a><p id=\"caption-attachment-2559\" class=\"wp-caption-text\">Somos muitos ou poucos?<\/p><\/div>\n<p>&nbsp;<\/p>\n<p><span style=\"color: #008000;\"><strong>\u00a0E a\u00ed, qual \u00e9 a sua rea\u00e7\u00e3o? Foram muitos? Foram poucos? Vale a pena empreender esfor\u00e7os neste sentido?<\/strong><\/span><\/p>\n","protected":false},"excerpt":{"rendered":"<p>Nos \u00faltimos 18 anos crist\u00e3os ao redor do mundo se unem em ora\u00e7\u00e3o em favor das crian\u00e7as no primeiro fim de semana de junho. A primeira parte da campanha de ora\u00e7\u00e3o inclui a defini\u00e7\u00e3o dos temas e preparo do material. Em seguida vem a tradu\u00e7\u00e3o e produ\u00e7\u00e3o do material de divulga\u00e7\u00e3o em portugu\u00eas. E finalmente [&hellip;]<\/p>\n","protected":false},"author":33,"featured_media":0,"comment_status":"open","ping_status":"open","sticky":false,"template":"","format":"standard","meta":{"ngg_post_thumbnail":0,"footnotes":""},"categories":[15786],"tags":[19413,19412,17006],"class_list":["post-2558","post","type-post","status-publish","format-standard","hentry","category-em-pauta","tag-15-mil-pessoas-oraram","tag-criancas-e-adolescentes-em-situacao-de-risco","tag-mutirao-mundial-de-oracao"],"_links":{"self":[{"href":"https:\/\/ultimato.com.br\/sites\/maosdadas\/wp-json\/wp\/v2\/posts\/2558","targetHints":{"allow":["GET"]}}],"collection":[{"href":"https:\/\/ultimato.com.br\/sites\/maosdadas\/wp-json\/wp\/v2\/posts"}],"about":[{"href":"https:\/\/ultimato.com.br\/sites\/maosdadas\/wp-json\/wp\/v2\/types\/post"}],"author":[{"embeddable":true,"href":"https:\/\/ultimato.com.br\/sites\/maosdadas\/wp-json\/wp\/v2\/users\/33"}],"replies":[{"embeddable":true,"href":"https:\/\/ultimato.com.br\/sites\/maosdadas\/wp-json\/wp\/v2\/comments?post=2558"}],"version-history":[{"count":6,"href":"https:\/\/ultimato.com.br\/sites\/maosdadas\/wp-json\/wp\/v2\/posts\/2558\/revisions"}],"predecessor-version":[{"id":6571,"href":"https:\/\/ultimato.com.br\/sites\/maosdadas\/wp-json\/wp\/v2\/posts\/2558\/revisions\/6571"}],"wp:attachment":[{"href":"https:\/\/ultimato.com.br\/sites\/maosdadas\/wp-json\/wp\/v2\/media?parent=2558"}],"wp:term":[{"taxonomy":"category","embeddable":true,"href":"https:\/\/ultimato.com.br\/sites\/maosdadas\/wp-json\/wp\/v2\/categories?post=2558"},{"taxonomy":"post_tag","embeddable":true,"href":"https:\/\/ultimato.com.br\/sites\/maosdadas\/wp-json\/wp\/v2\/tags?post=2558"}],"curies":[{"name":"wp","href":"https:\/\/api.w.org\/{rel}","templated":true}]}}