{"id":2534,"date":"2013-07-24T12:05:36","date_gmt":"2013-07-24T15:05:36","guid":{"rendered":"http:\/\/ultimato.com.br\/sites\/maosdadas\/?p=2534"},"modified":"2017-01-26T14:58:27","modified_gmt":"2017-01-26T17:58:27","slug":"mae-oprimida-crianca-vulneravel","status":"publish","type":"post","link":"https:\/\/ultimato.com.br\/sites\/maosdadas\/2013\/07\/24\/mae-oprimida-crianca-vulneravel\/","title":{"rendered":"M\u00e3e oprimida, crian\u00e7a vulner\u00e1vel"},"content":{"rendered":"<blockquote><p>\u201cA crian\u00e7a n\u00e3o pode estar livre se sua m\u00e3e n\u00e3o estiver livre\u201d Manal al-Sharif<\/p><\/blockquote>\n<div id=\"attachment_2535\" style=\"width: 210px\" class=\"wp-caption alignleft\"><a href=\"http:\/\/ultimato.com.br\/sites\/maosdadas\/files\/2013\/07\/250px-Manal_al-Shraif.jpg\" class=\"lightview\" data-lightview-group=\"group-2534\" data-lightview-options=\"skin: 'dark', controls: 'relative', padding: '10', shadow: { color: '#000000', opacity: 0.08, blur: 3 }\"><img loading=\"lazy\" decoding=\"async\" aria-describedby=\"caption-attachment-2535\" class=\"size-medium wp-image-2535\" src=\"http:\/\/ultimato.com.br\/sites\/maosdadas\/files\/2013\/07\/250px-Manal_al-Shraif-200x300.jpg\" alt=\"Manal al-Sharil, &quot;A crian\u00e7a n\u00e3o pode estar livre se sua m\u00e3e n\u00e3o for livre&quot;\" width=\"200\" height=\"300\" srcset=\"https:\/\/ultimato.com.br\/sites\/maosdadas\/files\/2013\/07\/250px-Manal_al-Shraif-200x300.jpg 200w, https:\/\/ultimato.com.br\/sites\/maosdadas\/files\/2013\/07\/250px-Manal_al-Shraif-100x150.jpg 100w, https:\/\/ultimato.com.br\/sites\/maosdadas\/files\/2013\/07\/250px-Manal_al-Shraif.jpg 250w\" sizes=\"auto, (max-width: 200px) 100vw, 200px\" \/><\/a><p id=\"caption-attachment-2535\" class=\"wp-caption-text\">Manal al-Sharif, &#8220;A crian\u00e7a n\u00e3o pode estar livre se sua m\u00e3e n\u00e3o for livre&#8221;<\/p><\/div>\n<p>Manal al-Sharif se destacou em 2011 por um ato de desobedi\u00eancia civil. Ela resolveu dirigir. Isto mesmo, dirigir seu carro nas ruas de uma grande cidade da Ar\u00e1bia Saudita! Foi presa por este delito e libertada ap\u00f3s 9 dias de muitos protestos internacionais contra a viola\u00e7\u00e3o de seus direitos humanos.<\/p>\n<p>Manal faz parte de uma gera\u00e7\u00e3o de mulheres cujos direitos foram violados muito cedo. At\u00e9 os 21 anos ela n\u00e3o ouvia m\u00fasica, n\u00e3o podia desenhar pessoas nem animais (apesar de ter uma forte tend\u00eancia para a arte), cobria-se dos p\u00e9s \u00e0 cabe\u00e7a, usava a entrada destinada \u00e0s mulheres para ir e vir de sua casa, \u00a0e tinha vergonha de ser mulher. Considerava Osama Bin Laden um her\u00f3i at\u00e9 ver o resultado do ato terrorista perpetrado pela Al Queda contra as torres g\u00eameas em Nova York. Em outras palavras, Manal al-Sharif era uma jovem mu\u00e7ulmana extremista. Um dia sua forma de pensar mudou, e mudou tanto que ela se tornou uma das fundadoras de um movimento conhecido como a Primavera Feminina. O movimento tem o objetivo de lutar pela cidadania plena para todas as mulheres do mundo \u00e1rabe. Segundo ela, o grande divisor de \u00e1guas foi a internet (que a colocou em contato com o mundo externo) e a Primavera \u00c1rabe.<\/p>\n<p>Quantas mulheres no Brasil poderiam se inspirar no exemplo de Manal? Segundo dados do \u201cMapa da Viol\u00eancia 2012 \u2013 Atualiza\u00e7\u00e3o Homic\u00eddio de Mulheres\u201d, \u00a04.465 mulheres foram assassinadas em 2010, um n\u00famero que se repete todos os anos com forte tend\u00eancia a crescimento. Entre 2000 a 2010 foram 43.624 homic\u00eddios. Destas mortes, 41% aconteceram dentro de suas pr\u00f3prias casas e os quatro m\u00e9todos mais comuns foram armas de fogo, uso de um objeto cortante, uso de um objeto contundente e o estrangulamento.<\/p>\n<p>Um outro estudo demonstra que 6 em cada 10 pessoas no Brasil conhecem uma mulher que foi v\u00edtima de viol\u00eancia dom\u00e9stica . Nesta mesma pesquisa\u00a0 apenas 15% dos homens entrevistados admitiram ter agredido alguma mulher. Destes, 38% alegaram ci\u00fames, 33% problemas com bebidas, enquanto 12% admitiram agress\u00e3o sem qualquer motivo. De acordo com esta mesma pesquisa, 94% das pessoas entrevistadas sabem <span style=\"text-decoration: underline;\">sobre<\/span> a Lei Maria da Penha, mas apenas 13% <span style=\"text-decoration: underline;\">conhecem de fato o seu conte\u00fado<\/span>!<\/p>\n<p>Em se tratando de atitude para mudan\u00e7a, talvez est\u00e1 aqui a nossa dica: tudo come\u00e7a com a abertura para novas informa\u00e7\u00f5es e ideias, uma tarefa que pode e deve ser encarada por todos n\u00f3s. \u00a0(Veja sugest\u00f5es de aprofundamento abaixo)<\/p>\n<blockquote><p>A crian\u00e7a n\u00e3o poder ser livre se sua m\u00e3e n\u00e3o estiver livre,<\/p>\n<p>O marido n\u00e3o est\u00e1 livre se sua esposa n\u00e3o estiver livre,<\/p>\n<p>Os pais n\u00e3o estar\u00e3o livres enquanto suas filhas n\u00e3o estiverem livres,<\/p>\n<p>A sociedade se torna um nada se as mulheres forem consideradas como nada!<\/p>\n<p><strong>Manal al-Sharif<\/strong><\/p><\/blockquote>\n<p><span style=\"font-size: 13px;\">Voc\u00ea que trabalha com as crian\u00e7as mais vulner\u00e1veis do Brasil, voc\u00ea n\u00e3o acha que as palavras de Manal s\u00e3o relevantes \u00a0para n\u00f3s aqui, em cada cidade, bairro, comunidade, povoado do Brasil? Trabalhar com as m\u00e3es \u00e9 preciso!<\/span><\/p>\n<p>Veja o discurso de Manal <a href=\"http:\/\/www.youtube.com\/watch?v=0PXXNK-3zQ4\" target=\"_blank\">aqui<\/a><\/p>\n<p>Veja informa\u00e7\u00f5es sobre viol\u00eancia contra mulheres <a href=\"http:\/\/www.agenciapatriciagalvao.org.br\/index.php?option=com_content&amp;id=1975\" target=\"_blank\">aqui<\/a><\/p>\n<p>Baixe cartilha para quem quer trabalhar com mulheres que sofrem viol\u00eancia dom\u00e9stica <a title=\"Superando a viol\u00eancia contra a mulher\" href=\"http:\/\/www.diaconia.org.br\/novosite\/biblioteca\/?page=2\" target=\"_blank\">aqui<\/a><\/p>\n<p>Compre o livro &#8220;At\u00e9 Quando?<em>&#8220;<\/em>, um guia para l\u00edderes crist\u00e3os envolvidos em aconselhamento <a title=\"Livro At\u00e9 Quando?\" href=\"http:\/\/www.ultimato.com.br\/loja\/produtos\/ate-quando\" target=\"_blank\">aqui.<\/a><\/p>\n<p>&nbsp;<\/p>\n","protected":false},"excerpt":{"rendered":"<p>\u201cA crian\u00e7a n\u00e3o pode estar livre se sua m\u00e3e n\u00e3o estiver livre\u201d Manal al-Sharif Manal al-Sharif se destacou em 2011 por um ato de desobedi\u00eancia civil. Ela resolveu dirigir. Isto mesmo, dirigir seu carro nas ruas de uma grande cidade da Ar\u00e1bia Saudita! Foi presa por este delito e libertada ap\u00f3s 9 dias de muitos [&hellip;]<\/p>\n","protected":false},"author":33,"featured_media":0,"comment_status":"open","ping_status":"open","sticky":false,"template":"","format":"standard","meta":{"ngg_post_thumbnail":0,"footnotes":""},"categories":[15874],"tags":[61,17014,18319,5732,18321,18320],"class_list":["post-2534","post","type-post","status-publish","format-standard","hentry","category-anuncios","tag-crianca","tag-desobediencia-civil","tag-direitos-humanos","tag-mae","tag-manal-al-sharif","tag-violencia-domestica"],"_links":{"self":[{"href":"https:\/\/ultimato.com.br\/sites\/maosdadas\/wp-json\/wp\/v2\/posts\/2534","targetHints":{"allow":["GET"]}}],"collection":[{"href":"https:\/\/ultimato.com.br\/sites\/maosdadas\/wp-json\/wp\/v2\/posts"}],"about":[{"href":"https:\/\/ultimato.com.br\/sites\/maosdadas\/wp-json\/wp\/v2\/types\/post"}],"author":[{"embeddable":true,"href":"https:\/\/ultimato.com.br\/sites\/maosdadas\/wp-json\/wp\/v2\/users\/33"}],"replies":[{"embeddable":true,"href":"https:\/\/ultimato.com.br\/sites\/maosdadas\/wp-json\/wp\/v2\/comments?post=2534"}],"version-history":[{"count":6,"href":"https:\/\/ultimato.com.br\/sites\/maosdadas\/wp-json\/wp\/v2\/posts\/2534\/revisions"}],"predecessor-version":[{"id":6573,"href":"https:\/\/ultimato.com.br\/sites\/maosdadas\/wp-json\/wp\/v2\/posts\/2534\/revisions\/6573"}],"wp:attachment":[{"href":"https:\/\/ultimato.com.br\/sites\/maosdadas\/wp-json\/wp\/v2\/media?parent=2534"}],"wp:term":[{"taxonomy":"category","embeddable":true,"href":"https:\/\/ultimato.com.br\/sites\/maosdadas\/wp-json\/wp\/v2\/categories?post=2534"},{"taxonomy":"post_tag","embeddable":true,"href":"https:\/\/ultimato.com.br\/sites\/maosdadas\/wp-json\/wp\/v2\/tags?post=2534"}],"curies":[{"name":"wp","href":"https:\/\/api.w.org\/{rel}","templated":true}]}}