{"id":2483,"date":"2013-07-17T11:53:22","date_gmt":"2013-07-17T14:53:22","guid":{"rendered":"http:\/\/ultimato.com.br\/sites\/maosdadas\/?p=2483"},"modified":"2017-01-25T13:11:15","modified_gmt":"2017-01-25T16:11:15","slug":"fale-intercessora-facebook-liga-amigas-na-luta-pelo-seguranca-das-criancas-de-porto-alegre","status":"publish","type":"post","link":"https:\/\/ultimato.com.br\/sites\/maosdadas\/2013\/07\/17\/fale-intercessora-facebook-liga-amigas-na-luta-pelo-seguranca-das-criancas-de-porto-alegre\/","title":{"rendered":"Fale intercessora: facebook liga amigos na luta por crian\u00e7as desaparecidas de Porto Alegre"},"content":{"rendered":"<div id=\"attachment_2484\" style=\"width: 310px\" class=\"wp-caption alignright\"><a href=\"http:\/\/ultimato.com.br\/sites\/maosdadas\/files\/2013\/07\/meninocolom\u00e3e.jpg\"><img loading=\"lazy\" decoding=\"async\" aria-describedby=\"caption-attachment-2484\" class=\"size-medium wp-image-2484\" src=\"http:\/\/ultimato.com.br\/sites\/maosdadas\/files\/2013\/07\/meninocolom\u00e3e-300x196.jpg\" alt=\"Junte-se \u00e0 corrente de ora\u00e7\u00e3o especial por crian\u00e7as desaparecidas\" width=\"300\" height=\"196\" srcset=\"https:\/\/ultimato.com.br\/sites\/maosdadas\/files\/2013\/07\/meninocolom\u00e3e-300x196.jpg 300w, https:\/\/ultimato.com.br\/sites\/maosdadas\/files\/2013\/07\/meninocolom\u00e3e-150x98.jpg 150w, https:\/\/ultimato.com.br\/sites\/maosdadas\/files\/2013\/07\/meninocolom\u00e3e.jpg 793w\" sizes=\"auto, (max-width: 300px) 100vw, 300px\" \/><\/a><p id=\"caption-attachment-2484\" class=\"wp-caption-text\">Junte-se \u00e0 corrente de ora\u00e7\u00e3o especial por crian\u00e7as desaparecidas<\/p><\/div>\n<p><span style=\"font-size: 13px;\">Sou um milagre. Sobrevivi a tr\u00eas AVCs hemorr\u00e1gicos e um isqu\u00eamico al\u00e9m de duas paradas cardiorrespirat\u00f3rias. Como dizem meus m\u00e9dicos sou um enigma para a ci\u00eancia. Havia sido convidada para pregar pela primeira vez em uma igreja no Rio de Janeiro. Logo ap\u00f3s vieram lutas e eu estava abatida. Minha m\u00e3e me recebeu em sua casa porque tive uma crise de hipertens\u00e3o. Sozinha eu orava, ansiava tanto saber porque vim a este mundo, o que\u00a0\u00a0o SENHOR ainda queria de mim. <\/span><\/p>\n<p><span style=\"font-size: 13px;\">L\u00e1grimas rolavam de minha face quando ouvi o computador ligar, sozinho! Dei um salto, parei por uns instantes, senti como se Deus desejasse que eu sentasse, automaticamente abri o facebook. Era 04 de junho de 2013. Vi entrar um pedido de SOS por um menino de Porto Alegre, RS. O menino havia desaparecido ap\u00f3s fazer amizade com uma pessoa pela internet. Senti como se uma forte corrente de poder e amor passasse por mim, esqueci minha dor e senti unidade com aquela fam\u00edlia e um desejo de lutar pela vida do menino porque sabia dos riscos e dos perigos que o aguardavam nas esquinas e becos das ruas.<!--more--> <\/span><\/p>\n<p><span style=\"font-size: 13px;\">Foi de Sandra Penno, articuladora do RENAS\/RS, que veio o pedido de SOS. Eu a havia adicionado h\u00e1 pouco tempo no facebook pois era amiga da mission\u00e1ria Zandra Queila, que carinhosa e pacientemente tinha me conduzido ao encontro com Jesus! Entendemos que DEUS nos uniu na continuidade do Mutir\u00e3o Mundial de Ora\u00e7\u00e3o, pois ela estava clamando ao Senhor por mais apoio e intercess\u00e3o para casos de crian\u00e7as desaparecidas no Rio Grande do Sul. Imediatamente, comecei uma corrente de ora\u00e7\u00e3o. Ela conta hoje com mais de 200 pessoas ao redor do mundo, al\u00e9m da igreja onde congrego, Primeira Igreja Batista Renovada em Santa Catarina, no munic\u00edpio de S\u00e3o Gon\u00e7alo, RJ. <\/span><\/p>\n<p><span style=\"font-size: 13px;\">O menino pelo qual oramos, pela gra\u00e7a e para gl\u00f3ria de Deus foi encontrado por um casal que o reconheceu numa estrada ap\u00f3s ver uma foto dele no facebook! Temos intercedido por muitas crian\u00e7as e adolescentes. Os pedidos de Porto Alegre n\u00e3o param de chegar, parece que as portas foram abertas e os casos est\u00e3o sendo apresentados e descritos. J\u00e1 temos as primeiras respostas. Todos n\u00f3s estamos crescendo no conhecimento e no amor de Jesus atrav\u00e9s desta rica experi\u00eancia! Recentemente fui aben\u00e7oada e consagrada pelos meus queridos e amados pastores para este minist\u00e9rio, o que tem grande valor para mim. Eu mesma fui resgatada quando vivia nas ruas, envolvida na prostitui\u00e7\u00e3o, no abuso do \u00e1lcool, \u00a0nas drogas, enfim, amarrada pelo engano do Inimigo. <\/span><\/p>\n<p><span style=\"font-size: 13px;\">Mas DEUS, em sua infinita miseric\u00f3rdia e gra\u00e7a me alcan\u00e7ou, me libertou e tem me mostrado que me separou como intercessora e mission\u00e1ria. Quero cumprir o IDE de Jesus, hoje amo profundamente Porto Alegre (mesmo sem conhec\u00ea-la), clamo para que esta cidade seja alcan\u00e7ada mais e mais pelo poder libertador e salvador de Jesus Cristo! A mission\u00e1ria Sandra Penno ao ouvir meu depoimento escreveu uma poesia, e este \u00e9 o meu desejo para Porto Alegre, que seja como uma coroa de gl\u00f3ria na m\u00e3o do Senhor e que suas crian\u00e7as e adolescentes sejam protegidos pela sua poderosa m\u00e3o!<\/span><\/p>\n<p><a href=\"http:\/\/ultimato.com.br\/sites\/maosdadas\/files\/2013\/07\/Fotos-Rosa-e-L\u00facia1.jpg\"><img loading=\"lazy\" decoding=\"async\" class=\" wp-image-2491 alignleft\" src=\"http:\/\/ultimato.com.br\/sites\/maosdadas\/files\/2013\/07\/Fotos-Rosa-e-L\u00facia1.jpg\" alt=\"L\u00facia Ramos\" width=\"84\" height=\"104\" srcset=\"https:\/\/ultimato.com.br\/sites\/maosdadas\/files\/2013\/07\/Fotos-Rosa-e-L\u00facia1.jpg 233w, https:\/\/ultimato.com.br\/sites\/maosdadas\/files\/2013\/07\/Fotos-Rosa-e-L\u00facia1-120x150.jpg 120w\" sizes=\"auto, (max-width: 84px) 100vw, 84px\" \/><\/a><\/p>\n<p>&nbsp;<\/p>\n<p>&nbsp;<\/p>\n<p>&nbsp;<\/p>\n<p>Relato enviado por\u00a0<strong>L\u00facia Ramos, S\u00e3o Gon\u00e7alo, RJ<\/strong><\/p>\n","protected":false},"excerpt":{"rendered":"<p>Sou um milagre. Sobrevivi a tr\u00eas AVCs hemorr\u00e1gicos e um isqu\u00eamico al\u00e9m de duas paradas cardiorrespirat\u00f3rias. Como dizem meus m\u00e9dicos sou um enigma para a ci\u00eancia. Havia sido convidada para pregar pela primeira vez em uma igreja no Rio de Janeiro. Logo ap\u00f3s vieram lutas e eu estava abatida. Minha m\u00e3e me recebeu em sua [&hellip;]<\/p>\n","protected":false},"author":33,"featured_media":0,"comment_status":"open","ping_status":"open","sticky":false,"template":"","format":"standard","meta":{"ngg_post_thumbnail":0,"footnotes":""},"categories":[15786],"tags":[17007,17005,17006,17004],"class_list":["post-2483","post","type-post","status-publish","format-standard","hentry","category-em-pauta","tag-corrente-de-oracao","tag-desaparecido","tag-mutirao-mundial-de-oracao","tag-sos"],"_links":{"self":[{"href":"https:\/\/ultimato.com.br\/sites\/maosdadas\/wp-json\/wp\/v2\/posts\/2483","targetHints":{"allow":["GET"]}}],"collection":[{"href":"https:\/\/ultimato.com.br\/sites\/maosdadas\/wp-json\/wp\/v2\/posts"}],"about":[{"href":"https:\/\/ultimato.com.br\/sites\/maosdadas\/wp-json\/wp\/v2\/types\/post"}],"author":[{"embeddable":true,"href":"https:\/\/ultimato.com.br\/sites\/maosdadas\/wp-json\/wp\/v2\/users\/33"}],"replies":[{"embeddable":true,"href":"https:\/\/ultimato.com.br\/sites\/maosdadas\/wp-json\/wp\/v2\/comments?post=2483"}],"version-history":[{"count":9,"href":"https:\/\/ultimato.com.br\/sites\/maosdadas\/wp-json\/wp\/v2\/posts\/2483\/revisions"}],"predecessor-version":[{"id":6522,"href":"https:\/\/ultimato.com.br\/sites\/maosdadas\/wp-json\/wp\/v2\/posts\/2483\/revisions\/6522"}],"wp:attachment":[{"href":"https:\/\/ultimato.com.br\/sites\/maosdadas\/wp-json\/wp\/v2\/media?parent=2483"}],"wp:term":[{"taxonomy":"category","embeddable":true,"href":"https:\/\/ultimato.com.br\/sites\/maosdadas\/wp-json\/wp\/v2\/categories?post=2483"},{"taxonomy":"post_tag","embeddable":true,"href":"https:\/\/ultimato.com.br\/sites\/maosdadas\/wp-json\/wp\/v2\/tags?post=2483"}],"curies":[{"name":"wp","href":"https:\/\/api.w.org\/{rel}","templated":true}]}}