{"id":2466,"date":"2013-07-14T10:13:58","date_gmt":"2013-07-14T13:13:58","guid":{"rendered":"http:\/\/ultimato.com.br\/sites\/maosdadas\/?p=2466"},"modified":"2013-07-17T16:55:31","modified_gmt":"2013-07-17T19:55:31","slug":"semana-do-bebe-todos-juntos-pela-primeira-infancia","status":"publish","type":"post","link":"https:\/\/ultimato.com.br\/sites\/maosdadas\/2013\/07\/14\/semana-do-bebe-todos-juntos-pela-primeira-infancia\/","title":{"rendered":"Semana do Beb\u00ea &#8211; Todos Juntos pela Primeira Inf\u00e2ncia"},"content":{"rendered":"<div id=\"attachment_2470\" style=\"width: 310px\" class=\"wp-caption alignright\"><a href=\"http:\/\/ultimato.com.br\/sites\/maosdadas\/files\/2013\/07\/196406_10200490476084894_1070898730_n.jpg\" class=\"lightview\" data-lightview-group=\"group-2466\" data-lightview-options=\"skin: 'dark', controls: 'relative', padding: '10', shadow: { color: '#000000', opacity: 0.08, blur: 3 }\" data-lightview-title=\"Kelen Fonseca\"><img loading=\"lazy\" decoding=\"async\" aria-describedby=\"caption-attachment-2470\" class=\"size-medium wp-image-2470\" title=\"Kelen Fonseca\" alt=\"196406_10200490476084894_1070898730_n\" src=\"http:\/\/ultimato.com.br\/sites\/maosdadas\/files\/2013\/07\/196406_10200490476084894_1070898730_n-300x201.jpg\" width=\"300\" height=\"201\" srcset=\"https:\/\/ultimato.com.br\/sites\/maosdadas\/files\/2013\/07\/196406_10200490476084894_1070898730_n-300x201.jpg 300w, https:\/\/ultimato.com.br\/sites\/maosdadas\/files\/2013\/07\/196406_10200490476084894_1070898730_n-150x100.jpg 150w, https:\/\/ultimato.com.br\/sites\/maosdadas\/files\/2013\/07\/196406_10200490476084894_1070898730_n.jpg 960w\" sizes=\"auto, (max-width: 300px) 100vw, 300px\" \/><\/a><p id=\"caption-attachment-2470\" class=\"wp-caption-text\">Miguel Dias da Fonseca Amaral<\/p><\/div>\n<p>O <a href=\"http:\/\/www.unicef.org\/brazil\/pt\" target=\"_blank\">UNICEF<\/a> lan\u00e7ou nesta segunda-feira (1\/7) o site da iniciativa Semana do Beb\u00ea \u2013<a href=\"http:\/\/www.semanadobebe.org.br\/\" target=\"_blank\">www.semanadobebe.org.br<\/a>. Por meio desse novo canal, o internauta poder\u00e1 obter informa\u00e7\u00f5es sobre como participar da iniciativa e acompanhar as mobiliza\u00e7\u00f5es em favor dos direitos de meninas e meninos na primeira inf\u00e2ncia em todo o Pa\u00eds. A Semana do Beb\u00ea \u00e9 apoiada pelo UNICEF e conta com o apoio da Pampers, Sanofi e RGE.<\/p>\n<p style=\"text-align: justify;\">O site apresenta not\u00edcias e <a href=\"https:\/\/www.dropbox.com\/sh\/r8andrd6e0wg388\/m60iE998qn\/Manual%20da%20semana%20do%20bebe.pdf\" target=\"_blank\">materiais de apoio<\/a> para os munic\u00edpios que desejam realizar da iniciativa. Permite tamb\u00e9m o cadastro dos munic\u00edpios interessados para que, dessa maneira, tenham o apoio do UNICEF por meio de um Kit de Comunica\u00e7\u00e3o. As pe\u00e7as de comunica\u00e7\u00e3o do kit t\u00eam como porta-voz o ator L\u00e1zaro Ramos, embaixador do UNICEF no Brasil.<\/p>\n<p style=\"text-align: justify;\"><span style=\"color: #0000ff;\"><strong>Sobre a Semana do Beb\u00ea<\/strong><\/span>\u00a0\u2013 A Semana do Beb\u00ea \u00e9 uma estrat\u00e9gia de mobiliza\u00e7\u00e3o social que tem como objetivo tornar o direito \u00e0 sobreviv\u00eancia e ao desenvolvimento de crian\u00e7as de at\u00e9 6 anos prioridade na agenda dos munic\u00edpios brasileiros.<\/p>\n<p style=\"text-align: justify;\">A ideia \u00e9 incentivar os munic\u00edpios para que realizem, durante uma semana, uma grande mobiliza\u00e7\u00e3o em favor da primeira inf\u00e2ncia.<!--more--><\/p>\n<p style=\"text-align: justify;\">A iniciativa teve in\u00edcio em Canela, RS, onde \u00e9 realizada anualmente h\u00e1 13 anos. Reconhecendo essa boa pr\u00e1tica, o UNICEF sistematizou a metodologia da Semana do Beb\u00ea e est\u00e1 ajudando a promov\u00ea-la em centenas de munic\u00edpios brasileiros. A mobiliza\u00e7\u00e3o j\u00e1 ultrapassou a fronteira do Brasil, chegando a pa\u00edses como Portugal, Argentina e Uruguai.<\/p>\n<p style=\"text-align: justify;\">Ao realizar a Semana do Beb\u00ea, cada munic\u00edpio brasileiro contribui com o \u201cCompromisso com a sobreviv\u00eancia infantil: uma promessa renovada\u201d \u2013 iniciativa do UNICEF e dos governos dos EUA, \u00cdndia e Eti\u00f3pia, em apoio \u00e0 estrat\u00e9gia Toda Mulher Toda Crian\u00e7a, da Assembleia Geral da ONU, lan\u00e7ada em 2010. Esse compromisso tem como objetivo acelerar os esfor\u00e7os dos governos e da sociedade de reduzir as mortes evit\u00e1veis de crian\u00e7as de at\u00e9 5 anos, com \u00eanfase nos primeiros dias de vida.<\/p>\n<p style=\"text-align: justify;\"><span style=\"color: #0000ff;\"><strong>Mais informa\u00e7\u00f5es<\/strong><\/span><br \/>\nEstela Caparelli<br \/>\nE-mail:\u00a0<a href=\"mailto:mecaparelli@unicef.org\">mecaparelli(arroba)unicef.org<\/a><br \/>\nTelefone: (61) 3035 1963<\/p>\n<p style=\"text-align: justify;\">Carolina Rezende<br \/>\nE-mail:\u00a0<a href=\"mailto:cfurtado@unicef.org\">cfurtado(arroba)unicef.org<\/a><br \/>\nTelefone: (61) 3035 1955<\/p>\n","protected":false},"excerpt":{"rendered":"<p>O UNICEF lan\u00e7ou nesta segunda-feira (1\/7) o site da iniciativa Semana do Beb\u00ea \u2013www.semanadobebe.org.br. Por meio desse novo canal, o internauta poder\u00e1 obter informa\u00e7\u00f5es sobre como participar da iniciativa e acompanhar as mobiliza\u00e7\u00f5es em favor dos direitos de meninas e meninos na primeira inf\u00e2ncia em todo o Pa\u00eds. A Semana do Beb\u00ea \u00e9 apoiada pelo [&hellip;]<\/p>\n","protected":false},"author":33,"featured_media":0,"comment_status":"open","ping_status":"open","sticky":false,"template":"","format":"standard","meta":{"ngg_post_thumbnail":0,"footnotes":""},"categories":[15874],"tags":[16999,15797],"class_list":["post-2466","post","type-post","status-publish","format-standard","hentry","category-anuncios","tag-semana-do-bebe","tag-unicef"],"_links":{"self":[{"href":"https:\/\/ultimato.com.br\/sites\/maosdadas\/wp-json\/wp\/v2\/posts\/2466","targetHints":{"allow":["GET"]}}],"collection":[{"href":"https:\/\/ultimato.com.br\/sites\/maosdadas\/wp-json\/wp\/v2\/posts"}],"about":[{"href":"https:\/\/ultimato.com.br\/sites\/maosdadas\/wp-json\/wp\/v2\/types\/post"}],"author":[{"embeddable":true,"href":"https:\/\/ultimato.com.br\/sites\/maosdadas\/wp-json\/wp\/v2\/users\/33"}],"replies":[{"embeddable":true,"href":"https:\/\/ultimato.com.br\/sites\/maosdadas\/wp-json\/wp\/v2\/comments?post=2466"}],"version-history":[{"count":15,"href":"https:\/\/ultimato.com.br\/sites\/maosdadas\/wp-json\/wp\/v2\/posts\/2466\/revisions"}],"predecessor-version":[{"id":2482,"href":"https:\/\/ultimato.com.br\/sites\/maosdadas\/wp-json\/wp\/v2\/posts\/2466\/revisions\/2482"}],"wp:attachment":[{"href":"https:\/\/ultimato.com.br\/sites\/maosdadas\/wp-json\/wp\/v2\/media?parent=2466"}],"wp:term":[{"taxonomy":"category","embeddable":true,"href":"https:\/\/ultimato.com.br\/sites\/maosdadas\/wp-json\/wp\/v2\/categories?post=2466"},{"taxonomy":"post_tag","embeddable":true,"href":"https:\/\/ultimato.com.br\/sites\/maosdadas\/wp-json\/wp\/v2\/tags?post=2466"}],"curies":[{"name":"wp","href":"https:\/\/api.w.org\/{rel}","templated":true}]}}