{"id":2384,"date":"2013-06-26T14:30:35","date_gmt":"2013-06-26T17:30:35","guid":{"rendered":"http:\/\/ultimato.com.br\/sites\/maosdadas\/?p=2384"},"modified":"2013-07-09T12:05:04","modified_gmt":"2013-07-09T15:05:04","slug":"o-que-significa-ser-surdo-no-afeganistao","status":"publish","type":"post","link":"https:\/\/ultimato.com.br\/sites\/maosdadas\/2013\/06\/26\/o-que-significa-ser-surdo-no-afeganistao\/","title":{"rendered":"O que significa ser surdo no Afeganist\u00e3o"},"content":{"rendered":"<div id=\"attachment_2390\" style=\"width: 310px\" class=\"wp-caption alignright\"><img loading=\"lazy\" decoding=\"async\" aria-describedby=\"caption-attachment-2390\" class=\"size-medium wp-image-2390 \" alt=\"SCAN0001\" src=\"http:\/\/ultimato.com.br\/sites\/maosdadas\/files\/2013\/06\/SCAN0001-300x183.jpg\" width=\"300\" height=\"183\" srcset=\"https:\/\/ultimato.com.br\/sites\/maosdadas\/files\/2013\/06\/SCAN0001-300x183.jpg 300w, https:\/\/ultimato.com.br\/sites\/maosdadas\/files\/2013\/06\/SCAN0001-150x91.jpg 150w, https:\/\/ultimato.com.br\/sites\/maosdadas\/files\/2013\/06\/SCAN0001.jpg 585w\" sizes=\"auto, (max-width: 300px) 100vw, 300px\" \/><p id=\"caption-attachment-2390\" class=\"wp-caption-text\">Alunos do EMAD\/SERVE e seu professor dizendo seus nomes na linguagem dos sinais. SERVE<\/p><\/div>\n<p><span style=\"font-size: 13px;\">A SERVE Afeganist\u00e3o trabalha com grupos de afeg\u00e3os estigmatizados h\u00e1 muitos anos. Assim como \u00e9 comum por todo o mundo, a sociedade afeg\u00e3 tem ideias err\u00f4neas sobre as pessoas com defici\u00eancias. Para lidar com este estigma, SERVE fornece informa\u00e7\u00f5es corretas e mostra que as ideias da sociedade precisam mudar.<\/span><\/p>\n<p>&nbsp;<\/p>\n<p>N\u00f3s, que trabalhamos na SERVE, tivemos o privil\u00e9gio de aprender com os afeg\u00e3os com defici\u00eancias na nossa luta contra o estigma social. Recentemente, sentei-me com dois empregados surdos da SERVE para lhes perguntar sobre as suas experi\u00eancias de estigma. Khalil \u00e9 supervisor no projeto EMAD da SERVE \u2013 <i>Enabling and Mobilising Afghan Disabled <\/i>(Capacitando e Mobilizando Afeg\u00e3os com Defici\u00eancias). Ele trabalha na SERVE h\u00e1 mais de 20 anos. Faiz Mohammad \u00e9 formado na escola para surdos da SEVE, em Jalalabad, um dos poucos formados em escola secund\u00e1ria para surdos do pa\u00eds. Ele agora trabalha no projeto EMAD.<\/p>\n<p>&nbsp;<\/p>\n<p><span style=\"color: #339966;\"><b>COMO\u00a0 A SUA FAM\u00cdLIA SE SENTE EM RELA\u00c7\u00c3O \u00c0 SUA SURDEZ?<\/b><\/span><\/p>\n<p><b>\u00a0<\/b><b>Faiz Mohammad: <\/b>Alguns dos meus parentes n\u00e3o tinham uma mente muito aberta. Eles me ridicularizavam muito e diziam que n\u00e3o iria para a escola. Um dia, meu pai fez com que eu me sentasse com todos os meus tios e pediu-lhes que fizessem qualquer pergunta que quisessem. Meus tios escreveram as perguntas num peda\u00e7o de papel, e eu respondi a todas elas. Eles ficaram totalmente surpresos ao ver que uma pessoa surda podia aprender a ler e escrever. Acho que eles se deram conta, ent\u00e3o, de que as pessoas surdas podem ir \u00e0 escola e aprender da mesma forma que as pessoas que ouvem.<\/p>\n<p><b>\u00a0<\/b><\/p>\n<p><span style=\"color: #339966;\"><b>O QUE OS AFEG\u00c3OS ACHAM DAS PESSOAS SURDAS?<\/b><\/span><\/p>\n<p><b>Khalil:<\/b> A maior parte dos afeg\u00e3os acham que as pessoas surdas s\u00e3o, de alguma forma, loucas, ent\u00e3o eles as ridicularizam. J\u00e1 fui apedrejado por ser surdo. Pode ser dif\u00edcil se comunicar com pessoas que ouvem.<\/p>\n<p>&nbsp;<\/p>\n<p><b>Faiz Mohammad:<\/b> Durante toda a minha inf\u00e2ncia, na rua, as pessoas riam de mim quando eu ia para a escola. Elas peguntavam, \u201cComo \u00e9 que ir \u00e0 escola pode ajudar um louco?\u201d As coisas s\u00f3 mudaram no final da minha escolariza\u00e7\u00e3o. As pessoas viram que eu tinha recebido um diploma, que eu sabia ler e que tinha encontrado um emprego. S\u00f3 ent\u00e3o, depois de 12 anos, foi que elas compreenderam que haviam estado erradas todo aquele tempo.<!--more--><\/p>\n<p>&nbsp;<\/p>\n<p><span style=\"color: #339966;\"><b>COMO SE MUDA A ATITUDE DAS PESSOAS EM RELA\u00c7\u00c3O AOS SURDOS?<\/b><\/span><\/p>\n<p><b>Faiz Mohammad:<\/b> As informa\u00e7\u00f5es s\u00e3o importantes. Uma forma de compartilhar informa\u00e7\u00f5es \u00e9 reunir os membros da comunidade que ouvem e ensin\u00e1-los sobre a surdez, a linguagem dos sinais e a capacidade das pessoas surdas de se alfabetizarem e trabalharem. Se as informa\u00e7\u00f5es forem compartilhadas pelos l\u00edderes da comunidade, seus membros escutar\u00e3o e mudar\u00e3o sua maneira de pensar mais rapidamente.<\/p>\n<p>&nbsp;<\/p>\n<p><b>Khalil:<\/b> \u00c0s vezes, reunimos os membros da comunidade e passamos v\u00eddeos para eles sobre as causas da defici\u00eancia. As pessoas parecem aceitar e aprender com isto.<\/p>\n<p>&nbsp;<\/p>\n<p><b>Faiz Mohammad:<\/b> A aprendizagem tamb\u00e9m ocorre entre vizinhos. Minha m\u00e3e frequentemente compartilhava as informa\u00e7\u00f5es que havia aprendido com os vizinhos. As mesquitas s\u00e3o bons locais para compartilhar informa\u00e7\u00f5es e ensinar as pessoas que \u00e9 pecado ridicularizar as pessoas surdas.<\/p>\n<p>&nbsp;<\/p>\n<p><span style=\"color: #339966;\"><b>COMO VOC\u00ca SE SENTE EM RELA\u00c7\u00c3O \u00c0 SUA SURDEZ?<\/b><\/span><\/p>\n<p><b>Faiz Mohammad: <\/b>Tenho opini\u00f5es muito fortes em rela\u00e7\u00e3o \u00e0 surdez. Os surdos s\u00e3o negligenciados por toda parte no Afeganist\u00e3o. A maioria \u00e9 analfabeta, fica em casa o dia inteiro e n\u00e3o tem muita esperan\u00e7a. Eu sou um dos que t\u00eam muita esperan\u00e7a. Eu sou um dos dos que t\u00eam a sorte de saber ler. Eu quero servir os surdos e ver o Afeganist\u00e3o se desenvolver, para que, um dia, as pessoas surdas de todo o pa\u00eds tenham as mesmas perspectivas e oportunidades que eu.<\/p>\n<p>&nbsp;<\/p>\n<p><i>Justin Power<\/i><\/p>\n<p>&nbsp;<\/p>\n<p><i>Os projetos da SERVE inspiram esperan\u00e7a nos afeg\u00e3os com defici\u00eancias visuais, auditivas, f\u00edsicas e intelectuais.<\/i><\/p>\n<p><i>\u00a0<\/i><\/p>\n<p><i>SERVE<\/i><\/p>\n<p><i>PO Box 4015<\/i><\/p>\n<p><i>Karte Char, Kabul<\/i><\/p>\n<p><i>Afeganist\u00e3o<\/i><\/p>\n<p><i><a href=\"mailto:info@serveafghanistan.org\">info@serveafghanistan.org<\/a><\/i><\/p>\n<p><i>\u00a0<\/i><\/p>\n<p><i>Publicado pela: <a href=\"http:\/\/tilz.tearfund.org\/portugues\" target=\"_blank\">Tearfund<\/a><\/i><\/p>\n<p><i>100 Church Road, Teddington, TW11 8QE, Reino Unido<\/i><\/p>\n<p><i>Institui\u00e7\u00e3o Beneficente n\u00b0 265464 (Inglaterra e Pa\u00eds de Gales)<\/i><\/p>\n<p><i>Institui\u00e7\u00e3o Beneficente n\u00b0 SC037624 (Esc\u00f3cia)<\/i><\/p>\n<p><i>\u00a0<\/i><\/p>\n<p><i>Editora: Helen Gaw<\/i><\/p>\n<p><i>E-mail: <\/i><a href=\"mailto:footsteps@tearfund.org\"><i>footsteps@tearfund.org<\/i><\/a><i><\/i><\/p>\n<p><a href=\"http:\/\/tilz.tearfund.org\/portugues\"><i><br \/>\n<\/i><\/a><i><\/i><\/p>\n<p><i>\u00a0<\/i><\/p>\n","protected":false},"excerpt":{"rendered":"<p>A SERVE Afeganist\u00e3o trabalha com grupos de afeg\u00e3os estigmatizados h\u00e1 muitos anos. Assim como \u00e9 comum por todo o mundo, a sociedade afeg\u00e3 tem ideias err\u00f4neas sobre as pessoas com defici\u00eancias. Para lidar com este estigma, SERVE fornece informa\u00e7\u00f5es corretas e mostra que as ideias da sociedade precisam mudar. &nbsp; N\u00f3s, que trabalhamos na SERVE, [&hellip;]<\/p>\n","protected":false},"author":33,"featured_media":0,"comment_status":"open","ping_status":"open","sticky":false,"template":"","format":"standard","meta":{"ngg_post_thumbnail":0,"footnotes":""},"categories":[15786],"tags":[16995,61,16996,16997,16998,16994,37],"class_list":["post-2384","post","type-post","status-publish","format-standard","hentry","category-em-pauta","tag-afeganistao","tag-crianca","tag-faiz-mohammed","tag-khaili","tag-serve","tag-surdo","tag-tearfund"],"_links":{"self":[{"href":"https:\/\/ultimato.com.br\/sites\/maosdadas\/wp-json\/wp\/v2\/posts\/2384","targetHints":{"allow":["GET"]}}],"collection":[{"href":"https:\/\/ultimato.com.br\/sites\/maosdadas\/wp-json\/wp\/v2\/posts"}],"about":[{"href":"https:\/\/ultimato.com.br\/sites\/maosdadas\/wp-json\/wp\/v2\/types\/post"}],"author":[{"embeddable":true,"href":"https:\/\/ultimato.com.br\/sites\/maosdadas\/wp-json\/wp\/v2\/users\/33"}],"replies":[{"embeddable":true,"href":"https:\/\/ultimato.com.br\/sites\/maosdadas\/wp-json\/wp\/v2\/comments?post=2384"}],"version-history":[{"count":15,"href":"https:\/\/ultimato.com.br\/sites\/maosdadas\/wp-json\/wp\/v2\/posts\/2384\/revisions"}],"predecessor-version":[{"id":2399,"href":"https:\/\/ultimato.com.br\/sites\/maosdadas\/wp-json\/wp\/v2\/posts\/2384\/revisions\/2399"}],"wp:attachment":[{"href":"https:\/\/ultimato.com.br\/sites\/maosdadas\/wp-json\/wp\/v2\/media?parent=2384"}],"wp:term":[{"taxonomy":"category","embeddable":true,"href":"https:\/\/ultimato.com.br\/sites\/maosdadas\/wp-json\/wp\/v2\/categories?post=2384"},{"taxonomy":"post_tag","embeddable":true,"href":"https:\/\/ultimato.com.br\/sites\/maosdadas\/wp-json\/wp\/v2\/tags?post=2384"}],"curies":[{"name":"wp","href":"https:\/\/api.w.org\/{rel}","templated":true}]}}