{"id":2374,"date":"2013-06-24T14:20:08","date_gmt":"2013-06-24T17:20:08","guid":{"rendered":"http:\/\/ultimato.com.br\/sites\/maosdadas\/?p=2374"},"modified":"2013-06-24T14:20:08","modified_gmt":"2013-06-24T17:20:08","slug":"sofia-uma-menina-tao-sabia-quanto-a-serva-de-naama","status":"publish","type":"post","link":"https:\/\/ultimato.com.br\/sites\/maosdadas\/2013\/06\/24\/sofia-uma-menina-tao-sabia-quanto-a-serva-de-naama\/","title":{"rendered":"Sofia, uma menina t\u00e3o s\u00e1bia quanto a serva de Naam\u00e3"},"content":{"rendered":"<p><a href=\"http:\/\/ultimato.com.br\/sites\/maosdadas\/files\/2013\/06\/menina_prato1.jpg\" class=\"lightview\" data-lightview-group=\"group-2374\" data-lightview-options=\"skin: 'dark', controls: 'relative', padding: '10', shadow: { color: '#000000', opacity: 0.08, blur: 3 }\"><img loading=\"lazy\" decoding=\"async\" class=\"alignright size-medium wp-image-2380\" alt=\"Quilombolas - Guariba-PE Foto: U. Dettmar Filhos da Comunidade\" src=\"http:\/\/ultimato.com.br\/sites\/maosdadas\/files\/2013\/06\/menina_prato1-300x199.jpg\" width=\"300\" height=\"199\" srcset=\"https:\/\/ultimato.com.br\/sites\/maosdadas\/files\/2013\/06\/menina_prato1-300x199.jpg 300w, https:\/\/ultimato.com.br\/sites\/maosdadas\/files\/2013\/06\/menina_prato1-1024x682.jpg 1024w, https:\/\/ultimato.com.br\/sites\/maosdadas\/files\/2013\/06\/menina_prato1-150x99.jpg 150w, https:\/\/ultimato.com.br\/sites\/maosdadas\/files\/2013\/06\/menina_prato1.jpg 1967w\" sizes=\"auto, (max-width: 300px) 100vw, 300px\" \/><\/a>John Collier \u00e9 m\u00e9dico aposentado, ingl\u00eas e um dos fundadores da Revista M\u00e3os Dadas. Apesar de hoje morar em Portugal e de estar menos envolvido com a Rede M\u00e3os Dadas em si, ele ainda mant\u00e9m contato conosco. Veja a hist\u00f3ria que nos contou sobre uma viagem sua para o Peru onde participou de cl\u00ednicas conduzidas por m\u00e9dicos volunt\u00e1rios. Depois de duas semanas de cl\u00ednica ele se preparava para tirar uma semana de f\u00e9rias na qual planejava visitar Machu Pichu. Mas na noite anterior ao v\u00f4o ele e seu amigo Herman tiveram um encontro com uma menina que alterou suas rotas.<\/p>\n<blockquote><p>Em nossa segunda noite em Arequipa, fomos ao centro da cidade para imprimir algumas fotos, e enquanto eram processadas, fomos passear. Assistimos o final de um casamento na catedral e caminhamos devagar adentrando a pra\u00e7a que estava lotada de visitantes sentados em bancos ou tirando fotos uns dos outros pela fonte. Vimos um homem engraxando sapatos, servi\u00e7o que o Herman queria h\u00e1 algum tempo. Ent\u00e3o n\u00f3s paramos para isso, primeiro o Herman, depois eu. Enquanto eu estava no banquinho, com um p\u00e9 sendo engraxado, uma garotinha, de mais ou menos 11 ou 12 anos, aproximou-se de n\u00f3s vendendo doce. Infelizmente, n\u00e3o h\u00e1 nada incomum nisso, e cada um de n\u00f3s comprou um chocolate, para ajud\u00e1-la em sua iniciativa. N\u00f3s trocamos nomes, o dela era Sofia. Ela nos disse que seu pai havia morrido, que havia cinco crian\u00e7as na casa dela, e que dava o dinheiro das vendas para sua m\u00e3e, nada de incomum nisso tamb\u00e9m.<\/p>\n<p>Ent\u00e3o ela disse algo que mudou totalmente a situa\u00e7\u00e3o para mim. \u201cVoc\u00ea j\u00e1 pensou em apadrinhar uma crian\u00e7a?\u201d Ela nos disse que tinha um padrinho, tamb\u00e9m chamado John, e que ela havia estado em um projeto chamado \u201cNueva Esperanza\u201d. E n\u00f3s perguntamos \u201cSe voc\u00ea tem \u00a0um padrinho, porque est\u00e1 rua tarde da noite?&#8221; \u201cEu <span style=\"text-decoration: underline;\"><i>tinha<\/i><\/span> um padrinho\u201d, ela disse, enfatizando o verbo no passado. A m\u00e3e a retirara do projeto, porque precisava de mais dinheiro para sustentar a fam\u00edlia. Depois, descobrimos que ela tinha um padrasto tamb\u00e9m e eu me perguntei quem teria decidido que a menina seria a fonte de renda, sacrificando o seu bem estar ao ponto de esperar que ela abordasse homens estrangeiros tarde da noite numa pra\u00e7a.<\/p>\n<p>Meus sapatos terminaram de ser engraxados, e eu paguei ao homem. Outra crian\u00e7a havia aparecido, ficando parada atr\u00e1s de Herman. Ela s\u00f3 tinha 4 ou 5 anos e tamb\u00e9m segurava uma bolsa de barras de chocolate para vender. Parecia que as duas eram irm\u00e3s e as duas sa\u00edram andando juntas, de m\u00e3os dadas. Herman e eu pegamos as fotos reveladas, e a a hist\u00f3ria devia ter acabado por a\u00ed.<\/p><\/blockquote>\n<p><!--more--><\/p>\n<p>Mas n\u00e3o acabou porque John perdeu o sono com a pergunta da menina: &#8220;Voc\u00ea j\u00e1 pensou em apadrinhar uma crian\u00e7a?&#8221; A pergunta lhe pareceu um ato altru\u00edsta de uma crian\u00e7a que apesar de ter perdido algo bom o desejava para outras crian\u00e7as. Ele j\u00e1 era, de fato, padrinho de outras crian\u00e7as, mas resolveu que Sofia merecia um investimento maior e ao inv\u00e9s de seguir viagem, ficou em Arequipa por mais uma semana buscando em v\u00e3o achar a menina.<\/p>\n<p>N\u00e3o conseguiu achar a menina, contudo conseguiu localizar o projeto Nueva Esperanza que confirmou suas suspeitas sobre a situa\u00e7\u00e3o familiar de Sofia. O abrigo prometeu procurar a menina e fazer todo o poss\u00edvel para que ela regressasse.<\/p>\n<p>Finalmente, uns 40 dias depois, Herman visitou o projeto. E agora \u00e9 ele quem conta o que aconteceu:<\/p>\n<blockquote><p><span style=\"color: #000000; font-size: 13px;\">Na minha \u00faltima semana no Peru, planejei visitar o abrigo em Arequipa, para ver se Sofia j\u00e1 estava l\u00e1. Ao chegar l\u00e1 o porteiro me recebeu e me deixou entrar. Bertin, o administrador, saiu de um pr\u00e9dio, se dirigiu a mim, me apresentou ao diretor e \u00e0 sua esposa que me receberam muito bem. Perguntei a eles se Sofia estava e se sabia que eu vinha visit\u00e1-la. Sim, ela estava, n\u00e3o, n\u00e3o sabida da minha visita. Ent\u00e3o perguntei se eu podia fazer uma visita surpresa para ela.\u00a0<\/span><\/p>\n<p><span style=\"color: #000000;\">Subimos para uma sala e l\u00e1 estava Sofia com mais 4 meninas. Sofia se virou para ver quem estava chegando. Ela estava a dois metros de mim. Eu olhei diretamente para ela e perguntei: &#8220;Voc\u00ea se lembra de mim?&#8221; Ela olhou para mim e eu percebi que ela n\u00e3o conseguia me reconhecer. Perguntei novamente: &#8220;Voc\u00ea se lembra de mim?&#8221; E ela disse baixinho &#8220;John?&#8221; A esposa do diretor que estava sentada ao lado de Sofia respondeu &#8220;N\u00e3o, ele tem a ver com o seu retorno para n\u00f3s.&#8221; \u00a0Os olhos dela se abriram, ela pulou e correu para mim. Eu a peguei em meus bra\u00e7os e com a cabe\u00e7a dela nos meus ombros, ela chorou por uns 4 minutos e minhas l\u00e1grimas se uniram \u00e0s delas. Este foi um dos momentos mais emocionantes da minha vida! O diretor n\u00e3o se conteve, come\u00e7ou a tirar fotos de n\u00f3s dois, assim abra\u00e7ados.&#8221;<\/span><\/p><\/blockquote>\n<p>Herman e John se tornaram padrinhos de Sofia para a vida!<\/p>\n<p>Para mim que &#8220;assisti&#8221; o desenrolar da hist\u00f3ria em tempo real por meio de e-mails, o que me impressiona \u00e9 a sabedoria de Sofia. (Tamb\u00e9m, pudera, olha s\u00f3 o nome da menina!) Ela agiu como a serva de Naam\u00e3. Num momento de muito pouco poder para mudar as circunst\u00e2ncias ao seu redor, ela usou o \u00fanico recurso ao seu dispor: sua voz! Ela n\u00e3o podia obrigar ningu\u00e9m a fazer nada, mas ela podia pedir, interceder e principalmente contar que havia uma solu\u00e7\u00e3o logo ali ao alcance de todos. E foi isto que fez. Ou\u00e7amos \u00e0s crian\u00e7as!<\/p>\n","protected":false},"excerpt":{"rendered":"<p>John Collier \u00e9 m\u00e9dico aposentado, ingl\u00eas e um dos fundadores da Revista M\u00e3os Dadas. Apesar de hoje morar em Portugal e de estar menos envolvido com a Rede M\u00e3os Dadas em si, ele ainda mant\u00e9m contato conosco. Veja a hist\u00f3ria que nos contou sobre uma viagem sua para o Peru onde participou de cl\u00ednicas conduzidas [&hellip;]<\/p>\n","protected":false},"author":33,"featured_media":0,"comment_status":"open","ping_status":"open","sticky":false,"template":"","format":"standard","meta":{"ngg_post_thumbnail":0,"footnotes":""},"categories":[15786],"tags":[16977,16978,16976,16979,16981,16980],"class_list":["post-2374","post","type-post","status-publish","format-standard","hentry","category-em-pauta","tag-herman","tag-john","tag-menina","tag-padrinhos","tag-serva-de-naama","tag-sofia"],"_links":{"self":[{"href":"https:\/\/ultimato.com.br\/sites\/maosdadas\/wp-json\/wp\/v2\/posts\/2374","targetHints":{"allow":["GET"]}}],"collection":[{"href":"https:\/\/ultimato.com.br\/sites\/maosdadas\/wp-json\/wp\/v2\/posts"}],"about":[{"href":"https:\/\/ultimato.com.br\/sites\/maosdadas\/wp-json\/wp\/v2\/types\/post"}],"author":[{"embeddable":true,"href":"https:\/\/ultimato.com.br\/sites\/maosdadas\/wp-json\/wp\/v2\/users\/33"}],"replies":[{"embeddable":true,"href":"https:\/\/ultimato.com.br\/sites\/maosdadas\/wp-json\/wp\/v2\/comments?post=2374"}],"version-history":[{"count":7,"href":"https:\/\/ultimato.com.br\/sites\/maosdadas\/wp-json\/wp\/v2\/posts\/2374\/revisions"}],"predecessor-version":[{"id":2383,"href":"https:\/\/ultimato.com.br\/sites\/maosdadas\/wp-json\/wp\/v2\/posts\/2374\/revisions\/2383"}],"wp:attachment":[{"href":"https:\/\/ultimato.com.br\/sites\/maosdadas\/wp-json\/wp\/v2\/media?parent=2374"}],"wp:term":[{"taxonomy":"category","embeddable":true,"href":"https:\/\/ultimato.com.br\/sites\/maosdadas\/wp-json\/wp\/v2\/categories?post=2374"},{"taxonomy":"post_tag","embeddable":true,"href":"https:\/\/ultimato.com.br\/sites\/maosdadas\/wp-json\/wp\/v2\/tags?post=2374"}],"curies":[{"name":"wp","href":"https:\/\/api.w.org\/{rel}","templated":true}]}}