{"id":2126,"date":"2013-05-23T11:53:27","date_gmt":"2013-05-23T14:53:27","guid":{"rendered":"http:\/\/ultimato.com.br\/sites\/maosdadas\/?p=2126"},"modified":"2017-01-25T13:11:32","modified_gmt":"2017-01-25T16:11:32","slug":"dia-18-de-maio-em-pernambuco","status":"publish","type":"post","link":"https:\/\/ultimato.com.br\/sites\/maosdadas\/2013\/05\/23\/dia-18-de-maio-em-pernambuco\/","title":{"rendered":"Dia 18 de Maio em Maraca\u00edpe, PE"},"content":{"rendered":"<div id=\"attachment_2128\" style=\"width: 310px\" class=\"wp-caption alignright\"><a href=\"http:\/\/ultimato.com.br\/sites\/maosdadas\/files\/2013\/05\/CADI-Palho\u00e7a.jpg\"><img loading=\"lazy\" decoding=\"async\" aria-describedby=\"caption-attachment-2128\" class=\"size-medium wp-image-2128 \" src=\"http:\/\/ultimato.com.br\/sites\/maosdadas\/files\/2013\/05\/CADI-Palho\u00e7a-300x200.jpg\" alt=\"CADI Palho\u00e7a\" width=\"300\" height=\"200\" srcset=\"https:\/\/ultimato.com.br\/sites\/maosdadas\/files\/2013\/05\/CADI-Palho\u00e7a-300x200.jpg 300w, https:\/\/ultimato.com.br\/sites\/maosdadas\/files\/2013\/05\/CADI-Palho\u00e7a-1024x682.jpg 1024w, https:\/\/ultimato.com.br\/sites\/maosdadas\/files\/2013\/05\/CADI-Palho\u00e7a-150x100.jpg 150w, https:\/\/ultimato.com.br\/sites\/maosdadas\/files\/2013\/05\/CADI-Palho\u00e7a.jpg 1522w\" sizes=\"auto, (max-width: 300px) 100vw, 300px\" \/><\/a><p id=\"caption-attachment-2128\" class=\"wp-caption-text\">Adolescentes do CADI &#8211; Palho\u00e7a participaram das manifesta\u00e7\u00f5es<\/p><\/div>\n<p style=\"text-align: justify;\">Em todo o Brasil, muitas foram as manifesta\u00e7\u00f5es no \u00faltimo fim de semana por ocasi\u00e3o do <a title=\"V\u00e1 para o Comit\u00ea Nacional\" href=\"http:\/\/www.comitenacional.org.br\/o-que-e-18-maio-000.php\" target=\"_blank\">Dia Nacional de Enfrentamento da Viol\u00eancia Sexual Contra Crian\u00e7as e Adolescentes.<\/a> Para n\u00f3s da Rede M\u00e3os Dadas, as iniciativas mais significativas s\u00e3o aquelas que surgem espontaneamente do desejo popular e que tornam vis\u00edveis para todos a vontade de pessoas simples e humildes que se recusam a desistir de lutar mesmo diante de um mundo mal.<\/p>\n<p style=\"text-align: justify;\">Um bom exemplo deste tipo de manifesta\u00e7\u00e3o aconteceu em Maraca\u00edpe, uma vila de pescadores no litoral sul da regi\u00e3o metropolitana de Recife. Veja relato abaixo enviado a n\u00f3s por Alison Worral, nossa representante para o nordeste e moradora da vila:<\/p>\n<blockquote>\n<p style=\"text-align: justify;\">A participa\u00e7\u00e3o da minha Igreja em Maraca\u00edpe contou com 25 pessoas. Dos 25, 10 eram crian\u00e7as ou adolescentes. \u00a0Fizemos panfletagem com o material da prefeitura e da Campanha Bola na Rede. Trabalhamos na praia, no com\u00e9rcio e nas pousadas. Tivemos tr\u00eas pontos de divulga\u00e7\u00e3o no com\u00e9rcio: uma lanchonete, um restaurante e uma escola de surf. Todos os funcion\u00e1rios usaram \u00a0camisetas produzidas pela prefeitura. Recebi 50 camisetas para nossa equipe.<\/p>\n<p style=\"text-align: justify;\">Em Porto de Galinhas 50 pessoas participaram no total, 25 da Igreja e 25 da prefeitura, e outras ONGs reunidas pelo Conselho Municipal de Direitos da Crian\u00e7a e Adolescente. Das 50 pessoas ali envolvidas, 30 eram crian\u00e7as e adolescentes. Tivemos m\u00fasica, encena\u00e7\u00e3o, panfletagem, muitas conversas individuais com o p\u00fablico. Foi uma passeata pelo centro da cidade. Tive cinco oportunidades para falar na Igreja sobre explora\u00e7\u00e3o sexual e incentivar os membros \u00e0 participar numa rede local em forma\u00e7\u00e3o. Estamos num lugar de turismo onde acontece muita explora\u00e7\u00e3o e muitos maus tratos nas fam\u00edlias.<\/p>\n<\/blockquote>\n<p style=\"text-align: justify;\">Maraca\u00edpe e Porto de Galinhas s\u00e3o lugares no litoral Pernambucano com um alto \u00edndice de visitantes para o turismo. A praia de Maraca\u00edpe \u00e9 conhecida, na regi\u00e3o, por ser <i>ponto<\/i>\u00a0de encontro de surfistas amadores e profissionais. Nela s\u00e3o realizados v\u00e1rios campeonatos v\u00e1lidos para o\u00a0<em>ranking<\/em>\u00a0nacional e algumas competi\u00e7\u00f5es j\u00e1 trouxeram atletas internacionais. <a title=\"Veja reportagem\" href=\"http:\/\/www.biblioteca.maosdadas.org\/?pg=show_artigos&amp;area=revista&amp;artigo=472&amp;sec=293&amp;num_edicao=28&amp;util=1\" target=\"_blank\">Veja mat\u00e9ria publicada na Revista M\u00e3os Dadas<\/a> sobre o trabalho social de um pastor com os adolescentes que querem se tornar surfistas profissionais. Mas, como \u00e9 comum acontecer em regi\u00f5es tur\u00edsticas do mundo, as crian\u00e7as nestes locais se tornam mais vulner\u00e1veis a diversos tipos de explora\u00e7\u00e3o e viol\u00eancias. Que bom que uma igreja pequena, inserida numa vila de pescadores, j\u00e1 se atentou para esta realidade!<\/p>\n","protected":false},"excerpt":{"rendered":"<p>Em todo o Brasil, muitas foram as manifesta\u00e7\u00f5es no \u00faltimo fim de semana por ocasi\u00e3o do Dia Nacional de Enfrentamento da Viol\u00eancia Sexual Contra Crian\u00e7as e Adolescentes. Para n\u00f3s da Rede M\u00e3os Dadas, as iniciativas mais significativas s\u00e3o aquelas que surgem espontaneamente do desejo popular e que tornam vis\u00edveis para todos a vontade de pessoas [&hellip;]<\/p>\n","protected":false},"author":33,"featured_media":0,"comment_status":"open","ping_status":"open","sticky":false,"template":"","format":"standard","meta":{"ngg_post_thumbnail":0,"footnotes":""},"categories":[15786],"tags":[16031,5528,16034,16035],"class_list":["post-2126","post","type-post","status-publish","format-standard","hentry","category-em-pauta","tag-dia-18-de-maio","tag-exploracao-sexual","tag-igreja-amiga","tag-manifestacoes"],"_links":{"self":[{"href":"https:\/\/ultimato.com.br\/sites\/maosdadas\/wp-json\/wp\/v2\/posts\/2126","targetHints":{"allow":["GET"]}}],"collection":[{"href":"https:\/\/ultimato.com.br\/sites\/maosdadas\/wp-json\/wp\/v2\/posts"}],"about":[{"href":"https:\/\/ultimato.com.br\/sites\/maosdadas\/wp-json\/wp\/v2\/types\/post"}],"author":[{"embeddable":true,"href":"https:\/\/ultimato.com.br\/sites\/maosdadas\/wp-json\/wp\/v2\/users\/33"}],"replies":[{"embeddable":true,"href":"https:\/\/ultimato.com.br\/sites\/maosdadas\/wp-json\/wp\/v2\/comments?post=2126"}],"version-history":[{"count":16,"href":"https:\/\/ultimato.com.br\/sites\/maosdadas\/wp-json\/wp\/v2\/posts\/2126\/revisions"}],"predecessor-version":[{"id":6528,"href":"https:\/\/ultimato.com.br\/sites\/maosdadas\/wp-json\/wp\/v2\/posts\/2126\/revisions\/6528"}],"wp:attachment":[{"href":"https:\/\/ultimato.com.br\/sites\/maosdadas\/wp-json\/wp\/v2\/media?parent=2126"}],"wp:term":[{"taxonomy":"category","embeddable":true,"href":"https:\/\/ultimato.com.br\/sites\/maosdadas\/wp-json\/wp\/v2\/categories?post=2126"},{"taxonomy":"post_tag","embeddable":true,"href":"https:\/\/ultimato.com.br\/sites\/maosdadas\/wp-json\/wp\/v2\/tags?post=2126"}],"curies":[{"name":"wp","href":"https:\/\/api.w.org\/{rel}","templated":true}]}}