{"id":1680,"date":"2013-04-22T16:16:51","date_gmt":"2013-04-22T19:16:51","guid":{"rendered":"http:\/\/ultimato.com.br\/sites\/maosdadas\/?p=1680"},"modified":"2017-01-25T13:13:02","modified_gmt":"2017-01-25T16:13:02","slug":"se-um-bebe-indigena-morrer-e-voce-nao-ficar-sabendo-sera-que-ele-morreu","status":"publish","type":"post","link":"https:\/\/ultimato.com.br\/sites\/maosdadas\/2013\/04\/22\/se-um-bebe-indigena-morrer-e-voce-nao-ficar-sabendo-sera-que-ele-morreu\/","title":{"rendered":"Se um beb\u00ea ind\u00edgena morrer e voc\u00ea n\u00e3o ficar sabendo ser\u00e1 que ele morreu?"},"content":{"rendered":"<p style=\"text-align: left;\">A <strong>Rede M\u00e3os Dadas<\/strong> acompanha os n\u00fameros relativos a mortalidade infantil ind\u00edgena no Brasil.\u00a0A cada mil crian\u00e7as ind\u00edgenas nascidas vivas, 52,4 morrem na inf\u00e2ncia. Este \u00edndice \u00e9 duas vezes maior do que o do restante da popula\u00e7\u00e3o, segundo carta da 6\u0363 C\u00e2mara de Coordena\u00e7\u00e3o e Revis\u00e3o do Minist\u00e9rio P\u00fablico Federal.<\/p>\n<p>Veja aqui um apelo de Rute Apurin\u00e3 sobre o tema e em seguida uma declara\u00e7\u00e3o da\u00a0Associa\u00e7\u00e3o de Miss\u00f5es Transculturais Brasileiras (AMTB) sobre a situa\u00e7\u00e3o ind\u00edgena.<\/p>\n<p><code><img src=\"https:\/\/ultimato.com.br\/sites\/maosdadas\/wp-content\/plugins\/lightview-plus\/img\/novideo.png\" width=\"300\" height=\"168\" alt=\"Video not available\" \/><br \/><\/code><\/p>\n<blockquote><p>Por meio desta nota expressamos um amplo posicionamento evang\u00e9lico em rela\u00e7\u00e3o aos direitos dos povos ind\u00edgenas do Brasil.<\/p>\n<p><strong><em>Apoiamos a luta<\/em><\/strong>\u00a0e reivindica\u00e7\u00e3o dos povos ind\u00edgenas por seu direito, garantia e prote\u00e7\u00e3o \u00e0 terra, organiza\u00e7\u00e3o social, costumes, l\u00edngua e tradi\u00e7\u00e3o assegurado pela Constitui\u00e7\u00e3o Federal (Art. 231) e Declara\u00e7\u00e3o Universal dos Direitos Humanos (Cl\u00e1usulas XIX e XVII).<a href=\"http:\/\/ultimato.com.br\/sites\/maosdadas\/files\/2013\/04\/abntcarta.jpg\" class=\"lightview\" data-lightview-group=\"group-1680\" data-lightview-options=\"skin: 'dark', controls: 'relative', padding: '10', shadow: { color: '#000000', opacity: 0.08, blur: 3 }\"><img loading=\"lazy\" decoding=\"async\" class=\"alignright size-medium wp-image-1681\" src=\"http:\/\/ultimato.com.br\/sites\/maosdadas\/files\/2013\/04\/abntcarta-300x138.jpg\" alt=\"abntcarta\" width=\"300\" height=\"138\" srcset=\"https:\/\/ultimato.com.br\/sites\/maosdadas\/files\/2013\/04\/abntcarta-300x138.jpg 300w, https:\/\/ultimato.com.br\/sites\/maosdadas\/files\/2013\/04\/abntcarta-150x69.jpg 150w, https:\/\/ultimato.com.br\/sites\/maosdadas\/files\/2013\/04\/abntcarta.jpg 650w\" sizes=\"auto, (max-width: 300px) 100vw, 300px\" \/><\/a><\/p>\n<p><strong><em>Ressaltamos que s\u00f3 a conquista de territ\u00f3rios n\u00e3o garante<\/em><\/strong>\u00a0aos povos ind\u00edgenas a satisfa\u00e7\u00e3o de todas as suas necessidades, sendo igualmente importante uma pol\u00edtica de coopera\u00e7\u00e3o que lhes permita a sobreviv\u00eancia com dignidade, integrados \u00e0 comunidade nacional.<\/p>\n<p><strong><em>Compreendemos que os povos ind\u00edgenas possuem o direito de livremente<\/em><\/strong>\u00a0escolher suas prioridades em rela\u00e7\u00e3o \u00e0s suas cren\u00e7as e desenvolvimento econ\u00f4mico, social e cultural, o que deve ser respeitado pelo Estado e sociedade civil brasileira (OIT \u2013 Conven\u00e7\u00e3o 169, Art. 3 \u00a71\u00ba; Art 7 \u00a71\u00ba).<\/p>\n<p><strong><em>Reconhecemos a grave necessidade<\/em><\/strong>\u00a0do Estado, bem como da sociedade civil, de dialogarem com os povos ind\u00edgenas em suas mais diversas realidades na busca por solu\u00e7\u00f5es espec\u00edficas das condi\u00e7\u00f5es que lhes causam sofrimento.<\/p>\n<p><strong><em>Valorizamos a responsabilidade social<\/em><\/strong>\u00a0em face das necessidades humanas e solicita\u00e7\u00f5es de coopera\u00e7\u00e3o por parte de diversos povos ind\u00edgenas. Destacamos que organiza\u00e7\u00f5es e iniciativas evang\u00e9licas coordenam mais de 250 diferentes projetos sociais nas \u00e1reas de educa\u00e7\u00e3o, sa\u00fade e subsist\u00eancia entre mais de 80 povos ind\u00edgenas. Como exemplo destas atua\u00e7\u00f5es, entre 2010 e 2012 ag\u00eancias mission\u00e1rias evang\u00e9licas promoveram mais de 100.000 atendimentos m\u00e9dicos e odontol\u00f3gicos entre as popula\u00e7\u00f5es ind\u00edgenas do nosso pa\u00eds.<\/p>\n<p><strong><em>Destacamos o inestim\u00e1vel valor das l\u00ednguas ind\u00edgenas<\/em><\/strong>\u00a0e nos alegramos com as iniciativas evang\u00e9licas envolvidas e comprometidas na valoriza\u00e7\u00e3o, grafia e preserva\u00e7\u00e3o das l\u00ednguas ind\u00edgenas no Brasil.<\/p>\n<p><em id=\"__mceDel\"><strong><em>Repudiamos qualquer tentativa de se patrulhar<\/em><\/strong>\u00a0as comunidades ind\u00edgenas, seja pelas miss\u00f5es crist\u00e3s, \u00f3rg\u00e3os do Estado e mesmo esfor\u00e7os antropol\u00f3gicos.<\/em><\/p>\n<p>Brasil, 19 de abril de 2013<\/p>\n<p>Alian\u00e7a Crist\u00e3 Evang\u00e9lica Brasileira<br \/>\nAMTB (Associa\u00e7\u00e3o de Miss\u00f5es Transculturais Brasileiras)<br \/>\nCONPLEI (Conselho Nacional de Pastores e L\u00edderes Evang\u00e9licos ind\u00edgenas)<\/p><\/blockquote>\n<p>&nbsp;<\/p>\n<p>&nbsp;<\/p>\n","protected":false},"excerpt":{"rendered":"<p>A Rede M\u00e3os Dadas acompanha os n\u00fameros relativos a mortalidade infantil ind\u00edgena no Brasil.\u00a0A cada mil crian\u00e7as ind\u00edgenas nascidas vivas, 52,4 morrem na inf\u00e2ncia. Este \u00edndice \u00e9 duas vezes maior do que o do restante da popula\u00e7\u00e3o, segundo carta da 6\u0363 C\u00e2mara de Coordena\u00e7\u00e3o e Revis\u00e3o do Minist\u00e9rio P\u00fablico Federal. Veja aqui um apelo de [&hellip;]<\/p>\n","protected":false},"author":33,"featured_media":0,"comment_status":"open","ping_status":"open","sticky":false,"template":"","format":"standard","meta":{"ngg_post_thumbnail":0,"footnotes":""},"categories":[15786],"tags":[16011,16008,16010],"class_list":["post-1680","post","type-post","status-publish","format-standard","hentry","category-em-pauta","tag-amtb","tag-criancas-indigenas","tag-rute-apurina"],"_links":{"self":[{"href":"https:\/\/ultimato.com.br\/sites\/maosdadas\/wp-json\/wp\/v2\/posts\/1680","targetHints":{"allow":["GET"]}}],"collection":[{"href":"https:\/\/ultimato.com.br\/sites\/maosdadas\/wp-json\/wp\/v2\/posts"}],"about":[{"href":"https:\/\/ultimato.com.br\/sites\/maosdadas\/wp-json\/wp\/v2\/types\/post"}],"author":[{"embeddable":true,"href":"https:\/\/ultimato.com.br\/sites\/maosdadas\/wp-json\/wp\/v2\/users\/33"}],"replies":[{"embeddable":true,"href":"https:\/\/ultimato.com.br\/sites\/maosdadas\/wp-json\/wp\/v2\/comments?post=1680"}],"version-history":[{"count":14,"href":"https:\/\/ultimato.com.br\/sites\/maosdadas\/wp-json\/wp\/v2\/posts\/1680\/revisions"}],"predecessor-version":[{"id":6531,"href":"https:\/\/ultimato.com.br\/sites\/maosdadas\/wp-json\/wp\/v2\/posts\/1680\/revisions\/6531"}],"wp:attachment":[{"href":"https:\/\/ultimato.com.br\/sites\/maosdadas\/wp-json\/wp\/v2\/media?parent=1680"}],"wp:term":[{"taxonomy":"category","embeddable":true,"href":"https:\/\/ultimato.com.br\/sites\/maosdadas\/wp-json\/wp\/v2\/categories?post=1680"},{"taxonomy":"post_tag","embeddable":true,"href":"https:\/\/ultimato.com.br\/sites\/maosdadas\/wp-json\/wp\/v2\/tags?post=1680"}],"curies":[{"name":"wp","href":"https:\/\/api.w.org\/{rel}","templated":true}]}}