{"id":1582,"date":"2013-04-17T19:28:05","date_gmt":"2013-04-17T22:28:05","guid":{"rendered":"http:\/\/ultimato.com.br\/sites\/maosdadas\/?p=1582"},"modified":"2017-01-25T13:13:12","modified_gmt":"2017-01-25T16:13:12","slug":"fale-educadora-toda-crianca-tem-direito-a-brincar","status":"publish","type":"post","link":"https:\/\/ultimato.com.br\/sites\/maosdadas\/2013\/04\/17\/fale-educadora-toda-crianca-tem-direito-a-brincar\/","title":{"rendered":"Fale educadora: toda crian\u00e7a tem direito a brincar"},"content":{"rendered":"<div id=\"attachment_1656\" style=\"width: 250px\" class=\"wp-caption alignright\"><a href=\"http:\/\/ultimato.com.br\/sites\/maosdadas\/files\/2013\/04\/janainalima-640x480.jpg\" class=\"lightview\" data-lightview-group=\"group-1582\" data-lightview-options=\"skin: 'dark', controls: 'relative', padding: '10', shadow: { color: '#000000', opacity: 0.08, blur: 3 }\"><img loading=\"lazy\" decoding=\"async\" aria-describedby=\"caption-attachment-1656\" class=\"wp-image-1656 \" src=\"http:\/\/ultimato.com.br\/sites\/maosdadas\/files\/2013\/04\/janainalima-640x480-300x225.jpg\" alt=\"janainalima (640x480)\" width=\"240\" height=\"180\" srcset=\"https:\/\/ultimato.com.br\/sites\/maosdadas\/files\/2013\/04\/janainalima-640x480-300x225.jpg 300w, https:\/\/ultimato.com.br\/sites\/maosdadas\/files\/2013\/04\/janainalima-640x480-150x112.jpg 150w, https:\/\/ultimato.com.br\/sites\/maosdadas\/files\/2013\/04\/janainalima-640x480.jpg 640w\" sizes=\"auto, (max-width: 240px) 100vw, 240px\" \/><\/a><p id=\"caption-attachment-1656\" class=\"wp-caption-text\">Jana\u00edna Lima<\/p><\/div>\n<p>Jana\u00edna Lima \u00e9 mission\u00e1ria com forma\u00e7\u00e3o em missiologia pelo <a href=\"http:\/\/www.cem.org.br\/site\/\" target=\"_blank\">CEM<\/a> (Centro Evang\u00e9lico de Miss\u00f5es), estudante de pedagogia, ligada \u00e0 <a href=\"http:\/\/www.redemaosqueajudam.com.br\/\" target=\"_blank\">Rede M\u00e3os que Ajudam<\/a> e colaboradora da equipe de mobiliza\u00e7\u00e3o da <a href=\"http:\/\/bolanarede.org.br\/\" target=\"_blank\">Campanha Bola na Rede<\/a> em Recife. Recentemente nos concedeu esta entrevista sobre uma ideia que est\u00e1 dando certo e que \u00e9 fruto do trabalho em rede com apoio de v\u00e1rias pessoas e institui\u00e7\u00f5es. A primeira brinquedoteca instalada pelo Projeto &#8220;Direito de Ser Crian\u00e7a&#8221; foi uma a\u00e7\u00e3o em parceria com a Miss\u00e3o Sal da Terra, em Cai\u00e7arinha da Penha que fica a 406 Km da cidade de Recife.<\/p>\n<ul>\n<li>\n<h4><span style=\"color: #808000;\"><strong style=\"font-size: 13px;\">A partir de que data voc\u00ea descobriu que queria ter um minist\u00e9rio especial voltado para crian\u00e7as?<\/strong><\/span><\/h4>\n<\/li>\n<\/ul>\n<p>Dizer uma data para esse descobrimento \u00e9 praticamente imposs\u00edvel, pois desde que me entendo de gente sempre trabalhei com crian\u00e7as, lembro-me quando tinha uns 8 ou 9 anos e j\u00e1 ajudava minha professora na escola dominical, logo depois j\u00e1 estava como auxiliar de tia Nancy, a\u00ed j\u00e1 contava historias, preparava tarefas, distribu\u00eda o lanche e brincava com as crian\u00e7as, era muito divertido e prazeroso.<\/p>\n<p dir=\"ltr\">Em minha casa tamb\u00e9m tive um exemplo muito forte. Minha m\u00e3e tinha um minist\u00e9rio de evangelismo com crian\u00e7as e foi quem primeiro me levou \u00e0s comunidades carentes para evangelizar de casa em casa. A princ\u00edpio era muito dif\u00edcil, pois sentia ci\u00fames, mas com o decorrer do tempo, eu me sentia parte da vida e da hist\u00f3ria de cada uma daquelas crian\u00e7as.<\/p>\n<ul>\n<li>\n<h4><span style=\"color: #808000;\"><strong style=\"font-size: 13px;\">De l\u00e1 pra c\u00e1, conte-nos um pouco sobre sua trajet\u00f3ria.<\/strong><\/span><\/h4>\n<\/li>\n<\/ul>\n<p>Posso falar que minha trajet\u00f3ria ministerial iniciou quando terminei um curso b\u00e1sico de teologia e determinei em meu cora\u00e7\u00e3o que iria trabalhar de tempo integral em miss\u00f5es, foi quando tive uns sonhos e me via de m\u00e3os dadas com crian\u00e7as tentando proteg\u00ea-las de homens maus dentro das favelas. A partir da\u00ed as portas se abriram, conheci alguns projetos sociais e me voluntariei para o trabalho com crian\u00e7as em tr\u00eas comunidades na cidade de Recife.<!--more--><\/p>\n<ul>\n<li>\n<h4><span style=\"color: #808000;\"><b style=\"font-size: 13px;\"><b>Como surgiu a vontade\/ideia de criar a brinquedoteca?<\/b><\/b><\/span><\/h4>\n<\/li>\n<\/ul>\n<div id=\"attachment_1585\" style=\"width: 310px\" class=\"wp-caption alignright\"><a href=\"http:\/\/www.facebook.com\/media\/set\/?set=a.10150948920948387.413861.642558386&amp;type=3\" target=\"_blank\"><img loading=\"lazy\" decoding=\"async\" aria-describedby=\"caption-attachment-1585\" class=\"size-medium wp-image-1585\" src=\"http:\/\/ultimato.com.br\/sites\/maosdadas\/files\/2013\/04\/brinquedoteca_janaina-300x225.jpg\" alt=\"brinquedoteca_janaina\" width=\"300\" height=\"225\" srcset=\"https:\/\/ultimato.com.br\/sites\/maosdadas\/files\/2013\/04\/brinquedoteca_janaina-300x225.jpg 300w, https:\/\/ultimato.com.br\/sites\/maosdadas\/files\/2013\/04\/brinquedoteca_janaina-150x112.jpg 150w, https:\/\/ultimato.com.br\/sites\/maosdadas\/files\/2013\/04\/brinquedoteca_janaina.jpg 960w\" sizes=\"auto, (max-width: 300px) 100vw, 300px\" \/><\/a><p id=\"caption-attachment-1585\" class=\"wp-caption-text\">Crian\u00e7as de Cai\u00e7arinha da Penha<\/p><\/div>\n<p>A ideia de criar brinquedotecas surgiu a partir de uma aula de ludicidade quando a professora Ana Paula nos incentivou a montar uma brinquedoteca na faculdade e depois levarmos parte do material para alguma institui\u00e7\u00e3o. Lancei ent\u00e3o a proposta de levarmos para o sert\u00e3o, pois conhecendo a dura realidade da crian\u00e7a sertaneja entendi que seria muito relevante montar um espa\u00e7o com cara de crian\u00e7a para os pequeninos. Conversei com o Jorge e Aldenice (mission\u00e1rios do Sal da Terra em Cai\u00e7arinha da Penha) e lancei a proposta de levar a montagem da brinquedoteca para Cai\u00e7arinha da Penha. \u00a0Por ser um povoado que j\u00e1 fazia parte de minha hist\u00f3ria no sert\u00e3o, perguntei ao pessoal l\u00e1 se tinham interesse e como a resposta foi positiva e recebida com muito entusiasmo, juntei as doa\u00e7\u00f5es dos alunos da faculdade, busquei mais doa\u00e7\u00f5es e organizei o acervo para a primeira montagem. Levei minha igreja local e fizemos a festa. Montamos o projeto, participamos das atividades da igreja de l\u00e1 e realizamos um dia inteiro de brincadeiras com as crian\u00e7as<\/p>\n<p dir=\"ltr\">Alguns mission\u00e1rios que visitaram Cai\u00e7arinha da Penha ficaram t\u00e3o alegres com o espa\u00e7o, que pediram a montagem em suas comunidades, assim surgiu o Projeto \u201cDireito de Ser Crian\u00e7a\u201d<\/p>\n<ul>\n<li>\n<h4><span style=\"color: #808000;\"><strong style=\"font-size: 13px;\">Quantas crian\u00e7as s\u00e3o atendidas pelo projeto?<\/strong><\/span><\/h4>\n<\/li>\n<\/ul>\n<p>O projeto visa atender todas as crian\u00e7as que circulam no povoado, estejam na comunidade ou nos s\u00edtios ao redor.<b><b><!--more--><\/b><\/b><\/p>\n<p dir=\"ltr\">Esse atendimento, no entanto, depende do interesse dos educadores da escola local, dos mission\u00e1rios e dos familiares, pois s\u00e3o eles que far\u00e3o a agenda de utiliza\u00e7\u00e3o do espa\u00e7o junto aos mission\u00e1rios locais.<\/p>\n<p dir=\"ltr\">O espa\u00e7o da brinquedoteca \u00e9 composto de cinco cantinhos: Leitura, Arte, Jogos, M\u00fasica e Casinha, cada canto tem um acervo espec\u00edfico e destinado a contribuir com o brincar e o aprender brincando, tudo isso com o desejo de fortalecer o desenvolvimento integral da crian\u00e7a.<\/p>\n<ul>\n<li>\n<h4><span style=\"color: #808000;\"><strong style=\"font-size: 13px;\">Qual o maior desafio que voc\u00ea encontrou?<\/strong><\/span><\/h4>\n<\/li>\n<\/ul>\n<p>Ap\u00f3s a montagem, o maior desafio tem sido o agendamento de alguns pais e professores, pois as crian\u00e7as querem o espa\u00e7o, pedem para ir, mas nem todos se aliam a essa proposta e agendam sua turma ou levam seus filhos.<\/p>\n<p dir=\"ltr\">Outro desafio \u00e9 o fato de estar longe do povoado e n\u00e3o poder acompanhar mais de perto o projeto, estou aguardando a oportunidade de retornar para fortalecer a import\u00e2ncia do uso do espa\u00e7o para a vida das crian\u00e7as e tamb\u00e9m para realizar alguns treinamentos para os professores locais, enquanto isso, ligo, converso, troco ideias e oro para que Deus os oriente e fortale\u00e7a na pr\u00e1tica do cuidado e da prote\u00e7\u00e3o dos pequeninos.<\/p>\n<p dir=\"ltr\">Esse \u00e9 um pedido de ora\u00e7\u00e3o!<\/p>\n<ul>\n<li>\n<h4><span style=\"color: #808000;\"><strong style=\"font-size: 13px;\">Conte-nos a import\u00e2ncia do trabalho em rede no seu trabalho.<\/strong><\/span><\/h4>\n<\/li>\n<\/ul>\n<p>Acredito que sem o trabalho em rede o projeto n\u00e3o poderia acontecer, pois desde o primeiro momento, do sonhar ao executar, v\u00e1rios parceiros se envolveram. Minha turma da faculdade, minha igreja local, o <a href=\"http:\/\/www.missaosaldaterra.org.br\/\" target=\"_blank\">Sal da Terra<\/a>, o Voz na Rua, a Rede M\u00e3os que Ajudam, minha fam\u00edlia e muitas outras pessoas contribu\u00edram de alguma forma. Louvo a Deus pelas parcerias, apoio, incentivo e ora\u00e7\u00f5es recebidas.<\/p>\n<p dir=\"ltr\">Hoje estamos \u00e0s v\u00e9speras de montar mais uma brinquedoteca, desta vez numa comunidade quilombola no sert\u00e3o de Alagoas, o mission\u00e1rio Edvaldo (tamb\u00e9m vinculado ao Sal da Terra) est\u00e1 bem animado e nosso maior desejo \u00e9 que Alto de Negras vivencie cada vez mais da gra\u00e7a de nosso Deus que tem prazer em cuidar dos seus pequeninos.<\/p>\n<p><em>\u201cTodas as vezes que fizeste isto a um destes meus irm\u00e3os mais pequeninos, foi a mim mesmo que o fizeste\u201d (Mt 25,40) <\/em><\/p>\n","protected":false},"excerpt":{"rendered":"<p>Jana\u00edna Lima \u00e9 mission\u00e1ria com forma\u00e7\u00e3o em missiologia pelo CEM (Centro Evang\u00e9lico de Miss\u00f5es), estudante de pedagogia, ligada \u00e0 Rede M\u00e3os que Ajudam e colaboradora da equipe de mobiliza\u00e7\u00e3o da Campanha Bola na Rede em Recife. Recentemente nos concedeu esta entrevista sobre uma ideia que est\u00e1 dando certo e que \u00e9 fruto do trabalho em [&hellip;]<\/p>\n","protected":false},"author":33,"featured_media":0,"comment_status":"open","ping_status":"open","sticky":false,"template":"","format":"standard","meta":{"ngg_post_thumbnail":0,"footnotes":""},"categories":[15786],"tags":[15993,94],"class_list":["post-1582","post","type-post","status-publish","format-standard","hentry","category-em-pauta","tag-brinquedoteca","tag-sertao"],"_links":{"self":[{"href":"https:\/\/ultimato.com.br\/sites\/maosdadas\/wp-json\/wp\/v2\/posts\/1582","targetHints":{"allow":["GET"]}}],"collection":[{"href":"https:\/\/ultimato.com.br\/sites\/maosdadas\/wp-json\/wp\/v2\/posts"}],"about":[{"href":"https:\/\/ultimato.com.br\/sites\/maosdadas\/wp-json\/wp\/v2\/types\/post"}],"author":[{"embeddable":true,"href":"https:\/\/ultimato.com.br\/sites\/maosdadas\/wp-json\/wp\/v2\/users\/33"}],"replies":[{"embeddable":true,"href":"https:\/\/ultimato.com.br\/sites\/maosdadas\/wp-json\/wp\/v2\/comments?post=1582"}],"version-history":[{"count":11,"href":"https:\/\/ultimato.com.br\/sites\/maosdadas\/wp-json\/wp\/v2\/posts\/1582\/revisions"}],"predecessor-version":[{"id":6533,"href":"https:\/\/ultimato.com.br\/sites\/maosdadas\/wp-json\/wp\/v2\/posts\/1582\/revisions\/6533"}],"wp:attachment":[{"href":"https:\/\/ultimato.com.br\/sites\/maosdadas\/wp-json\/wp\/v2\/media?parent=1582"}],"wp:term":[{"taxonomy":"category","embeddable":true,"href":"https:\/\/ultimato.com.br\/sites\/maosdadas\/wp-json\/wp\/v2\/categories?post=1582"},{"taxonomy":"post_tag","embeddable":true,"href":"https:\/\/ultimato.com.br\/sites\/maosdadas\/wp-json\/wp\/v2\/tags?post=1582"}],"curies":[{"name":"wp","href":"https:\/\/api.w.org\/{rel}","templated":true}]}}