{"id":1567,"date":"2013-04-16T10:27:37","date_gmt":"2013-04-16T13:27:37","guid":{"rendered":"http:\/\/ultimato.com.br\/sites\/maosdadas\/?p=1567"},"modified":"2017-01-25T13:13:16","modified_gmt":"2017-01-25T16:13:16","slug":"um-gesto-de-amor-de-criancas-para-criancas","status":"publish","type":"post","link":"https:\/\/ultimato.com.br\/sites\/maosdadas\/2013\/04\/16\/um-gesto-de-amor-de-criancas-para-criancas\/","title":{"rendered":"Um gesto de amor, de crian\u00e7as para crian\u00e7as"},"content":{"rendered":"<div id=\"attachment_1574\" style=\"width: 310px\" class=\"wp-caption alignright\"><a href=\"http:\/\/ultimato.com.br\/sites\/maosdadas\/files\/2013\/04\/isabela-e-bb.jpg\" class=\"lightview\" data-lightview-group=\"group-1567\" data-lightview-options=\"skin: 'dark', controls: 'relative', padding: '10', shadow: { color: '#000000', opacity: 0.08, blur: 3 }\" style=\"color: #ed1e24; text-decoration: none;\"><img loading=\"lazy\" decoding=\"async\" aria-describedby=\"caption-attachment-1574\" class=\"size-medium wp-image-1574 \" src=\"http:\/\/ultimato.com.br\/sites\/maosdadas\/files\/2013\/04\/isabela-e-bb-300x200.jpg\" alt=\"Isabela adora gastar seu tempo com os beb\u00eas\" width=\"300\" height=\"200\" srcset=\"https:\/\/ultimato.com.br\/sites\/maosdadas\/files\/2013\/04\/isabela-e-bb-300x200.jpg 300w, https:\/\/ultimato.com.br\/sites\/maosdadas\/files\/2013\/04\/isabela-e-bb-150x100.jpg 150w, https:\/\/ultimato.com.br\/sites\/maosdadas\/files\/2013\/04\/isabela-e-bb.jpg 640w\" sizes=\"auto, (max-width: 300px) 100vw, 300px\" \/><\/a><p id=\"caption-attachment-1574\" class=\"wp-caption-text\">Isabela adora gastar seu tempo com os beb\u00eas<\/p><\/div>\n<p>Pedimos a Magaly, diretora do <a href=\"http:\/\/www.facebook.com\/larbatista.janelldoylei\" target=\"_blank\">Lar Batista Janell Doyle<\/a>, e uma parceira de RENAS Amazonas, para nos trazer hist\u00f3rias da Regi\u00e3o Norte. Veja a\u00a0primeira, que n\u00e3o s\u00f3 \u00e9 proveniente do <em>norte<\/em>, como tamb\u00e9m parte do<em> interior<\/em> do seu c\u00edrculo familiar. Um verdadeiro tesouro!<\/p>\n<p>&nbsp;<\/p>\n<p><span style=\"color: #333300;\"><strong>Isabela e o seu chamado para amar as crian\u00e7inhas<\/strong><\/span><\/p>\n<p>&#8220;Portanto, n\u00e3o se preocupem com o amanh\u00e3, pois o amanh\u00e3 se preocupar\u00e1 consigo mesmo. Basta a cada dia o seu pr\u00f3prio mal&#8221;.\u00a0\u00c9 isso o que diz a palavra de Deus em Mateus 6:34 e \u00e9 assim que procuramos viver diariamente no Lar Batista Janell Doyle, localizado em Manaus, AM. Sabemos que Deus vai prover o sustento e muitas vezes Ele nos surpreende, respondendo nossas ora\u00e7\u00f5es e usando pessoas que jamais esperar\u00edamos.<\/p>\n<p>H\u00e1 uns dias eu estava na casa de minha sobrinha, e compartilhei com suas filhas de doze, nove e oito anos, a necessidade emergencial do Lar. Nossas crian\u00e7as n\u00e3o tinham carne para comer e essa situa\u00e7\u00e3o estava me afligindo muito, ent\u00e3o comecei a captar recursos para suprir essa necessidade. Fiz v\u00e1rias liga\u00e7\u00f5es, recebi contribui\u00e7\u00f5es, mas ainda faltava uma parte. Foi quando, ent\u00e3o, fui surpreendida pequena Isabela. Ela me chamou no canto e disse:<\/p>\n<p>&#8211; Tia Magaly, fala com o papai que eu quero dar um pouco da minha mesada para comprar carne para as crian\u00e7as do Lar Batista.<\/p>\n<p>E minha rea\u00e7\u00e3o, qual foi? Claro, n\u00e3o poderia ter sido diferente. Abracei minha sobrinha neta e comecei a chorar!<!--more--><\/p>\n<div>Toda vez que Isabela vem a Manaus, ela quer ir ao Lar Batista e fica o dia inteiro no ber\u00e7\u00e1rio. Ela adora crian\u00e7as, principalmente os beb\u00eas! E sempre que me encontra\u00a0\u00a0fica perguntando o tempo inteiro sobre as crian\u00e7as, cita nomes, diz que est\u00e1 com saudades, que quer ir pra Manaus novamente pra ficar no Lar. De fato ela se interessa muito por isso. At\u00e9 diz que quando casar, vai adotar seus filhos de um abrigo.<\/div>\n<div><\/div>\n<div>Ela tinha guardado R$ 50,00 e foi justamente a quantia que deu para o Lar com o objetivo de comprar as carnes. A\u00ed ela se comprometeu, mensalmente, em doar R$ 15,00, o que significa 50% da mesada dela. Ela queria dar mais, por\u00e9m eu e sua m\u00e3e achamos que a metade da mesada estava bom e explicamos o motivo (ela teria que ter dinheiro tamb\u00e9m para fazer as coisinhas que ela quisesse, que comprasse o que ela quisesse e que isso tamb\u00e9m era importante pra ela. Explicamos que a contribui\u00e7\u00e3o estava excelente e que as crian\u00e7as ficariam muito felizes). Ela ficou meio pensativa e contrariada, mas entendeu. Depois ficou tranquila.<\/div>\n<div><\/div>\n<div>Acabou que contagiou as irm\u00e3s que al\u00e9m de doarem no m\u00eas de mar\u00e7o, tamb\u00e9m j\u00e1 cobraram da m\u00e3e em abril a contribui\u00e7\u00e3o para \u00a0o Lar Batista. Juntas elas contribuem com R$ 65,00 mensais, o que representa 50% de suas mesadas.<\/div>\n<p>O gesto das minhas sobrinhas representa para mim uma mistura de emo\u00e7\u00e3o e surpresa! Fico pensando, qu\u00e3o desatentos, n\u00f3s adultos, somos ao n\u00e3o darmos a aten\u00e7\u00e3o e o respeito merecidos aos pequeninos que est\u00e3o a nossa volta. Quantas vezes somos desatentos aos sentimentos deles e quantas vezes dizemos que eles n\u00e3o t\u00eam maturidade para ouvir e muito menos participar dos problemas di\u00e1rios que enfrentamos. Mas quando e de onde menos esperamos, vem nosso suprimento! Deus sempre nos surpreende e nos aben\u00e7oa!<\/p>\n<p>Que possamos aprender a ter cora\u00e7\u00f5es generosos como os das nossas crian\u00e7as e que sejamos sens\u00edveis, assim como elas, \u00e0s necessidades daqueles que nos rodeiam, daqueles que verdadeiramente precisam. S\u00e3o pequenos gestos de amor e miseric\u00f3rdia que mudam coisas grandes na vida de uma crian\u00e7a.<\/p>\n","protected":false},"excerpt":{"rendered":"<p>Pedimos a Magaly, diretora do Lar Batista Janell Doyle, e uma parceira de RENAS Amazonas, para nos trazer hist\u00f3rias da Regi\u00e3o Norte. Veja a\u00a0primeira, que n\u00e3o s\u00f3 \u00e9 proveniente do norte, como tamb\u00e9m parte do interior do seu c\u00edrculo familiar. Um verdadeiro tesouro! &nbsp; Isabela e o seu chamado para amar as crian\u00e7inhas &#8220;Portanto, n\u00e3o [&hellip;]<\/p>\n","protected":false},"author":33,"featured_media":0,"comment_status":"open","ping_status":"open","sticky":false,"template":"","format":"standard","meta":{"ngg_post_thumbnail":0,"footnotes":""},"categories":[15786],"tags":[61,9511,16006],"class_list":["post-1567","post","type-post","status-publish","format-standard","hentry","category-em-pauta","tag-crianca","tag-doacao","tag-lar-batista-janell-doyle"],"_links":{"self":[{"href":"https:\/\/ultimato.com.br\/sites\/maosdadas\/wp-json\/wp\/v2\/posts\/1567","targetHints":{"allow":["GET"]}}],"collection":[{"href":"https:\/\/ultimato.com.br\/sites\/maosdadas\/wp-json\/wp\/v2\/posts"}],"about":[{"href":"https:\/\/ultimato.com.br\/sites\/maosdadas\/wp-json\/wp\/v2\/types\/post"}],"author":[{"embeddable":true,"href":"https:\/\/ultimato.com.br\/sites\/maosdadas\/wp-json\/wp\/v2\/users\/33"}],"replies":[{"embeddable":true,"href":"https:\/\/ultimato.com.br\/sites\/maosdadas\/wp-json\/wp\/v2\/comments?post=1567"}],"version-history":[{"count":17,"href":"https:\/\/ultimato.com.br\/sites\/maosdadas\/wp-json\/wp\/v2\/posts\/1567\/revisions"}],"predecessor-version":[{"id":6534,"href":"https:\/\/ultimato.com.br\/sites\/maosdadas\/wp-json\/wp\/v2\/posts\/1567\/revisions\/6534"}],"wp:attachment":[{"href":"https:\/\/ultimato.com.br\/sites\/maosdadas\/wp-json\/wp\/v2\/media?parent=1567"}],"wp:term":[{"taxonomy":"category","embeddable":true,"href":"https:\/\/ultimato.com.br\/sites\/maosdadas\/wp-json\/wp\/v2\/categories?post=1567"},{"taxonomy":"post_tag","embeddable":true,"href":"https:\/\/ultimato.com.br\/sites\/maosdadas\/wp-json\/wp\/v2\/tags?post=1567"}],"curies":[{"name":"wp","href":"https:\/\/api.w.org\/{rel}","templated":true}]}}