{"id":1368,"date":"2013-03-21T20:34:19","date_gmt":"2013-03-21T23:34:19","guid":{"rendered":"http:\/\/ultimato.com.br\/sites\/maosdadas\/?p=1368"},"modified":"2013-04-17T11:31:18","modified_gmt":"2013-04-17T14:31:18","slug":"ore-pelas-familias-que-enfrentam-ameacas-externas","status":"publish","type":"post","link":"https:\/\/ultimato.com.br\/sites\/maosdadas\/2013\/03\/21\/ore-pelas-familias-que-enfrentam-ameacas-externas\/","title":{"rendered":"Ore pelas fam\u00edlias que enfrentam amea\u00e7as externas!"},"content":{"rendered":"<p>Em 2013 o Mutir\u00e3o Mundial de Ora\u00e7\u00e3o pelas Crian\u00e7as e Adolescentes que vivem em situa\u00e7\u00e3o de vulnerabilidade social ter\u00e1 como tema central a <strong>fam\u00edlia.\u00a0<\/strong>\u00c9 quase imposs\u00edvel pensar nas situa\u00e7\u00f5es que afligem as fam\u00edlias sem perceber ao mesmo tempo que estas situa\u00e7\u00f5es afetam com mais dureza as crian\u00e7as ali inseridas. Participe, e influencie sua igreja, seu projeto social, seu grupo de ora\u00e7\u00e3o, enfim, todos os crist\u00e3os que voc\u00ea puder influenciar. \u00a0Vamos erguer a voz ao Pai pedindo o livramento, o resgate, a transforma\u00e7\u00e3o que nossas fam\u00edlias precisam. O Mutir\u00e3o acontecer\u00e1 este ano do dia 31 de maio a 2 de junho.<\/p>\n<blockquote><p>Conhe\u00e7a Scovia. Ao crescer no distrito pobre de Karamoja, Uganda, fome e medo eram realidade <a href=\"http:\/\/ultimato.com.br\/sites\/maosdadas\/files\/2013\/03\/menina.png\" class=\"lightview\" data-lightview-group=\"group-1368\" data-lightview-options=\"skin: 'dark', controls: 'relative', padding: '10', shadow: { color: '#000000', opacity: 0.08, blur: 3 }\"><img loading=\"lazy\" decoding=\"async\" class=\"alignright size-full wp-image-1369\" alt=\"menina\" src=\"http:\/\/ultimato.com.br\/sites\/maosdadas\/files\/2013\/03\/menina.png\" width=\"125\" height=\"157\" srcset=\"https:\/\/ultimato.com.br\/sites\/maosdadas\/files\/2013\/03\/menina.png 125w, https:\/\/ultimato.com.br\/sites\/maosdadas\/files\/2013\/03\/menina-119x150.png 119w\" sizes=\"auto, (max-width: 125px) 100vw, 125px\" \/><\/a>de todo dia para Scovia e seu irm\u00e3o mais novo, Bitalo. A m\u00e3e deles se esfor\u00e7ava para cuidar bem deles, mas o emprego estava escasso, ent\u00e3o ela decidiu que a fam\u00edlia se mudaria para Kampala na esperan\u00e7a de terem melhores oportunidades. No entanto, tentar construir uma vida na capital n\u00e3o foi f\u00e1cil e a m\u00e3e de Scovia tinha de trabalhar longas horas, muitas vezes tendo de deixar Scovia e Bitalo sozinhos em casa. Scovia come\u00e7ou a sair pelas ruas com suas amigas, algumas vezes at\u00e9 ficava fora at\u00e9 de madrugada, o que a deixava mais vulner\u00e1vel a todos os tipos de perigos. Sua sa\u00fade come\u00e7ava a ser comprometida tamb\u00e9m.\u00a0Felizmente, Scovia foi encontrada por uma organiza\u00e7\u00e3o local de aten\u00e7\u00e3o a crian\u00e7as. Agora eles ajudam a m\u00e3e dela a gerenciar seu pr\u00f3prio\u00a0neg\u00f3cio e a garantir um lar mais tranquilo para\u00a0Scovia e Bitalo.<\/p><\/blockquote>\n<p style=\"text-align: justify;\"><span style=\"color: #33cccc;\"><strong>FALE COM DEUS<\/strong><\/span><br \/>\n<a href=\"http:\/\/ultimato.com.br\/sites\/maosdadas\/files\/2013\/03\/Untitled.png\" class=\"lightview\" data-lightview-group=\"group-1368\" data-lightview-options=\"skin: 'dark', controls: 'relative', padding: '10', shadow: { color: '#000000', opacity: 0.08, blur: 3 }\"><img loading=\"lazy\" decoding=\"async\" class=\"alignleft  wp-image-1373\" alt=\"Untitled\" src=\"http:\/\/ultimato.com.br\/sites\/maosdadas\/files\/2013\/03\/Untitled.png\" width=\"23\" height=\"30\" \/><\/a><strong>Ore pelas crian\u00e7as<\/strong> que vivem em situa\u00e7\u00f5es de guerra e conflito, pelas que est\u00e3o desabrigadas e refugiadas, para que sejam protegidas e que Deus atenda \u00e0s suas necessidades em meio \u00e0 viol\u00eancia<\/p>\n<p><a href=\"http:\/\/ultimato.com.br\/sites\/maosdadas\/files\/2013\/03\/mao.png\" class=\"lightview\" data-lightview-group=\"group-1368\" data-lightview-options=\"skin: 'dark', controls: 'relative', padding: '10', shadow: { color: '#000000', opacity: 0.08, blur: 3 }\"><img loading=\"lazy\" decoding=\"async\" class=\"alignleft  wp-image-1376\" alt=\"mao\" src=\"http:\/\/ultimato.com.br\/sites\/maosdadas\/files\/2013\/03\/mao.png\" width=\"28\" height=\"27\" \/><\/a><strong>Ore pelas crian\u00e7as<\/strong> que s\u00e3o for\u00e7adas a trabalhar e pe\u00e7a a Deus que envie pessoas para libert\u00e1-las dessa escravid\u00e3o e explora\u00e7\u00e3o e \u00e0 instabilidade<\/p>\n<p><a href=\"http:\/\/ultimato.com.br\/sites\/maosdadas\/files\/2013\/03\/maoo.png\" class=\"lightview\" data-lightview-group=\"group-1368\" data-lightview-options=\"skin: 'dark', controls: 'relative', padding: '10', shadow: { color: '#000000', opacity: 0.08, blur: 3 }\"><img loading=\"lazy\" decoding=\"async\" class=\"alignleft  wp-image-1379\" alt=\"maoo\" src=\"http:\/\/ultimato.com.br\/sites\/maosdadas\/files\/2013\/03\/maoo.png\" width=\"24\" height=\"29\" \/><\/a><strong>Ore pelos governantes<\/strong>, pelos l\u00edderes e outras autoridades, para que tomem decis\u00f5es s\u00e1bias e boas que atendam bem as crian\u00e7as e suas fam\u00edlias<\/p>\n<p style=\"text-align: left;\"><strong style=\"color: #33cccc;\">SAIBA OS FATOS<\/strong><\/p>\n<p>H\u00e1 <strong>10,4 milh\u00f5es<\/strong> de fam\u00edlias refugiadas no mundo e metade de todas as pessoas em campos de refugiados s\u00e3o crian\u00e7as.<br \/>\nTodo ano quase <strong>40 mil<\/strong> crian\u00e7as nascem na Tail\u00e2ndia sem receber uma certid\u00e3o de nascimento, o que as deixa mais vulner\u00e1veis a explora\u00e7\u00e3o<br \/>\ne abuso e mais propensas a terem negado o direito a sa\u00fade e educa\u00e7\u00e3o.<br \/>\nNo Reino Unido h\u00e1 <strong>3,6 milh\u00f5es<\/strong> de crian\u00e7as que vivem na pobreza, o que \u00e9 mais de uma em cada quatro do total de crian\u00e7as do pa\u00eds.<br \/>\nEmbora as estimativas variem de <strong>60 a 115 milh\u00f5es<\/strong>, \u00e9 amplamente aceito que a \u00cdndia tem a maior quantidade do mundo de crian\u00e7as que trabalham. Essas crian\u00e7as trabalham longas horas em condi\u00e7\u00f5es prec\u00e1rias, for\u00e7adas a serem praticamente escravas para pagarem d\u00edvidas contra\u00eddas pelos seus pais ou tutores.<\/p>\n<p style=\"text-align: center;\"><a href=\"http:\/\/ultimato.com.br\/sites\/maosdadas\/files\/2013\/03\/d.png\" class=\"lightview\" data-lightview-group=\"group-1368\" data-lightview-options=\"skin: 'dark', controls: 'relative', padding: '10', shadow: { color: '#000000', opacity: 0.08, blur: 3 }\"><img loading=\"lazy\" decoding=\"async\" class=\"size-full wp-image-1381 aligncenter\" alt=\"d\" src=\"http:\/\/ultimato.com.br\/sites\/maosdadas\/files\/2013\/03\/d.png\" width=\"308\" height=\"77\" srcset=\"https:\/\/ultimato.com.br\/sites\/maosdadas\/files\/2013\/03\/d.png 308w, https:\/\/ultimato.com.br\/sites\/maosdadas\/files\/2013\/03\/d-300x75.png 300w, https:\/\/ultimato.com.br\/sites\/maosdadas\/files\/2013\/03\/d-150x37.png 150w\" sizes=\"auto, (max-width: 308px) 100vw, 308px\" \/><\/a><\/p>\n<p style=\"text-align: left;\">O Mutir\u00e3o Mundial de Ora\u00e7\u00e3o \u00e9 \u00a0uma iniciativa da Viva, uma organiza\u00e7\u00e3o mundial com sede na Inglaterra e trabalhos na \u00e1rea da prote\u00e7\u00e3o infantil por todos os continentes. No Brasil, a Rede M\u00e3os Dadas promove esta a\u00e7\u00e3o desde 2002. Para mais informa\u00e7\u00f5es clique <a href=\"http:\/\/maosdadas.org\/rede\/mmo\/\" target=\"_blank\">aqui<\/a>.<\/p>\n<p style=\"text-align: left;\">Clique <a href=\"https:\/\/www.dropbox.com\/s\/t387ksiult61b7h\/Cartilha%20Rede%20Maos%20Dadas%20MMO%202013.pdf\" target=\"_blank\">aqui<\/a> e veja a cartilha completa.<\/p>\n","protected":false},"excerpt":{"rendered":"<p>Em 2013 o Mutir\u00e3o Mundial de Ora\u00e7\u00e3o pelas Crian\u00e7as e Adolescentes que vivem em situa\u00e7\u00e3o de vulnerabilidade social ter\u00e1 como tema central a fam\u00edlia.\u00a0\u00c9 quase imposs\u00edvel pensar nas situa\u00e7\u00f5es que afligem as fam\u00edlias sem perceber ao mesmo tempo que estas situa\u00e7\u00f5es afetam com mais dureza as crian\u00e7as ali inseridas. Participe, e influencie sua igreja, seu [&hellip;]<\/p>\n","protected":false},"author":33,"featured_media":0,"comment_status":"open","ping_status":"open","sticky":false,"template":"","format":"standard","meta":{"ngg_post_thumbnail":0,"footnotes":""},"categories":[15874],"tags":[15992],"class_list":["post-1368","post","type-post","status-publish","format-standard","hentry","category-anuncios","tag-mmo-2013"],"_links":{"self":[{"href":"https:\/\/ultimato.com.br\/sites\/maosdadas\/wp-json\/wp\/v2\/posts\/1368","targetHints":{"allow":["GET"]}}],"collection":[{"href":"https:\/\/ultimato.com.br\/sites\/maosdadas\/wp-json\/wp\/v2\/posts"}],"about":[{"href":"https:\/\/ultimato.com.br\/sites\/maosdadas\/wp-json\/wp\/v2\/types\/post"}],"author":[{"embeddable":true,"href":"https:\/\/ultimato.com.br\/sites\/maosdadas\/wp-json\/wp\/v2\/users\/33"}],"replies":[{"embeddable":true,"href":"https:\/\/ultimato.com.br\/sites\/maosdadas\/wp-json\/wp\/v2\/comments?post=1368"}],"version-history":[{"count":23,"href":"https:\/\/ultimato.com.br\/sites\/maosdadas\/wp-json\/wp\/v2\/posts\/1368\/revisions"}],"predecessor-version":[{"id":1649,"href":"https:\/\/ultimato.com.br\/sites\/maosdadas\/wp-json\/wp\/v2\/posts\/1368\/revisions\/1649"}],"wp:attachment":[{"href":"https:\/\/ultimato.com.br\/sites\/maosdadas\/wp-json\/wp\/v2\/media?parent=1368"}],"wp:term":[{"taxonomy":"category","embeddable":true,"href":"https:\/\/ultimato.com.br\/sites\/maosdadas\/wp-json\/wp\/v2\/categories?post=1368"},{"taxonomy":"post_tag","embeddable":true,"href":"https:\/\/ultimato.com.br\/sites\/maosdadas\/wp-json\/wp\/v2\/tags?post=1368"}],"curies":[{"name":"wp","href":"https:\/\/api.w.org\/{rel}","templated":true}]}}