{"id":1289,"date":"2013-03-06T20:35:06","date_gmt":"2013-03-06T23:35:06","guid":{"rendered":"http:\/\/ultimato.com.br\/sites\/maosdadas\/?p=1289"},"modified":"2017-01-25T13:13:48","modified_gmt":"2017-01-25T16:13:48","slug":"o-meu-melhor-dia-de-trabalho-do-ano-ate-agora","status":"publish","type":"post","link":"https:\/\/ultimato.com.br\/sites\/maosdadas\/2013\/03\/06\/o-meu-melhor-dia-de-trabalho-do-ano-ate-agora\/","title":{"rendered":"O meu melhor dia de trabalho do ano&#8211;at\u00e9 agora!"},"content":{"rendered":"<div id=\"attachment_1291\" style=\"width: 310px\" class=\"wp-caption alignright\"><a href=\"http:\/\/ultimato.com.br\/sites\/maosdadas\/files\/2013\/03\/PIMC-alongamento.jpg\" class=\"lightview\" data-lightview-group=\"group-1289\" data-lightview-options=\"skin: 'dark', controls: 'relative', padding: '10', shadow: { color: '#000000', opacity: 0.08, blur: 3 }\" data-lightview-title=\"PIMC da Rebusca Mar\u00e7o 2013\"><img loading=\"lazy\" decoding=\"async\" aria-describedby=\"caption-attachment-1291\" class=\"size-medium wp-image-1291\" title=\"PIMC da Rebusca Mar\u00e7o 2013\" src=\"http:\/\/ultimato.com.br\/sites\/maosdadas\/files\/2013\/03\/PIMC-alongamento-300x174.jpg\" alt=\"D\" width=\"300\" height=\"174\" srcset=\"https:\/\/ultimato.com.br\/sites\/maosdadas\/files\/2013\/03\/PIMC-alongamento-300x174.jpg 300w, https:\/\/ultimato.com.br\/sites\/maosdadas\/files\/2013\/03\/PIMC-alongamento-150x87.jpg 150w, https:\/\/ultimato.com.br\/sites\/maosdadas\/files\/2013\/03\/PIMC-alongamento.jpg 518w\" sizes=\"auto, (max-width: 300px) 100vw, 300px\" \/><\/a><p id=\"caption-attachment-1291\" class=\"wp-caption-text\">Dona Rosa, a senhora mais velha do grupo, na contram\u00e3o do alongamento&#8230;<\/p><\/div>\n<p>Nem todos os dias de trabalho s\u00e3o \u00a0produtivos, nem todos os dias s\u00e3o agrad\u00e1veis. Ent\u00e3o, quando Deus nos d\u00e1 um dia especial, temos de celebrar!<\/p>\n<p>Hoje fui ao projeto social chamado PIMC (Programa Integra\u00e7\u00e3o M\u00e3e Crian\u00e7a), um programa da Rebusca que re\u00fane 15 mulheres muito pobres de um bairro perif\u00e9rico de Vi\u00e7osa. Elas gastam suas tardes no projeto, aprendendo todo tipo de coisa com o objetivo de melhorar as condi\u00e7\u00f5es de vida pessoais e de suas fam\u00edlias.<\/p>\n<p>Se eu pudesse, passaria todas as tardes com elas. Mas n\u00e3o posso, ent\u00e3o acompanho a coordenadora do projeto, a Eva, no planejamento, monitoramento e avalia\u00e7\u00e3o do programa. Tento doar meu tempo como volunt\u00e1ria passando algumas tardes com elas. Na maior parte das vezes a ben\u00e7\u00e3o recebida \u00e9 maior do que a minha doa\u00e7\u00e3o. N\u00e3o foi diferente hoje.<\/p>\n<p>Ontem, fizemos um &#8220;mini-enduro&#8221; no horto florestal da Universidade Federal de Vi\u00e7osa. \u00c9 um espa\u00e7o p\u00fablico bem conhecido pelos habitantes da cidade e muitas pessoas aproveitam as sombras das \u00e1rvores para fazerem caminhadas. As mulheres andaram pelo bosque muito animadas tentando seguir as pistas que eu tinha distribu\u00eddo para elas acharem. Erraram o caminho mais do que acertaram, mas no final deram muitas risadas e uma delas resumiu bem a opini\u00e3o do grupo &#8220;N\u00f3s \u00a0agradou desse lugar, vamos voltar aqui mais vezes?&#8221;<\/p>\n<p>Hoje, fui ao bairro onde elas moram para conversarmos sobre a caminhada como uma forma de encarar a vida. Perguntei para elas como uma caminhada poderia ser comparada com a nossa vida. Obtive v\u00e1rias respostas interessantes que demonstram como h\u00e1 espa\u00e7o para a aprendizagem e o amadurecimento na vida delas. Fiquei aben\u00e7oada com suas respostas.<!--more--><\/p>\n<p>No entanto, o que mais me aben\u00e7oou, foi ver a Mariana* l\u00e1, t\u00e3o mudada que quase n\u00e3o a reconheci. Mariana era novata em mar\u00e7o do ano passado. Passei uma semana com as mulheres no come\u00e7o de 2012. Foi tempo suficiente para ficar preocupada com esta mulher. Parecia quase catat\u00f4nica, sem vida, sem sorriso e sem brilho nos olhos. Segurava o beb\u00ea de uma forma esquisita e a crian\u00e7a n\u00e3o parecia se comunicar com a m\u00e3e, parecia solta. A educadora me relatou na \u00e9poca que ela tinha passagem de rua e que passava a maior parte do tempo em um bar, com seu companheiro, no mais absoluto \u00f3cio.<\/p>\n<p>Ontem e hoje convivi com uma outra Mariana, alegre, enturmada, brincalhona, disposta na caminhada, participativa durante a minha palestra. A educadora me contou que ela representa o milagre de 2012. Aprendeu a fazer sab\u00e3o e por conta pr\u00f3pria o faz em casa para vender, aprendeu a fazer umas coisinhas para o cabelo, e j\u00e1 os confecciona sob encomenda. Melhorou na intera\u00e7\u00e3o com as duas filhinhas, se abriu no grupo para amizades sadias. Quando perguntei para ela &#8220;O que est\u00e1 na hora para voc\u00ea fazer, na sua caminhada?&#8221; Ela respondeu: &#8220;Meu pr\u00f3ximo passo \u00e9 arrumar um trabalho.&#8221; Que coisa maravilhosa! E como foi relativamente pequeno o nosso investimento&#8230;<\/p>\n<p>O vaso usado por Jesus para transformar \u00e1gua em vinho deve ter ficado alegre de ser testemunha de um milagre. Minhas colegas l\u00e1 da Rebusca alegram-se como bons vasos nas m\u00e3os de Jesus, e eu me animo com elas!<\/p>\n<p>Mais fotos sobre o projeto com as m\u00e3es da Rebusca, voc\u00ea pode ver <a title=\"Veja fotos\" href=\"https:\/\/picasaweb.google.com\/116999633092742027824\/SegundaVista#5512758237405862930\" target=\"_blank\">aqui<\/a>.<\/p>\n<p>*Mariana \u00e9 um nome fict\u00edcio.<\/p>\n","protected":false},"excerpt":{"rendered":"<p>Nem todos os dias de trabalho s\u00e3o \u00a0produtivos, nem todos os dias s\u00e3o agrad\u00e1veis. Ent\u00e3o, quando Deus nos d\u00e1 um dia especial, temos de celebrar! Hoje fui ao projeto social chamado PIMC (Programa Integra\u00e7\u00e3o M\u00e3e Crian\u00e7a), um programa da Rebusca que re\u00fane 15 mulheres muito pobres de um bairro perif\u00e9rico de Vi\u00e7osa. Elas gastam suas [&hellip;]<\/p>\n","protected":false},"author":33,"featured_media":0,"comment_status":"open","ping_status":"open","sticky":false,"template":"","format":"standard","meta":{"ngg_post_thumbnail":0,"footnotes":""},"categories":[15786],"tags":[5310,5780,15977,6075],"class_list":["post-1289","post","type-post","status-publish","format-standard","hentry","category-em-pauta","tag-caminhada","tag-mulheres","tag-pimc","tag-ufv"],"_links":{"self":[{"href":"https:\/\/ultimato.com.br\/sites\/maosdadas\/wp-json\/wp\/v2\/posts\/1289","targetHints":{"allow":["GET"]}}],"collection":[{"href":"https:\/\/ultimato.com.br\/sites\/maosdadas\/wp-json\/wp\/v2\/posts"}],"about":[{"href":"https:\/\/ultimato.com.br\/sites\/maosdadas\/wp-json\/wp\/v2\/types\/post"}],"author":[{"embeddable":true,"href":"https:\/\/ultimato.com.br\/sites\/maosdadas\/wp-json\/wp\/v2\/users\/33"}],"replies":[{"embeddable":true,"href":"https:\/\/ultimato.com.br\/sites\/maosdadas\/wp-json\/wp\/v2\/comments?post=1289"}],"version-history":[{"count":11,"href":"https:\/\/ultimato.com.br\/sites\/maosdadas\/wp-json\/wp\/v2\/posts\/1289\/revisions"}],"predecessor-version":[{"id":6542,"href":"https:\/\/ultimato.com.br\/sites\/maosdadas\/wp-json\/wp\/v2\/posts\/1289\/revisions\/6542"}],"wp:attachment":[{"href":"https:\/\/ultimato.com.br\/sites\/maosdadas\/wp-json\/wp\/v2\/media?parent=1289"}],"wp:term":[{"taxonomy":"category","embeddable":true,"href":"https:\/\/ultimato.com.br\/sites\/maosdadas\/wp-json\/wp\/v2\/categories?post=1289"},{"taxonomy":"post_tag","embeddable":true,"href":"https:\/\/ultimato.com.br\/sites\/maosdadas\/wp-json\/wp\/v2\/tags?post=1289"}],"curies":[{"name":"wp","href":"https:\/\/api.w.org\/{rel}","templated":true}]}}