{"id":1055,"date":"2013-01-29T13:52:49","date_gmt":"2013-01-29T16:52:49","guid":{"rendered":"http:\/\/ultimato.com.br\/sites\/maosdadas\/?p=1055"},"modified":"2013-04-17T11:33:16","modified_gmt":"2013-04-17T14:33:16","slug":"historia-de-esperanca-como-um-grupo-de-criancas-mobilizou-uma-nacao","status":"publish","type":"post","link":"https:\/\/ultimato.com.br\/sites\/maosdadas\/2013\/01\/29\/historia-de-esperanca-como-um-grupo-de-criancas-mobilizou-uma-nacao\/","title":{"rendered":"Hist\u00f3ria de Esperan\u00e7a: como um grupo de crian\u00e7as mobilizou uma na\u00e7\u00e3o!"},"content":{"rendered":"<div id=\"attachment_1056\" style=\"width: 584px\" class=\"wp-caption alignleft\"><a href=\"http:\/\/ultimato.com.br\/sites\/maosdadas\/files\/2013\/01\/Hist-Esp-MDR2.jpg\" class=\"lightview\" data-lightview-group=\"group-1055\" data-lightview-options=\"skin: 'dark', controls: 'relative', padding: '10', shadow: { color: '#000000', opacity: 0.08, blur: 3 }\"><img loading=\"lazy\" decoding=\"async\" aria-describedby=\"caption-attachment-1056\" class=\" wp-image-1056  \" alt=\"Texto da M\u00e3os Dadas Responde 2\" src=\"http:\/\/ultimato.com.br\/sites\/maosdadas\/files\/2013\/01\/Hist-Esp-MDR2-1024x723.jpg\" width=\"574\" height=\"405\" srcset=\"https:\/\/ultimato.com.br\/sites\/maosdadas\/files\/2013\/01\/Hist-Esp-MDR2-1024x723.jpg 1024w, https:\/\/ultimato.com.br\/sites\/maosdadas\/files\/2013\/01\/Hist-Esp-MDR2-300x212.jpg 300w, https:\/\/ultimato.com.br\/sites\/maosdadas\/files\/2013\/01\/Hist-Esp-MDR2-150x106.jpg 150w, https:\/\/ultimato.com.br\/sites\/maosdadas\/files\/2013\/01\/Hist-Esp-MDR2.jpg 1099w\" sizes=\"auto, (max-width: 574px) 100vw, 574px\" \/><\/a><p id=\"caption-attachment-1056\" class=\"wp-caption-text\">Uma hist\u00f3ria para voc\u00ea contar e mobilizar crian\u00e7as<\/p><\/div>\n<p>Na segunda edi\u00e7\u00e3o do peri\u00f3dico online <a title=\"M\u00e3os Dadas Responde\" href=\"http:\/\/ultimato.com.br\/sites\/maosdadas\/revistas\/maos-dadas-responde\/\" target=\"_blank\">M\u00e3os Dadas Responde<\/a>, publicamos uma hist\u00f3ria sobre o Movimento das Crian\u00e7as pela Paz na Col\u00f4mbia. Este movimento nasceu no cora\u00e7\u00e3o de um grupo pequeno de adolescentes. Veja o relato do seu crescimento assombroso e como \u00e9 poss\u00edvel mobilizar crian\u00e7as e adolescentes para tornar este mundo um mundo melhor.<\/p>\n<blockquote><p><b>Movimento de Crian\u00e7as pela Paz na Col\u00f4mbia: a luta pela paz exige coragem<\/b><br \/>\nO conflito armado da Col\u00f4mbia, que come\u00e7ou em 1964 e se arrasta at\u00e9 hoje, tem tr\u00eas lados: as for\u00e7as revolucion\u00e1rias formadas por guerrilheiros, as for\u00e7as do ex\u00e9rcito colombiano e os paramilitares. Em 1996, os tr\u00eas lados recrutavam crian\u00e7as e adolescentes para a luta armada. Apesar de a maioria ter entre 15 e 17 anos de idade, era frequente encontrar crian\u00e7as de 12 , e at\u00e9 8 anos, entre eles.<\/p>\n<p>De acordo com um relat\u00f3rio da UNICEF, uma a cada 6 v\u00edtimas de assassinato era crian\u00e7a, uma a cada 5 crian\u00e7as-soldado j\u00e1 tinha matado algu\u00e9m, 66% j\u00e1 tinham presenciado um assassinato, 33% j\u00e1 tinham assistido \u00e0 tortura de algu\u00e9m e mais de 80% j\u00e1 tinham se sentido \u00e0 beira da morte.<\/p>\n<p>Nesta \u00e9poca estimava-se que 1,5 milh\u00f5es de pessoas estavam deslocadas dentro do pr\u00f3prio pa\u00eds, fugindo de amea\u00e7as, tentando encontrar um lugar mais seguro. Membros de uma fam\u00edlia se perdiam uns dos outros deixando muitas crian\u00e7as desamparadas. O n\u00famero de \u00f3rf\u00e3os crescia a cada dia.<\/p>\n<p>Foi nesse contexto que um grupo de 27 crian\u00e7as e adolescentes se uniram e fundaram, com a ajuda de v\u00e1rias ONG\u2019s, o Movimento de Crian\u00e7as pela Paz. Dentre elas, cinco se destacaram como l\u00edderes: Farliz Calle, Juan Elias Uribe, Mayerly Sanchez, Dilia Lorenzo, Wilfrido Zambrano, cada um com a sua pr\u00f3pria hist\u00f3ria de perda e sofrimento.<\/p>\n<p><!--more--><\/p>\n<p>Esse grupo de 27 levou 2,7 milh\u00f5es de crian\u00e7as a votarem numa elei\u00e7\u00e3o nacional pela paz. Nesta elei\u00e7\u00e3o o desafio era eleger o direito humano mais importante para elas. Os mais votados foram o direito \u00e0 vida, o direito \u00e0 paz e o direito \u00e0 fam\u00edlia. Num pa\u00eds onde qualquer manifesta\u00e7\u00e3o p\u00fablica era associada a atos de terrorismo e podia custar a vida de algu\u00e9m, a coragem desses adolescentes inspirou os adultos e chamou a aten\u00e7\u00e3o da comunidade internacional. Eles foram nomeados duas vezes como candidatos ao Pr\u00eamio Nobel da Paz (em 1998 e novamente em 1999).<\/p>\n<p>Hoje, estima-se que o conflito armado na Col\u00f4mbia tenha matado diretamente entre 50 mil a 200 mil pessoas desde 1964. O n\u00famero de pessoas deslocadas cresceu para algo entre 4 a 5 milh\u00f5es. Mas crian\u00e7as e adolescentes por todo o pa\u00eds n\u00e3o desistiram de lutar pela paz. O Movimento de Crian\u00e7as pela Paz conta com a participa\u00e7\u00e3o ativa de mais de 100 mil crian\u00e7as e adolescentes, que integram cerca de 400 organiza\u00e7\u00f5es no pa\u00eds.<\/p><\/blockquote>\n<h3><span style=\"color: #808000;\">Aproveite este recurso com as suas crian\u00e7as!<\/span><\/h3>\n<p>Voc\u00ea pode aproveitar esta hist\u00f3ria para desenvolver um trabalho sobre cidadania e sobre a import\u00e2ncia da participa\u00e7\u00e3o das crian\u00e7as e adolescentes nos assuntos que lhes dizem respeito. Veja algumas sugest\u00f5es de atividades nas p\u00e1ginas 8 e 9 de <a title=\"V\u00e1 para M\u00e3os Dadas Responde 2\" href=\"http:\/\/ultimato.com.br\/sites\/maosdadas\/revistas\/maos-dadas-responde\/\" target=\"_blank\">M\u00e3os Dadas Responde 2<\/a>. Temos at\u00e9 uma c\u00e9dula pronta para ser baixada e impressa. Quem sabe seus alunos se empolgam e resolvem fazer uma elei\u00e7\u00e3o na escola, igreja ou projeto social, algo inspirado nas a\u00e7\u00f5es das crian\u00e7as colombianas?<\/p>\n<p>&nbsp;<\/p>\n","protected":false},"excerpt":{"rendered":"<p>Na segunda edi\u00e7\u00e3o do peri\u00f3dico online M\u00e3os Dadas Responde, publicamos uma hist\u00f3ria sobre o Movimento das Crian\u00e7as pela Paz na Col\u00f4mbia. Este movimento nasceu no cora\u00e7\u00e3o de um grupo pequeno de adolescentes. Veja o relato do seu crescimento assombroso e como \u00e9 poss\u00edvel mobilizar crian\u00e7as e adolescentes para tornar este mundo um mundo melhor. Movimento [&hellip;]<\/p>\n","protected":false},"author":33,"featured_media":0,"comment_status":"open","ping_status":"open","sticky":false,"template":"","format":"standard","meta":{"ngg_post_thumbnail":0,"footnotes":""},"categories":[9],"tags":[15948,15947,15946,9868],"class_list":["post-1055","post","type-post","status-publish","format-standard","hentry","category-sem-categoria","tag-colombia","tag-criancas-pela-paz","tag-maos-dadas-responde","tag-mobilizacao"],"_links":{"self":[{"href":"https:\/\/ultimato.com.br\/sites\/maosdadas\/wp-json\/wp\/v2\/posts\/1055","targetHints":{"allow":["GET"]}}],"collection":[{"href":"https:\/\/ultimato.com.br\/sites\/maosdadas\/wp-json\/wp\/v2\/posts"}],"about":[{"href":"https:\/\/ultimato.com.br\/sites\/maosdadas\/wp-json\/wp\/v2\/types\/post"}],"author":[{"embeddable":true,"href":"https:\/\/ultimato.com.br\/sites\/maosdadas\/wp-json\/wp\/v2\/users\/33"}],"replies":[{"embeddable":true,"href":"https:\/\/ultimato.com.br\/sites\/maosdadas\/wp-json\/wp\/v2\/comments?post=1055"}],"version-history":[{"count":10,"href":"https:\/\/ultimato.com.br\/sites\/maosdadas\/wp-json\/wp\/v2\/posts\/1055\/revisions"}],"predecessor-version":[{"id":1653,"href":"https:\/\/ultimato.com.br\/sites\/maosdadas\/wp-json\/wp\/v2\/posts\/1055\/revisions\/1653"}],"wp:attachment":[{"href":"https:\/\/ultimato.com.br\/sites\/maosdadas\/wp-json\/wp\/v2\/media?parent=1055"}],"wp:term":[{"taxonomy":"category","embeddable":true,"href":"https:\/\/ultimato.com.br\/sites\/maosdadas\/wp-json\/wp\/v2\/categories?post=1055"},{"taxonomy":"post_tag","embeddable":true,"href":"https:\/\/ultimato.com.br\/sites\/maosdadas\/wp-json\/wp\/v2\/tags?post=1055"}],"curies":[{"name":"wp","href":"https:\/\/api.w.org\/{rel}","templated":true}]}}