{"id":10247,"date":"2025-09-12T14:58:14","date_gmt":"2025-09-12T17:58:14","guid":{"rendered":"https:\/\/ultimato.com.br\/sites\/maosdadas\/?p=10247"},"modified":"2025-09-12T14:58:53","modified_gmt":"2025-09-12T17:58:53","slug":"lancamento-campanha-meu-educador-social-cristao-2025","status":"publish","type":"post","link":"https:\/\/ultimato.com.br\/sites\/maosdadas\/2025\/09\/12\/lancamento-campanha-meu-educador-social-cristao-2025\/","title":{"rendered":"Lan\u00e7amento Campanha Meu Educador Social Crist\u00e3o 2025"},"content":{"rendered":"<p><span style=\"font-weight: 400;\"><img loading=\"lazy\" decoding=\"async\" class=\"size-medium wp-image-10248 alignright\" src=\"https:\/\/ultimato.com.br\/sites\/maosdadas\/files\/2025\/09\/mesc_cartaz_2025_FIN02-4_page-0001-300x212.jpg\" alt=\"\" width=\"300\" height=\"212\" srcset=\"https:\/\/ultimato.com.br\/sites\/maosdadas\/files\/2025\/09\/mesc_cartaz_2025_FIN02-4_page-0001-300x212.jpg 300w, https:\/\/ultimato.com.br\/sites\/maosdadas\/files\/2025\/09\/mesc_cartaz_2025_FIN02-4_page-0001.jpg 350w\" sizes=\"auto, (max-width: 300px) 100vw, 300px\" \/>A 11\u00aa Campanha Meu Educador Social Crist\u00e3o chega trazendo reflex\u00f5es baseadas no tema: \u201cCelebrando a generosidade de Deus comigo, com voc\u00ea e com o nosso meio ambiente\u201d.&nbsp;<\/span><\/p>\n<p><i><span style=\"font-weight: 400;\">Toda boa d\u00e1diva e todo dom perfeito s\u00e3o l\u00e1 do alto, descendo do Pai das luzes, em quem n\u00e3o pode existir varia\u00e7\u00e3o ou sombra de mudan\u00e7a. <\/span><\/i><span style=\"font-weight: 400;\">(Tiago 1.17)<\/span><\/p>\n<p><span style=\"font-weight: 400;\">As coisas boas que Deus nos proporciona s\u00e3o a origem da nossa generosidade. Damos porque recebemos primeiro. Damos daquilo que recebemos. N\u00e3o d\u00e1 para darmos o que n\u00e3o temos, n\u00e3o d\u00e1 para fazer tudo e fazer bem! Nossa generosidade tem limites, a de Deus \u00e9 infind\u00e1vel. Portanto, todo ato de generosidade nosso \u00e9 um reflexo da generosidade infinita de Deus. Tudo come\u00e7a l\u00e1. Assim como a luz come\u00e7a a partir do sol e a luz da lua \u00e9 apenas o seu reflexo.<\/span><\/p>\n<p><span style=\"font-weight: 400;\">Por que celebrar a generosidade de Deus \u00e9 importante para os educadores sociais que dedicam seu tempo e seu talento em favor de crian\u00e7as e adolescentes mais vulner\u00e1veis? Porque o nosso bolso \u00e9 raso e, por vezes, encontra-se vazio! Nem sempre \u00e9 poss\u00edvel dar mais, dedicar mais, escutar mais, cuidar mais. Se a generosidade se origina em Deus, precisamos buscar nele o sustento (inclusive financeiro), a escuta, o consolo, a sabedoria, o \u00e2nimo que ele nos prometeu v\u00e1rias vezes. Reabastecidos e revigorados, voltamos a doar de n\u00f3s mesmos para o nosso pr\u00f3ximo!<\/span><\/p>\n<p><span style=\"font-weight: 400;\">Celebrar a generosidade de Deus significa cuidar daquilo que ele j\u00e1 nos deu! Foi pensando nisto que inclu\u00edmos neste guia uma din\u00e2mica especial sobre o cuidado com a Cria\u00e7\u00e3o e uma chamada para celebrarmos com as crian\u00e7as e adolescentes a realiza\u00e7\u00e3o da COP 30 de uma forma bem especial!<\/span><\/p>\n<p><span style=\"font-weight: 400;\">Celebrar a generosidade de Deus significa pratic\u00e1-la em todas as \u00e1reas de nossa vida. Celebrar a generosidade de Deus \u00e9 o maior ant\u00eddoto para a gan\u00e2ncia e a avareza t\u00e3o presentes na nossa cultura e que geram tantos males e sofrimento para crian\u00e7as e adolescentes mais vulner\u00e1veis. A celebra\u00e7\u00e3o tamb\u00e9m nos fortalece, nos ajudando a ver o quanto j\u00e1 recebemos de Deus: seu amor, seu cuidado, seu consolo, sua sabedoria, seu socorro!&nbsp;<\/span><\/p>\n<p><span style=\"font-weight: 400;\">Vamos celebrar?<\/span><\/p>\n<p style=\"text-align: center;\"><strong><span style=\"color: #339966;\"><a style=\"color: #339966;\" href=\"https:\/\/www.maosdadas.ong.br\/meu-educador-social-cristao-2025\/\">Acesse aqui os materiais da campanha!<\/a><\/span><\/strong><\/p>\n<p><span style=\"font-weight: 400;\">Com carinho, e de m\u00e3os dadas,<br \/>\n<\/span><span style=\"font-weight: 400;\">Elsie B. C. Gilbert<\/span><\/p>\n<p><br style=\"font-weight: 400;\"><br style=\"font-weight: 400;\"><\/p>\n","protected":false},"excerpt":{"rendered":"<p>A 11\u00aa Campanha Meu Educador Social Crist\u00e3o chega trazendo reflex\u00f5es baseadas no tema: \u201cCelebrando a generosidade de Deus comigo, com voc\u00ea e com o nosso meio ambiente\u201d.&nbsp; Toda boa d\u00e1diva e todo dom perfeito s\u00e3o l\u00e1 do alto, descendo do Pai das luzes, em quem n\u00e3o pode existir varia\u00e7\u00e3o ou sombra de mudan\u00e7a. (Tiago 1.17) [&hellip;]<\/p>\n","protected":false},"author":33,"featured_media":0,"comment_status":"open","ping_status":"open","sticky":false,"template":"","format":"standard","meta":{"ngg_post_thumbnail":0,"footnotes":""},"categories":[15874],"tags":[44410],"class_list":["post-10247","post","type-post","status-publish","format-standard","hentry","category-anuncios","tag-mesc-2025"],"_links":{"self":[{"href":"https:\/\/ultimato.com.br\/sites\/maosdadas\/wp-json\/wp\/v2\/posts\/10247","targetHints":{"allow":["GET"]}}],"collection":[{"href":"https:\/\/ultimato.com.br\/sites\/maosdadas\/wp-json\/wp\/v2\/posts"}],"about":[{"href":"https:\/\/ultimato.com.br\/sites\/maosdadas\/wp-json\/wp\/v2\/types\/post"}],"author":[{"embeddable":true,"href":"https:\/\/ultimato.com.br\/sites\/maosdadas\/wp-json\/wp\/v2\/users\/33"}],"replies":[{"embeddable":true,"href":"https:\/\/ultimato.com.br\/sites\/maosdadas\/wp-json\/wp\/v2\/comments?post=10247"}],"version-history":[{"count":4,"href":"https:\/\/ultimato.com.br\/sites\/maosdadas\/wp-json\/wp\/v2\/posts\/10247\/revisions"}],"predecessor-version":[{"id":10250,"href":"https:\/\/ultimato.com.br\/sites\/maosdadas\/wp-json\/wp\/v2\/posts\/10247\/revisions\/10250"}],"wp:attachment":[{"href":"https:\/\/ultimato.com.br\/sites\/maosdadas\/wp-json\/wp\/v2\/media?parent=10247"}],"wp:term":[{"taxonomy":"category","embeddable":true,"href":"https:\/\/ultimato.com.br\/sites\/maosdadas\/wp-json\/wp\/v2\/categories?post=10247"},{"taxonomy":"post_tag","embeddable":true,"href":"https:\/\/ultimato.com.br\/sites\/maosdadas\/wp-json\/wp\/v2\/tags?post=10247"}],"curies":[{"name":"wp","href":"https:\/\/api.w.org\/{rel}","templated":true}]}}