{"id":10187,"date":"2025-05-28T10:44:00","date_gmt":"2025-05-28T13:44:00","guid":{"rendered":"https:\/\/ultimato.com.br\/sites\/maosdadas\/?p=10187"},"modified":"2025-05-28T10:44:00","modified_gmt":"2025-05-28T13:44:00","slug":"ministerio-infantil-lugar-de-bencao-e-protecao","status":"publish","type":"post","link":"https:\/\/ultimato.com.br\/sites\/maosdadas\/2025\/05\/28\/ministerio-infantil-lugar-de-bencao-e-protecao\/","title":{"rendered":"Minist\u00e9rio Infantil: Lugar de B\u00ean\u00e7\u00e3o e Prote\u00e7\u00e3o"},"content":{"rendered":"<p>&nbsp;<\/p>\n<p><img loading=\"lazy\" decoding=\"async\" class=\"aligncenter wp-image-10188 size-full\" src=\"https:\/\/ultimato.com.br\/sites\/maosdadas\/files\/2025\/05\/IS1-980x551-1.jpg\" alt=\"\" width=\"980\" height=\"551\" srcset=\"https:\/\/ultimato.com.br\/sites\/maosdadas\/files\/2025\/05\/IS1-980x551-1.jpg 980w, https:\/\/ultimato.com.br\/sites\/maosdadas\/files\/2025\/05\/IS1-980x551-1-300x169.jpg 300w, https:\/\/ultimato.com.br\/sites\/maosdadas\/files\/2025\/05\/IS1-980x551-1-768x432.jpg 768w, https:\/\/ultimato.com.br\/sites\/maosdadas\/files\/2025\/05\/IS1-980x551-1-732x412.jpg 732w\" sizes=\"auto, (max-width: 980px) 100vw, 980px\" \/><\/p>\n<p><i>Por D\u00e9bora Vieira \u2013 Editora Rede M\u00e3os Dadas<\/i><\/p>\n<p>&nbsp;<\/p>\n<p>\u00c9 da semente que vem o broto.<\/p>\n<p>\u00c9 do broto que vem a \u00e1rvore.&nbsp;<\/p>\n<p>\u00c9 da \u00e1rvore que vem o fruto.&nbsp;<\/p>\n<p>E dele, a semente.&nbsp;<\/p>\n<p>&nbsp;<\/p>\n<p>O agricultor sabe o valor da semente. Nela est\u00e1 o cora\u00e7\u00e3o de todo o seu trabalho. Que tolo seria aquele lavrador que desprezasse, n\u00e3o valorizasse, n\u00e3o cuidasse da qualidade e manuten\u00e7\u00e3o das suas sementinhas, como tamb\u00e9m dos brotos que elas geram, somente porque ainda s\u00e3o pequenos e imaturos. Que tolos somos quando n\u00e3o percebemos que nossas crian\u00e7as, nossos brotos, nossos beb\u00eas, nossas sementinhas, j\u00e1 tem toda a completude do amor de Deus sobre eles e que j\u00e1 s\u00e3o o presente do potencial de amanh\u00e3. Que bom ter um amanh\u00e3. Que bom ter um presente!<\/p>\n<p>Apesar de Jesus, nosso Senhor, demonstrar amor pelas crian\u00e7as e as querer perto mesmo ainda pequenas, seus seguidores \u2013 desde os primeiros disc\u00edpulos \u2013 muitas vezes n\u00e3o agem da mesma forma. \u00c9 preciso que aqueles que j\u00e1 foram alcan\u00e7ados pela miseric\u00f3rdia do Mestre nesse entendimento, sejam como porta-vozes do lugar da inf\u00e2ncia para a comunidade de f\u00e9. Esses s\u00e3o os chamados a servirem \u00e0 nova gera\u00e7\u00e3o, esses s\u00e3o os <i>educadores crist\u00e3os.<\/i> Muitas vezes s\u00e3o os que t\u00eam a inten\u00e7\u00e3o, a boa vontade, entendem a import\u00e2ncia da crian\u00e7a, mas talvez lhes falte seguran\u00e7a, ousadia e tamb\u00e9m preparo para lidar com tantas quest\u00f5es s\u00e9rias de meninos e meninas e ainda contextualiz\u00e1-las com a f\u00e9 em Jesus.<\/p>\n<p>Fazer da igreja um lugar realmente seguro para crian\u00e7as e adolescentes, em que a comunidade aprende a se portar como uma ag\u00eancia de prote\u00e7\u00e3o em qualquer caso de viola\u00e7\u00e3o \u2013 inclusive que possa ocorrer dentro das quatro paredes da organiza\u00e7\u00e3o! \u2013 \u00e9 algo que exige um trabalho custoso. N\u00e3o \u00e9 dif\u00edcil, mas trabalhoso. Custa seu seu pre\u00e7o: tempo, recursos, reflex\u00e3o e a\u00e7\u00e3o. Um pre\u00e7o que o educador crist\u00e3o comprometido com a inf\u00e2ncia normalmente est\u00e1 disposto a pagar. Um pre\u00e7o que o Minist\u00e9rio Infantil que sabe que \u00e9 um lugar de ben\u00e7\u00e3o e prote\u00e7\u00e3o est\u00e1 disposto a pagar.<\/p>\n<p>O educador crist\u00e3o normalmente ser\u00e1 aquele que ir\u00e1 estudar para instruir a igreja sobre como ouvir segredos dif\u00edceis que a crian\u00e7a pode se sentir \u00e0 vontade para revelar. Ser\u00e1 ele que ter\u00e1 o cora\u00e7\u00e3o ardendo para instruir a igreja de modo geral sobre como proteger crian\u00e7as de viol\u00eancias silenciosas e expl\u00edcitas. Tamb\u00e9m apoiar\u00e1 o pastor e demais minist\u00e9rios da igreja para instruir fam\u00edlias com a luz de Jesus para a restaura\u00e7\u00e3o de relacionamentos abusivos. \u00c9 ele que procurar\u00e1 construir uma rede de prote\u00e7\u00e3o para toda a igreja, para ele n\u00e3o ser uma voz \u00fanica nesse processo. E ser\u00e1 ele que procurar\u00e1 levar a comunidade a criar normas de prote\u00e7\u00e3o, seguidas por toda a fam\u00edlia de f\u00e9, normas que nortear\u00e3o o cuidado e prote\u00e7\u00e3o das sementinhas e brotinhos do Senhor.&nbsp;<\/p>\n<blockquote><p>\u201cCuidado para n\u00e3o desprezarem um s\u00f3 destes pequeninos! Pois eu lhes digo que os anjos deles nos c\u00e9us est\u00e3o sempre vendo a face de meu Pai celeste. (Mateus 18:10)<\/p><\/blockquote>\n<p>O minist\u00e9rio de crian\u00e7as e adolescentes que tem educadores comprometidos com a vis\u00e3o de cuidado e prote\u00e7\u00e3o tem um tesouro! E \u00e9 para auxiliar nesse precioso Chamado de tanto valor que a Rede M\u00e3os Dadas em parceria com o Minist\u00e9rio FEPAS elaborou um curso sobre prote\u00e7\u00e3o da crian\u00e7a e do adolescente para minist\u00e9rios infantis.<\/p>\n<p>Um conte\u00fado rico para instruir toda a equipe ministerial. Material gratuito, de muito valor. Usufrua deste <i>presente <\/i>no m\u00eas de maio e vamos juntos cuidar das sementes e brotos que o senhor da lavoura nos <i>presenteou<\/i> hoje!&nbsp;<\/p>\n<p>Clique e fa\u00e7a o curso gratuitamente:<\/p>\n<p>&nbsp;<\/p>\n<p style=\"text-align: center;\"><a class=\"big-button bigblue\" href=\"https:\/\/amoremmovimento.thinkific.com\/courses\/lugardeprotecao\" target=\"_blank\" rel=\"noopener\"><span style=\"color: #000080;\"><strong>CURSO Minist\u00e9rio Infantil: Lugar de b\u00ean\u00e7\u00e3o e prote\u00e7\u00e3o<\/strong><\/span><\/a><\/p>\n","protected":false},"excerpt":{"rendered":"<p>&nbsp; Por D\u00e9bora Vieira \u2013 Editora Rede M\u00e3os Dadas &nbsp; \u00c9 da semente que vem o broto. \u00c9 do broto que vem a \u00e1rvore.&nbsp; \u00c9 da \u00e1rvore que vem o fruto.&nbsp; E dele, a semente.&nbsp; &nbsp; O agricultor sabe o valor da semente. Nela est\u00e1 o cora\u00e7\u00e3o de todo o seu trabalho. Que tolo seria [&hellip;]<\/p>\n","protected":false},"author":33,"featured_media":0,"comment_status":"open","ping_status":"open","sticky":false,"template":"","format":"standard","meta":{"ngg_post_thumbnail":0,"footnotes":""},"categories":[15786],"tags":[],"class_list":["post-10187","post","type-post","status-publish","format-standard","hentry","category-em-pauta"],"_links":{"self":[{"href":"https:\/\/ultimato.com.br\/sites\/maosdadas\/wp-json\/wp\/v2\/posts\/10187","targetHints":{"allow":["GET"]}}],"collection":[{"href":"https:\/\/ultimato.com.br\/sites\/maosdadas\/wp-json\/wp\/v2\/posts"}],"about":[{"href":"https:\/\/ultimato.com.br\/sites\/maosdadas\/wp-json\/wp\/v2\/types\/post"}],"author":[{"embeddable":true,"href":"https:\/\/ultimato.com.br\/sites\/maosdadas\/wp-json\/wp\/v2\/users\/33"}],"replies":[{"embeddable":true,"href":"https:\/\/ultimato.com.br\/sites\/maosdadas\/wp-json\/wp\/v2\/comments?post=10187"}],"version-history":[{"count":2,"href":"https:\/\/ultimato.com.br\/sites\/maosdadas\/wp-json\/wp\/v2\/posts\/10187\/revisions"}],"predecessor-version":[{"id":10190,"href":"https:\/\/ultimato.com.br\/sites\/maosdadas\/wp-json\/wp\/v2\/posts\/10187\/revisions\/10190"}],"wp:attachment":[{"href":"https:\/\/ultimato.com.br\/sites\/maosdadas\/wp-json\/wp\/v2\/media?parent=10187"}],"wp:term":[{"taxonomy":"category","embeddable":true,"href":"https:\/\/ultimato.com.br\/sites\/maosdadas\/wp-json\/wp\/v2\/categories?post=10187"},{"taxonomy":"post_tag","embeddable":true,"href":"https:\/\/ultimato.com.br\/sites\/maosdadas\/wp-json\/wp\/v2\/tags?post=10187"}],"curies":[{"name":"wp","href":"https:\/\/api.w.org\/{rel}","templated":true}]}}