{"id":10178,"date":"2025-05-20T17:08:01","date_gmt":"2025-05-20T20:08:01","guid":{"rendered":"https:\/\/ultimato.com.br\/sites\/maosdadas\/?p=10178"},"modified":"2025-06-13T11:09:23","modified_gmt":"2025-06-13T14:09:23","slug":"maio-laranja-protecao-e-vida-plena-para-criancas-e-adolescentes","status":"publish","type":"post","link":"https:\/\/ultimato.com.br\/sites\/maosdadas\/2025\/05\/20\/maio-laranja-protecao-e-vida-plena-para-criancas-e-adolescentes\/","title":{"rendered":"Maio Laranja: Prote\u00e7\u00e3o e Vida Plena para Crian\u00e7as e Adolescentes"},"content":{"rendered":"<p><img loading=\"lazy\" decoding=\"async\" class=\"size-full wp-image-10179 alignright\" src=\"https:\/\/ultimato.com.br\/sites\/maosdadas\/files\/2025\/05\/WhatsApp-Image-2025-05-20-at-12.36.17.jpeg\" alt=\"\" width=\"300\" height=\"300\" srcset=\"https:\/\/ultimato.com.br\/sites\/maosdadas\/files\/2025\/05\/WhatsApp-Image-2025-05-20-at-12.36.17.jpeg 300w, https:\/\/ultimato.com.br\/sites\/maosdadas\/files\/2025\/05\/WhatsApp-Image-2025-05-20-at-12.36.17-150x150.jpeg 150w\" sizes=\"auto, (max-width: 300px) 100vw, 300px\" \/>No m\u00eas de maio \u00e9 realizada a campanha <b>Maio Laranja<\/b>, um movimento nacional de conscientiza\u00e7\u00e3o e combate ao abuso e \u00e0 explora\u00e7\u00e3o sexual de crian\u00e7as e adolescentes. Essa \u00e9 uma causa que exige o envolvimento de toda a sociedade \u2014 e a igreja, como corpo de Cristo, tem um papel essencial nesse cuidado. Jesus valorizava profundamente as crian\u00e7as e nos chama a fazer o mesmo: cuidar, proteger e promover vida plena para cada uma delas.<\/p>\n<p><b>Mas como podemos agir de forma pr\u00e1tica?<\/b><\/p>\n<p>A Rede M\u00e3os Dadas est\u00e1 promovendo duas iniciativas importantes neste m\u00eas. S\u00e3o convites simples, mas transformadores, para quem deseja se engajar de forma ativa na prote\u00e7\u00e3o da inf\u00e2ncia:<\/p>\n<ol>\n<li><b> Curso Minist\u00e9rio Infantil: Lugar de B\u00ean\u00e7\u00e3o e Prote\u00e7\u00e3o<\/b><b><br \/>\n<\/b>Um curso online e gratuito voltado a educadores crist\u00e3os e volunt\u00e1rios do minist\u00e9rio infantil. Ele traz orienta\u00e7\u00f5es pr\u00e1ticas para fazer da igreja um ambiente seguro e acolhedor para as crian\u00e7as. Tamb\u00e9m ajuda a equipe ministerial a lidar com situa\u00e7\u00f5es sens\u00edveis e a construir uma cultura de prote\u00e7\u00e3o dentro da comunidade de f\u00e9.<br \/>\n\ud83d\udc49 Clique <strong><span style=\"color: #008000;\"><a style=\"color: #008000;\" href=\"https:\/\/amoremmovimento.thinkific.com\/courses\/lugardeprotecao\">aqui<\/a><\/span><\/strong> para acessar o curso<\/li>\n<li><b> Trilha de Ora\u00e7\u00e3o: Ore por uma Crian\u00e7a para que Tenha Vida Plena<\/b><b><br \/>\n<\/b>Durante quatro dias, escolha uma crian\u00e7a do seu conv\u00edvio e ore por ela intencionalmente. A cada dia, reflita e interceda por um dos quatro pilares da vida plena: <b>provis\u00e3o, prote\u00e7\u00e3o, pertencimento e oportunidades para crescer<\/b>. \u00c9 um gesto de f\u00e9 que revela amor e responsabilidade com as crian\u00e7as.<br \/>\n\ud83d\udc49 Acesse <strong><a href=\"https:\/\/www.maosdadas.ong.br\/casa\/trilhas-de-oracao\/provisao\/\"><span style=\"color: #008000;\">aqui<\/span><\/a><\/strong> a Trilha de Ora\u00e7\u00e3o<\/li>\n<\/ol>\n<p>Neste Maio Laranja, n\u00e3o feche os olhos. Seja instrumento de Deus na vida das crian\u00e7as e adolescentes ao seu redor!<\/p>\n","protected":false},"excerpt":{"rendered":"<p>No m\u00eas de maio \u00e9 realizada a campanha Maio Laranja, um movimento nacional de conscientiza\u00e7\u00e3o e combate ao abuso e \u00e0 explora\u00e7\u00e3o sexual de crian\u00e7as e adolescentes. Essa \u00e9 uma causa que exige o envolvimento de toda a sociedade \u2014 e a igreja, como corpo de Cristo, tem um papel essencial nesse cuidado. Jesus valorizava [&hellip;]<\/p>\n","protected":false},"author":33,"featured_media":0,"comment_status":"open","ping_status":"open","sticky":false,"template":"","format":"standard","meta":{"ngg_post_thumbnail":0,"footnotes":""},"categories":[44390],"tags":[],"class_list":["post-10178","post","type-post","status-publish","format-standard","hentry","category-mutirao-mundial-de-oracao"],"_links":{"self":[{"href":"https:\/\/ultimato.com.br\/sites\/maosdadas\/wp-json\/wp\/v2\/posts\/10178","targetHints":{"allow":["GET"]}}],"collection":[{"href":"https:\/\/ultimato.com.br\/sites\/maosdadas\/wp-json\/wp\/v2\/posts"}],"about":[{"href":"https:\/\/ultimato.com.br\/sites\/maosdadas\/wp-json\/wp\/v2\/types\/post"}],"author":[{"embeddable":true,"href":"https:\/\/ultimato.com.br\/sites\/maosdadas\/wp-json\/wp\/v2\/users\/33"}],"replies":[{"embeddable":true,"href":"https:\/\/ultimato.com.br\/sites\/maosdadas\/wp-json\/wp\/v2\/comments?post=10178"}],"version-history":[{"count":6,"href":"https:\/\/ultimato.com.br\/sites\/maosdadas\/wp-json\/wp\/v2\/posts\/10178\/revisions"}],"predecessor-version":[{"id":10214,"href":"https:\/\/ultimato.com.br\/sites\/maosdadas\/wp-json\/wp\/v2\/posts\/10178\/revisions\/10214"}],"wp:attachment":[{"href":"https:\/\/ultimato.com.br\/sites\/maosdadas\/wp-json\/wp\/v2\/media?parent=10178"}],"wp:term":[{"taxonomy":"category","embeddable":true,"href":"https:\/\/ultimato.com.br\/sites\/maosdadas\/wp-json\/wp\/v2\/categories?post=10178"},{"taxonomy":"post_tag","embeddable":true,"href":"https:\/\/ultimato.com.br\/sites\/maosdadas\/wp-json\/wp\/v2\/tags?post=10178"}],"curies":[{"name":"wp","href":"https:\/\/api.w.org\/{rel}","templated":true}]}}