{"id":10154,"date":"2025-03-12T14:23:44","date_gmt":"2025-03-12T17:23:44","guid":{"rendered":"https:\/\/ultimato.com.br\/sites\/maosdadas\/?p=10154"},"modified":"2025-03-12T14:23:44","modified_gmt":"2025-03-12T17:23:44","slug":"educador-do-ministerio-infantil-pode-sofrer-burnout","status":"publish","type":"post","link":"https:\/\/ultimato.com.br\/sites\/maosdadas\/2025\/03\/12\/educador-do-ministerio-infantil-pode-sofrer-burnout\/","title":{"rendered":"Educador do Minist\u00e9rio Infantil pode sofrer burnout?"},"content":{"rendered":"<p><img loading=\"lazy\" decoding=\"async\" class=\"aligncenter wp-image-10155 size-full\" src=\"https:\/\/ultimato.com.br\/sites\/maosdadas\/files\/2025\/03\/Burnout-MI-Apresentacao-2-980x551-1.png\" alt=\"\" width=\"980\" height=\"551\" srcset=\"https:\/\/ultimato.com.br\/sites\/maosdadas\/files\/2025\/03\/Burnout-MI-Apresentacao-2-980x551-1.png 980w, https:\/\/ultimato.com.br\/sites\/maosdadas\/files\/2025\/03\/Burnout-MI-Apresentacao-2-980x551-1-300x169.png 300w, https:\/\/ultimato.com.br\/sites\/maosdadas\/files\/2025\/03\/Burnout-MI-Apresentacao-2-980x551-1-768x432.png 768w, https:\/\/ultimato.com.br\/sites\/maosdadas\/files\/2025\/03\/Burnout-MI-Apresentacao-2-980x551-1-732x412.png 732w\" sizes=\"auto, (max-width: 980px) 100vw, 980px\" \/><\/p>\n<p>&nbsp;<\/p>\n<p><i>Por D\u00e9bora Vieira<\/i><\/p>\n<p>Quando servimos crian\u00e7as no minist\u00e9rio \u00e9 bem poss\u00edvel nos percebermos como Marta, irm\u00e3 de Maria, em Lucas 10:38-42. S\u00f3 quem vive as demandas dominicais da \u201csalinha\u201d sabe o que significa a vontade, o chamado para ensinar, e t\u00e3o poucos recursos dispon\u00edveis. Sabemos das urg\u00eancias na assist\u00eancia das fam\u00edlias das crian\u00e7as, mas enfrentamos limita\u00e7\u00f5es quanto aos aux\u00edlios. Falta tempo aos volunt\u00e1rios para o preparo de ministra\u00e7\u00f5es que realmente levem a transforma\u00e7\u00f5es de vida \u2013 e n\u00e3o s\u00f3 fiquem fazendo as crian\u00e7as matarem tempo durante o culto. Al\u00e9m disso, lidamos com as conhecidas quest\u00f5es de falta de verba, conflitos de opini\u00e3o quando existe equipe de professores e, em n\u00e3o poucas situa\u00e7\u00f5es, a falta de apoio da figura pastoral ou lideran\u00e7a da igreja. Olha\u2026 Como Marta n\u00e3o teria servi\u00e7o? A demanda \u00e9 real e n\u00e3o para! A casa \u00e9 dela! <i>Jesus est\u00e1 ali.&nbsp;<\/i><\/p>\n<p>E Maria n\u00e3o se toca.&nbsp;<\/p>\n<p>Desde 2022 a OMS reconheceu que pessoas que se dedicam a outras pessoas intensamente est\u00e3o mais suscet\u00edveis a um estado de exaust\u00e3o f\u00edsica e mental causado especificamente pelo servir. Este \u00e9 o burnout, a doen\u00e7a gerada pelo estresse das pessoas exigentes, entusiasmadas com o trabalho e que normalmente n\u00e3o t\u00eam medo de aceitar novas responsabilidades ao lidar com expectativas do outro. Ele n\u00e3o aparece de uma hora pra outra, normalmente \u00e9 desenvolvido ao longo de anos at\u00e9 atingir o pico da tens\u00e3o. Mulheres de 25 a 40 anos s\u00e3o as mais afetadas, mas homens sofrem tamb\u00e9m. As \u00e1reas de trabalho mais atingidas? Sa\u00fade, Educa\u00e7\u00e3o e Seguran\u00e7a P\u00fablica. O que \u00e9 simb\u00f3lico demais para o educador do Minist\u00e9rio Infantil s\u00e9rio, que ministra justamente sa\u00fade, educa\u00e7\u00e3o e seguran\u00e7a espiritual \u00e0s crian\u00e7as! Seria exagero dizer que educadores do Minist\u00e9rio Infantil podem sofrer, sim, de burnout?<\/p>\n<p>Como Marta deveria agir, afinal, diante de tanto? \u00c9 tanto cuidado real, tanta entrega cheia de amor\u2026 Pois \u00e9\u2026 Mas como sabemos, Jesus realmente ensina Marta a ver as coisas de outro modo. Por que ser\u00e1, hein? Ele, o maior exemplo de Servo para o crist\u00e3o. Foi Ele quem disse: <b><i>\u201cO Filho do homem n\u00e3o veio para ser servido, mas para servir, e para dar a sua vida em resgate de muitos.\u201d (Mt.20:28)<\/i><\/b> Tamb\u00e9m, em Filipenses 2:6 vemos que Jesus, apesar de ser Deus, n\u00e3o considerou que, justamente, \u201cser Deus\u201d era algo ao qual deveria se apegar, mas se esvaziou, tornou-se homem e veio para entregar-se ao m\u00e1ximo, <i>morrendo por nossos pecados.<\/i> Por que Ele diz para Marta mudar de postura, afinal? Jesus diz, especificamente: <b><i>\u201cMarta! Marta! Voc\u00ea est\u00e1 preocupada e inquieta com muitas coisas;<\/i><\/b> <b><i>todavia apenas uma \u00e9 necess\u00e1ria\u2026\u201d (Lucas 10:41,42a)<\/i><\/b> O Servo dos servos diz que apenas uma coisa \u00e9 necess\u00e1ria. Ele n\u00e3o despreza a preocupa\u00e7\u00e3o e a inquieta\u00e7\u00e3o de Marta. Ele as reconhece. Ele percebe o cora\u00e7\u00e3o dela, mas com amor o leva para outro lugar: estar diante do Servo dos servos \u00e9 poder aprender com Ele. \u201c<i>Como Ele serve?\u201d, \u201cO que Ele realmente faz para servir?\u201d, \u201cCom o que Ele gasta tempo?\u201d, \u201cCom o que Ele se importa?\u201d, \u201cEle se retira para orar sozinho?\u201d, \u201cEle descansa?\u201d, \u201cEle tem tempo com amigos \u00edntimos?\u201d, \u201cEle tem conversas profundas e dif\u00edceis?\u201d, \u201cComo ele se prepara?\u201d, \u201cEle se cala?\u201d, \u201cA quais opini\u00f5es ele d\u00e1 import\u00e2ncia?\u201d <\/i>Ah! Como h\u00e1 o que se aprender diante do Servo que mais serviu e serve pessoas no mundo!&nbsp;<\/p>\n<p><b><i>\u201cMaria escolheu a boa parte, e esta n\u00e3o lhe ser\u00e1 tirada.\u201d (Lucas 10:42b)<\/i><\/b><\/p>\n<p>\u00c0s vezes precisamos aprender com amigos, com irm\u00e3os\u2026 com as irm\u00e3s\u2026 com as Marias que nos ensinam a acalmar para ouvir o Bom Pastor. Jesus convida Marta a olhar de outro modo para sua irm\u00e3 Maria. Ser\u00e1 que h\u00e1 algu\u00e9m pr\u00f3ximo a voc\u00ea, que ama Jesus, e pode te inspirar a se aquietar diante Dele? Como a vida dele ou dela te ensina? N\u00e3o \u00e9 preciso caminhar sozinho, no fim das contas.<\/p>\n<p>Al\u00e9m de observar seus amigos e amigas (ou ainda procurar ajuda profissional, se preciso), voc\u00ea pode ter um grande apoio em um material <i>cuidadosamente<\/i> preparado pela Rede M\u00e3os Dadas para <i>cuidar <\/i>de voc\u00ea, que <i>cuida <\/i>de tantos. O bot\u00e3o abaixo d\u00e1 acesso a um curso gratuito que, passo a passo, leva o leitor a ter seu tempo aos p\u00e9s de Jesus, trocando o seu pesado e real fardo com o Dele, que promete ser real tamb\u00e9m \u2013 por\u00e9m leve. Clique no bot\u00e3o abaixo e cuide da sua sa\u00fade emocional fazendo o CURSO FARDO LEVE.<\/p>\n<p><b><i>\u201cVenham a mim, todos os que est\u00e3o cansados e sobrecarregados, e eu darei descanso a voc\u00eas. Tomem sobre voc\u00eas o meu jugo e aprendam de mim, pois sou manso e humilde de cora\u00e7\u00e3o, e voc\u00eas encontrar\u00e3o descanso para as suas almas. Pois o meu jugo \u00e9 suave e o meu fardo \u00e9 leve\u201d. (Mateus 11:28-30)<\/i><\/b><\/p>\n<p>&nbsp;<\/p>\n<p>\u2192 <a class=\"big-button bigblue\" href=\"https:\/\/amoremmovimento.thinkific.com\/courses\/take\/fardo-leve\" target=\"_blank\" rel=\"noopener\"><span style=\"color: #008000;\">ACESSE O CURSO E AVALIE A SUA SA\u00daDE EMOCIONAL<\/span><\/a>&nbsp;<\/p>\n<p>&nbsp;<\/p>\n","protected":false},"excerpt":{"rendered":"<p>&nbsp; Por D\u00e9bora Vieira Quando servimos crian\u00e7as no minist\u00e9rio \u00e9 bem poss\u00edvel nos percebermos como Marta, irm\u00e3 de Maria, em Lucas 10:38-42. S\u00f3 quem vive as demandas dominicais da \u201csalinha\u201d sabe o que significa a vontade, o chamado para ensinar, e t\u00e3o poucos recursos dispon\u00edveis. Sabemos das urg\u00eancias na assist\u00eancia das fam\u00edlias das crian\u00e7as, mas [&hellip;]<\/p>\n","protected":false},"author":33,"featured_media":0,"comment_status":"open","ping_status":"open","sticky":false,"template":"","format":"standard","meta":{"ngg_post_thumbnail":0,"footnotes":""},"categories":[15786],"tags":[],"class_list":["post-10154","post","type-post","status-publish","format-standard","hentry","category-em-pauta"],"_links":{"self":[{"href":"https:\/\/ultimato.com.br\/sites\/maosdadas\/wp-json\/wp\/v2\/posts\/10154","targetHints":{"allow":["GET"]}}],"collection":[{"href":"https:\/\/ultimato.com.br\/sites\/maosdadas\/wp-json\/wp\/v2\/posts"}],"about":[{"href":"https:\/\/ultimato.com.br\/sites\/maosdadas\/wp-json\/wp\/v2\/types\/post"}],"author":[{"embeddable":true,"href":"https:\/\/ultimato.com.br\/sites\/maosdadas\/wp-json\/wp\/v2\/users\/33"}],"replies":[{"embeddable":true,"href":"https:\/\/ultimato.com.br\/sites\/maosdadas\/wp-json\/wp\/v2\/comments?post=10154"}],"version-history":[{"count":2,"href":"https:\/\/ultimato.com.br\/sites\/maosdadas\/wp-json\/wp\/v2\/posts\/10154\/revisions"}],"predecessor-version":[{"id":10157,"href":"https:\/\/ultimato.com.br\/sites\/maosdadas\/wp-json\/wp\/v2\/posts\/10154\/revisions\/10157"}],"wp:attachment":[{"href":"https:\/\/ultimato.com.br\/sites\/maosdadas\/wp-json\/wp\/v2\/media?parent=10154"}],"wp:term":[{"taxonomy":"category","embeddable":true,"href":"https:\/\/ultimato.com.br\/sites\/maosdadas\/wp-json\/wp\/v2\/categories?post=10154"},{"taxonomy":"post_tag","embeddable":true,"href":"https:\/\/ultimato.com.br\/sites\/maosdadas\/wp-json\/wp\/v2\/tags?post=10154"}],"curies":[{"name":"wp","href":"https:\/\/api.w.org\/{rel}","templated":true}]}}