{"id":10124,"date":"2024-07-12T13:05:33","date_gmt":"2024-07-12T16:05:33","guid":{"rendered":"https:\/\/ultimato.com.br\/sites\/maosdadas\/?p=10124"},"modified":"2024-07-12T13:17:09","modified_gmt":"2024-07-12T16:17:09","slug":"como-a-sua-igreja-acolhe-as-criancas-autistas","status":"publish","type":"post","link":"https:\/\/ultimato.com.br\/sites\/maosdadas\/2024\/07\/12\/como-a-sua-igreja-acolhe-as-criancas-autistas\/","title":{"rendered":"Como a sua igreja acolhe as crian\u00e7as autistas?"},"content":{"rendered":"<p><img loading=\"lazy\" decoding=\"async\" class=\"aligncenter wp-image-10126 \" src=\"https:\/\/ultimato.com.br\/sites\/maosdadas\/files\/2024\/07\/Capa-Blog-2.png\" alt=\"\" width=\"1687\" height=\"949\" srcset=\"https:\/\/ultimato.com.br\/sites\/maosdadas\/files\/2024\/07\/Capa-Blog-2.png 1920w, https:\/\/ultimato.com.br\/sites\/maosdadas\/files\/2024\/07\/Capa-Blog-2-300x169.png 300w, https:\/\/ultimato.com.br\/sites\/maosdadas\/files\/2024\/07\/Capa-Blog-2-1024x576.png 1024w, https:\/\/ultimato.com.br\/sites\/maosdadas\/files\/2024\/07\/Capa-Blog-2-768x432.png 768w, https:\/\/ultimato.com.br\/sites\/maosdadas\/files\/2024\/07\/Capa-Blog-2-1536x864.png 1536w, https:\/\/ultimato.com.br\/sites\/maosdadas\/files\/2024\/07\/Capa-Blog-2-732x412.png 732w, https:\/\/ultimato.com.br\/sites\/maosdadas\/files\/2024\/07\/Capa-Blog-2-1140x641.png 1140w\" sizes=\"auto, (max-width: 1687px) 100vw, 1687px\" \/><\/p>\n<p>Voc\u00ea j\u00e1 parou pra pensar nisso?&nbsp;<\/p>\n<p>Bom, caso essa realidade n\u00e3o fa\u00e7a parte do seu contexto, \u00e9 bem poss\u00edvel que n\u00e3o. Mas, ainda assim, existem alguns motivos que nos compelem a considerar isso, mesmo que n\u00e3o tenhamos nenhuma pessoa realmente pr\u00f3xima dentro do espectro.<\/p>\n<p>Em 1 Cor\u00edntios, no cap\u00edtulo 12, Paulo fala da igreja como um corpo, que n\u00e3o \u00e9 composto de um s\u00f3 membro, mas de muitos. E dentro deste corpo, todos os membros possuem o seu pr\u00f3prio valor; n\u00e3o sendo eles determinados por sua \u2018for\u00e7a\u2019. Na verdade, Paulo diz que aqueles que parecem mais fracos s\u00e3o, de fato,&nbsp; indispens\u00e1veis.&nbsp;<\/p>\n<p>Neste texto, o ap\u00f3stolo destaca como nossas diferen\u00e7as t\u00eam valor para Deus. N\u00e3o existe ningu\u00e9m sem honra no reino do Senhor. Fomos todos criados \u00e0 imagem e semelhan\u00e7a de Deus (G\u00eanesis 1:26) e isso mostra que, perante ele, todos somos iguais.<\/p>\n<p>Ao longo do minist\u00e9rio de Jesus, percebemos que, dentro do contexto da \u00e9poca, j\u00e1 haviam pessoas consideradas diferentes aos padr\u00f5es \u2018normais\u2019, determinados pela sociedade; e elas eram fortemente marginalizadas e exclu\u00eddas. Mas Jesus, com seu grande amor, se preocupava e tratava as necessidades de todos aqueles que o buscavam, demonstrando que tamb\u00e9m eram dignas de serem tocadas por ele.<\/p>\n<p>Na B\u00edblia, a igreja \u00e9 chamada a ser uma comunidade inclusiva que oferece amor, respeito e valor a todos os membros. Somos chamados a oferecer oportunidades a todos, para que possam desempenhar um papel, e, assim, desenvolver seus dons e talentos.<\/p>\n<p style=\"padding-left: 200px;\"><i>\u201cenquanto os que em n\u00f3s s\u00e3o decorosos n\u00e3o precisam ser tratados de maneira especial. Mas Deus estruturou o corpo dando maior honra aos membros que dela tinham falta, a fim de que n\u00e3o haja divis\u00e3o no corpo, mas, sim, que todos os membros tenham igual cuidado uns pelos outros. Quando um membro sofre, todos os outros sofrem com ele; quando um membro \u00e9 honrado, todos os outros se alegram com ele.\u201d 1 Cor\u00edntios 12:24-26 NVI<\/i><\/p>\n<p>Pensando nisso, a Rede M\u00e3os Dadas convida voc\u00ea para acompanhar o nosso novo projeto: \u201cAcolhendo o Espectro\u201d, um podcast que vai tratar dos principais pontos necess\u00e1rios para que tenhamos uma igreja mais acolhedora para as crian\u00e7as autistas, e suas fam\u00edlias!<\/p>\n<p>Ah! J\u00e1 j\u00e1 o primeiro epis\u00f3dio vai estar dispon\u00edvel! Voc\u00ea vai poder conferir uma breve introdu\u00e7\u00e3o do que vem a\u00ed <strong><span style=\"color: #0000ff;\"><a style=\"color: #0000ff;\" href=\"https:\/\/www.podcast.maosdadas.ong.br\">clicando aqui<\/a><\/span><\/strong>!<\/p>\n<p>&nbsp;<\/p>\n","protected":false},"excerpt":{"rendered":"<p>Voc\u00ea j\u00e1 parou pra pensar nisso?&nbsp; Bom, caso essa realidade n\u00e3o fa\u00e7a parte do seu contexto, \u00e9 bem poss\u00edvel que n\u00e3o. Mas, ainda assim, existem alguns motivos que nos compelem a considerar isso, mesmo que n\u00e3o tenhamos nenhuma pessoa realmente pr\u00f3xima dentro do espectro. Em 1 Cor\u00edntios, no cap\u00edtulo 12, Paulo fala da igreja como [&hellip;]<\/p>\n","protected":false},"author":33,"featured_media":0,"comment_status":"open","ping_status":"open","sticky":false,"template":"","format":"standard","meta":{"ngg_post_thumbnail":0,"footnotes":""},"categories":[15874,15786],"tags":[44380,44381,27387],"class_list":["post-10124","post","type-post","status-publish","format-standard","hentry","category-anuncios","category-em-pauta","tag-acolhimento-na-igreja","tag-criancas-autistas","tag-inclusao"],"_links":{"self":[{"href":"https:\/\/ultimato.com.br\/sites\/maosdadas\/wp-json\/wp\/v2\/posts\/10124","targetHints":{"allow":["GET"]}}],"collection":[{"href":"https:\/\/ultimato.com.br\/sites\/maosdadas\/wp-json\/wp\/v2\/posts"}],"about":[{"href":"https:\/\/ultimato.com.br\/sites\/maosdadas\/wp-json\/wp\/v2\/types\/post"}],"author":[{"embeddable":true,"href":"https:\/\/ultimato.com.br\/sites\/maosdadas\/wp-json\/wp\/v2\/users\/33"}],"replies":[{"embeddable":true,"href":"https:\/\/ultimato.com.br\/sites\/maosdadas\/wp-json\/wp\/v2\/comments?post=10124"}],"version-history":[{"count":6,"href":"https:\/\/ultimato.com.br\/sites\/maosdadas\/wp-json\/wp\/v2\/posts\/10124\/revisions"}],"predecessor-version":[{"id":10133,"href":"https:\/\/ultimato.com.br\/sites\/maosdadas\/wp-json\/wp\/v2\/posts\/10124\/revisions\/10133"}],"wp:attachment":[{"href":"https:\/\/ultimato.com.br\/sites\/maosdadas\/wp-json\/wp\/v2\/media?parent=10124"}],"wp:term":[{"taxonomy":"category","embeddable":true,"href":"https:\/\/ultimato.com.br\/sites\/maosdadas\/wp-json\/wp\/v2\/categories?post=10124"},{"taxonomy":"post_tag","embeddable":true,"href":"https:\/\/ultimato.com.br\/sites\/maosdadas\/wp-json\/wp\/v2\/tags?post=10124"}],"curies":[{"name":"wp","href":"https:\/\/api.w.org\/{rel}","templated":true}]}}