{"id":10084,"date":"2024-03-08T17:20:36","date_gmt":"2024-03-08T20:20:36","guid":{"rendered":"https:\/\/ultimato.com.br\/sites\/maosdadas\/?p=10084"},"modified":"2024-03-08T17:22:20","modified_gmt":"2024-03-08T20:22:20","slug":"marta","status":"publish","type":"post","link":"https:\/\/ultimato.com.br\/sites\/maosdadas\/2024\/03\/08\/marta\/","title":{"rendered":"O dia em que Marta viu a gl\u00f3ria de Deus"},"content":{"rendered":"<p><img loading=\"lazy\" decoding=\"async\" class=\"wp-image-10086 size-full aligncenter\" src=\"https:\/\/ultimato.com.br\/sites\/maosdadas\/files\/2024\/03\/08_FB_Jesus_Lazarus_1024.jpg\" alt=\"\" width=\"1024\" height=\"768\" srcset=\"https:\/\/ultimato.com.br\/sites\/maosdadas\/files\/2024\/03\/08_FB_Jesus_Lazarus_1024.jpg 1024w, https:\/\/ultimato.com.br\/sites\/maosdadas\/files\/2024\/03\/08_FB_Jesus_Lazarus_1024-300x225.jpg 300w, https:\/\/ultimato.com.br\/sites\/maosdadas\/files\/2024\/03\/08_FB_Jesus_Lazarus_1024-768x576.jpg 768w, https:\/\/ultimato.com.br\/sites\/maosdadas\/files\/2024\/03\/08_FB_Jesus_Lazarus_1024-732x549.jpg 732w\" sizes=\"auto, (max-width: 1024px) 100vw, 1024px\" \/><\/p>\n<p>&nbsp;<\/p>\n<p><span style=\"font-weight: 400;\">Os dois amigos morreram num espa\u00e7o curto de tempo, talvez at\u00e9 no mesmo m\u00eas. Um por doen\u00e7a, o outro, por viol\u00eancia. L\u00e1zaro e Jesus. Ambos ressuscitaram dos mortos. As duas mortes tiveram prop\u00f3sitos complementares: a primeira, o de manifestar a gl\u00f3ria de Deus na terra; a segunda, o de \u201creconciliar consigo mesmo todas as coisas\u201d Col 1.20.<\/span><\/p>\n<p><span style=\"font-weight: 400;\">H\u00e1 uma grande diferen\u00e7a entre as duas ressurrei\u00e7\u00f5es. A de L\u00e1zaro \u2013 assim como as outras relatadas nos Evangelhos \u2013 foi apenas uma prorroga\u00e7\u00e3o do seu tempo na terra. A \u00fanica pessoa que passou pela ressurrei\u00e7\u00e3o sem passar por uma segunda morte foi Jesus.<\/span><\/p>\n<p><span style=\"font-weight: 400;\">Quando Jesus diz para Marta que o irm\u00e3o ressuscitar\u00e1, ela responde: \u201cEu sei que ele h\u00e1 de ressurgir na ressurrei\u00e7\u00e3o, no \u00faltimo dia.\u201d Mas Jesus diz, \u201cEu sou a ressurrei\u00e7\u00e3o e a vida. Quem cr\u00ea em mim, ainda que morra, viver\u00e1.\u201d Jo 11.25<\/span><\/p>\n<p><span style=\"font-weight: 400;\">Com essa fala, n\u00e3o ficou claro para Marta que Jesus tinha a inten\u00e7\u00e3o de ressuscitar a L\u00e1zaro. Quando Jesus disse para tirarem a pedra do t\u00famulo, ela contestou: \u201cSenhor, j\u00e1 cheira mal, porque est\u00e1 morto h\u00e1 quatro dias\u201d.<\/span><\/p>\n<p><span style=\"font-weight: 400;\">E a\u00ed, Jesus diz, \u201cEu n\u00e3o disse a voc\u00ea que, se cresse, veria a gl\u00f3ria de Deus?\u201d Ele ordena e L\u00e1zaro obedece saindo do t\u00famulo. E foi esse ato, o de devolver vida \u00e0 L\u00e1zaro, que selou a pena de morte para Jesus. As autoridades do seu tempo n\u00e3o queriam <\/span><b>vida<\/b><span style=\"font-weight: 400;\">, nem a <\/span><b>gl\u00f3ria de Deus<\/b><span style=\"font-weight: 400;\">, queriam poder. Marta, no entanto, viu a gl\u00f3ria de Deus!<\/span><\/p>\n<p><span style=\"font-weight: 400;\">A ressurrei\u00e7\u00e3o de Jesus, por outro lado, prenuncia para n\u00f3s o que ele far\u00e1 com os nossos corpos na sua segunda vinda. Onde estava o corpo de Jesus no domingo pela manh\u00e3? Foi roubado pelos disc\u00edpulos, como alegaram as autoridades? N\u00e3o. O corpo de Jesus, ao contr\u00e1rio do de L\u00e1zaro, foi transformado, se tornou imortal, incorrupt\u00edvel. Mas n\u00e3o deixou de ser corpo! Sabemos disso pelas cicatrizes, nas m\u00e3os e no lado onde a espada o traspassou. E essa \u00e9 a nossa esperan\u00e7a, de, no dia da ressurrei\u00e7\u00e3o, ganharmos um corpo como o de Jesus.<\/span><\/p>\n<p><span style=\"font-weight: 400;\">&nbsp;\u201cE todo aquele que vive, e cr\u00ea em mim, nunca morrer\u00e1. Cr\u00eas tu isto?\u201d Disse-lhe ela: \u201cSim, Senhor, creio que tu \u00e9s o Cristo, o Filho de Deus, que havia de vir ao mundo\u201d. Jo 11.26<\/span><\/p>\n<p><span style=\"font-weight: 400;\">Fa\u00e7amos, ent\u00e3o, nossas as palavras de Marta. Imitemos tamb\u00e9m o exemplo de Paulo que com toda ousadia e coragem disse para o Rei Agripa: \u201cMas, com a ajuda de Deus, permane\u00e7o at\u00e9 o dia de hoje, dando testemunho, tanto a pequenos como a grandes, nada dizendo, a n\u00e3o ser o que os profetas e Mois\u00e9s disseram que ia acontecer, isto \u00e9, que o Cristo devia padecer e, <\/span><b>sendo o primeiro da ressurrei\u00e7\u00e3o dos mortos<\/b><span style=\"font-weight: 400;\">, <\/span><b>anunciaria a luz ao seu pr\u00f3prio povo e aos gentios<\/b><span style=\"font-weight: 400;\">. At 26.23<\/span><\/p>\n<p>&nbsp;<\/p>\n<p>Essas imagens foram criadas por Rachael Coate<\/p>\n<p>Eles s\u00e3o de propriedade dos Minist\u00e9rios B\u00edblicos de Treinamento B\u00e1sico, que concederam permiss\u00e3o \u00e0 <a href=\"https:\/\/www.freebibleimages.org\/\">FreeBibleimages<\/a> para distribu\u00ed-los apenas para uso educacional e ministerial.<\/p>\n","protected":false},"excerpt":{"rendered":"<p>&nbsp; Os dois amigos morreram num espa\u00e7o curto de tempo, talvez at\u00e9 no mesmo m\u00eas. Um por doen\u00e7a, o outro, por viol\u00eancia. L\u00e1zaro e Jesus. Ambos ressuscitaram dos mortos. As duas mortes tiveram prop\u00f3sitos complementares: a primeira, o de manifestar a gl\u00f3ria de Deus na terra; a segunda, o de \u201creconciliar consigo mesmo todas as [&hellip;]<\/p>\n","protected":false},"author":33,"featured_media":0,"comment_status":"open","ping_status":"open","sticky":false,"template":"","format":"standard","meta":{"ngg_post_thumbnail":0,"footnotes":""},"categories":[15786],"tags":[44379],"class_list":["post-10084","post","type-post","status-publish","format-standard","hentry","category-em-pauta","tag-dia-das-mulheres"],"_links":{"self":[{"href":"https:\/\/ultimato.com.br\/sites\/maosdadas\/wp-json\/wp\/v2\/posts\/10084","targetHints":{"allow":["GET"]}}],"collection":[{"href":"https:\/\/ultimato.com.br\/sites\/maosdadas\/wp-json\/wp\/v2\/posts"}],"about":[{"href":"https:\/\/ultimato.com.br\/sites\/maosdadas\/wp-json\/wp\/v2\/types\/post"}],"author":[{"embeddable":true,"href":"https:\/\/ultimato.com.br\/sites\/maosdadas\/wp-json\/wp\/v2\/users\/33"}],"replies":[{"embeddable":true,"href":"https:\/\/ultimato.com.br\/sites\/maosdadas\/wp-json\/wp\/v2\/comments?post=10084"}],"version-history":[{"count":3,"href":"https:\/\/ultimato.com.br\/sites\/maosdadas\/wp-json\/wp\/v2\/posts\/10084\/revisions"}],"predecessor-version":[{"id":10089,"href":"https:\/\/ultimato.com.br\/sites\/maosdadas\/wp-json\/wp\/v2\/posts\/10084\/revisions\/10089"}],"wp:attachment":[{"href":"https:\/\/ultimato.com.br\/sites\/maosdadas\/wp-json\/wp\/v2\/media?parent=10084"}],"wp:term":[{"taxonomy":"category","embeddable":true,"href":"https:\/\/ultimato.com.br\/sites\/maosdadas\/wp-json\/wp\/v2\/categories?post=10084"},{"taxonomy":"post_tag","embeddable":true,"href":"https:\/\/ultimato.com.br\/sites\/maosdadas\/wp-json\/wp\/v2\/tags?post=10084"}],"curies":[{"name":"wp","href":"https:\/\/api.w.org\/{rel}","templated":true}]}}