{"id":751,"date":"2025-07-24T17:22:35","date_gmt":"2025-07-24T20:22:35","guid":{"rendered":"https:\/\/ultimato.com.br\/sites\/lausanne\/?p=751"},"modified":"2025-07-24T17:40:19","modified_gmt":"2025-07-24T20:40:19","slug":"ceu-e-chao-o-primeiro-podcast-sobre-fe-crista-e-meio-ambiente","status":"publish","type":"post","link":"https:\/\/ultimato.com.br\/sites\/lausanne\/2025\/07\/24\/ceu-e-chao-o-primeiro-podcast-sobre-fe-crista-e-meio-ambiente\/","title":{"rendered":"C\u00e9u e Ch\u00e3o: o primeiro podcast sobre f\u00e9 crist\u00e3 e meio ambiente"},"content":{"rendered":"<h4><\/h4>\n<p>&nbsp;<\/p>\n<p><strong>O que a B\u00edblia tem a dizer sobre o meio ambiente?<\/strong> Essa \u00e9 uma das principais perguntas que o jornalista amazonense Phelipe Reis e o bi\u00f3logo mineiro Tiago Pereira buscam responder no podcast \u201cC\u00e9u e Ch\u00e3o\u201d. Rec\u00e9m-lan\u00e7ado em formato de <em>audiocast<\/em>, o projeto explora a rela\u00e7\u00e3o entre f\u00e9 crist\u00e3 e meio ambiente, buscando equil\u00edbrio entre esses dois universos a partir da esperan\u00e7a e do compromisso crist\u00e3o com a justi\u00e7a e a transforma\u00e7\u00e3o da realidade.<\/p>\n<p>Dispon\u00edvel no <a href=\"https:\/\/open.spotify.com\/episode\/0GaYgy1VABh2HZfV7BVLb3?si=KhIk7XcJSCeNi3J47XmG-g\">Spotify<\/a> e no <a href=\"https:\/\/youtu.be\/BoJ8LwO62Qc\">YouTube<\/a>, \u201cC\u00e9u e Ch\u00e3o\u201d prop\u00f5e compartilhar com os ouvintes princ\u00edpios b\u00edblicos sobre a teologia da cria\u00e7\u00e3o, informa\u00e7\u00f5es jornal\u00edsticas e conhecimento cient\u00edfico sobre mudan\u00e7as clim\u00e1ticas, al\u00e9m de boas pr\u00e1ticas de sustentabilidade socioambientais desenvolvidas por indiv\u00edduos, organiza\u00e7\u00f5es e igrejas crist\u00e3s, no Brasil e no mundo. Tudo isso em um formato de bate-papo, com linguagem acess\u00edvel, participa\u00e7\u00e3o de convidados e um toque de arte e cultura, incluindo indica\u00e7\u00f5es de livros, poesias, filmes e m\u00fasicas.<\/p>\n<p>&nbsp;<\/p>\n<blockquote>\n<h3 style=\"text-align: center;\"><span style=\"color: #808000;\">O projeto explora a rela\u00e7\u00e3o entre f\u00e9 crist\u00e3 e meio ambiente, buscando equil\u00edbrio, a partir da esperan\u00e7a e do compromisso crist\u00e3o com a justi\u00e7a e a transforma\u00e7\u00e3o.<\/span><\/h3>\n<\/blockquote>\n<p>&nbsp;<\/p>\n<p>A partir de suas experi\u00eancias profissionais nas \u00e1reas da comunica\u00e7\u00e3o e da academia, os idealizadores do projeto acreditam na combina\u00e7\u00e3o entre informa\u00e7\u00e3o jornal\u00edstica, conhecimento cient\u00edfico confi\u00e1vel e sensibilidade cultural, sem abrir m\u00e3o do compromisso com a B\u00edblia, trazendo, assim, uma abordagem \u00fanica e inspiradora no contexto evang\u00e9lico brasileiro. Neste sentido, o pano de fundo teol\u00f3gico do podcast tem forte influ\u00eancia do movimento Lausanne e de documentos como <a href=\"https:\/\/lausanne.org\/pt-br\/statement\/pacto-de-lausanne\">Pacto de Lausanne<\/a>, <a href=\"https:\/\/lausanne.org\/pt-br\/statement\/compromisso\">Compromisso da Cidade do Cabo<\/a> e <a href=\"https:\/\/lausanne.org\/pt-br\/statement\/cuidado-com-a-criacao-chamado-a-acao\">Chamado \u00e0 A\u00e7\u00e3o da Jamaica<\/a>.<\/p>\n<p>Em tempos de desinforma\u00e7\u00e3o, negacionismo cient\u00edfico e polariza\u00e7\u00e3o, o \u201cC\u00e9u e Ch\u00e3o\u201d quer fugir das radicaliza\u00e7\u00f5es ideol\u00f3gicas, romper estere\u00f3tipos e ser uma ferramenta de constru\u00e7\u00e3o de pontes \u2014 entre a f\u00e9 e a ci\u00eancia, entre o cuidado com o pr\u00f3ximo e com o planeta, entre o c\u00e9u e o ch\u00e3o.<\/p>\n<p>No epis\u00f3dio de estreia, Phelipe e Tiago compartilham suas trajet\u00f3rias pessoais, experi\u00eancias com a tem\u00e1tica ambiental e o nascimento da ideia do podcast, ap\u00f3s participarem do <a href=\"https:\/\/ultimato.com.br\/sites\/lausanne\/2025\/02\/04\/a-voz-da-igreja-global-no-mais-representativo-congresso-sobre-missao-do-seculo-21\/\">IV Congresso Lausanne de Evangeliza\u00e7\u00e3o Mundial<\/a> e do <a href=\"https:\/\/ultimato.com.br\/sites\/lausanne\/2024\/12\/04\/cuidado-da-criacao-forum-reuniu-100-cristaos-de-42-paises\/\">F\u00f3rum Global de Cuidado da Cria\u00e7\u00e3o<\/a>, ambos realizados na Coreia do Sul, em 2024.<\/p>\n<p style=\"text-align: center;\"><strong><em>&gt;&gt;&gt; Ou\u00e7a agora o podcast C\u00e9u e Ch\u00e3o no <\/em><\/strong><a href=\"https:\/\/open.spotify.com\/episode\/0GaYgy1VABh2HZfV7BVLb3?si=KhIk7XcJSCeNi3J47XmG-g\"><strong><em>Spotify<\/em><\/strong><\/a><strong><em> ou <\/em><\/strong><a href=\"https:\/\/youtu.be\/BoJ8LwO62Qc\"><strong><em>YouTube<\/em><\/strong><\/a><\/p>\n<p><strong>\u00a0<\/strong><strong>Repercuss\u00e3o<\/strong><\/p>\n<p>O projeto j\u00e1 tem recebido coment\u00e1rios positivos dos primeiros ouvintes:<\/p>\n<blockquote><p><em>&#8220;Eu quero celebrar e expressar minha gratid\u00e3o e alegria pelo in\u00edcio dessa jornada t\u00e3o especial que \u00e9 o podcast C\u00e9u e Ch\u00e3o. Quero parabenizar Phelipe e Tiago, que s\u00e3o pessoas que eu acompanho de longa data, e posso testificar a responsabilidade e a paix\u00e3o deles pelo tema. Mas n\u00e3o somente pelo tema da quest\u00e3o ambiental, mas tamb\u00e9m a seriedade deles com o evangelho, bem como as aplica\u00e7\u00f5es e consequ\u00eancias de viver esse evangelho, que envolve n\u00e3o somente a nossa responsabilidade na comunidade, na igreja, mas tamb\u00e9m na sociedade. E isso \u00e9 muito importante, nesses tempos sombrios que vivemos, com tantas polariza\u00e7\u00f5es e fragmenta\u00e7\u00f5es do que \u00e9 viver segundo a vontade de Deus. Celebro, oro e fa\u00e7o votos que o podcast tenha vida longa! Viva ao podcast C\u00e9u e Ch\u00e3o!&#8221; (Liss\u00e2nder Dias, jornalista, escritor, poeta e editor de livros)<\/em><\/p>\n<p>&nbsp;<\/p>\n<p><em>\u201cQue alegria encontrar um podcast como C\u00e9u e Ch\u00e3o, que une f\u00e9 crist\u00e3 e cuidado com o meio ambiente! Como crist\u00e3, sempre senti falta desse di\u00e1logo t\u00e3o necess\u00e1rio. A Palavra de Deus fala com clareza sobre nosso papel de cuidar da cria\u00e7\u00e3o, e ver isso sendo tratado com tanta leveza e seriedade me encheu de esperan\u00e7a. Foi como encontrar algo que meu cora\u00e7\u00e3o j\u00e1 buscava h\u00e1 muito tempo.\u201d <\/em>(Chiara Marques, professora e mestranda em Educomunica\u00e7\u00e3o)<\/p>\n<p>&nbsp;<\/p>\n<p><em>\u201cPara quem deseja refletir sobre a rela\u00e7\u00e3o entre f\u00e9 crist\u00e3 e cuidado com o meio ambiente, o podcast C\u00e9u e Ch\u00e3o \u00e9 uma indica\u00e7\u00e3o indispens\u00e1vel. Com responsabilidade teol\u00f3gica, pesquisa, clareza na abordagem e experi\u00eancia, eles exploram com profundidade esse tema muitas vezes negligenciado nas igrejas: a responsabilidade crist\u00e3 com a cria\u00e7\u00e3o. Em tempos de crise ecol\u00f3gica, \u00e9 urgente que os crist\u00e3os redescubram sua voca\u00e7\u00e3o de mordomos da Terra e assumam o mandato cultural de cultivar e guardar. Esse podcast \u00e9 um excelente ponto de partida para essa jornada.\u201d <\/em>(Ramon Souza, professor, cantor, compositor e agricultor apaixonado pela cria\u00e7\u00e3o de Deus)<\/p>\n<p>&nbsp;<\/p>\n<p><em>\u201cEu pirei ao ouvir o podcast. Realmente, gostei demais! Considero voc\u00eas dois amigos \u00edntimos, pessoas em quem posso confiar e recomendar com entusiasmo. Gostei da abrang\u00eancia do podcast, da jun\u00e7\u00e3o de dois amigos com trajet\u00f3rias diferentes, mas complementares, trazendo contribui\u00e7\u00f5es relevantes. Amei as tem\u00e1ticas, as refer\u00eancias liter\u00e1rias, art\u00edsticas e musicais, e o v\u00ednculo com Lausanne. Recomendo com muita alegria esse podcast.\u201d <\/em>(Tim\u00f3teo Carriker, te\u00f3logo, missi\u00f3logo, escritor, autor de \u201cTeologia B\u00edblica da Cria\u00e7\u00e3o\u201d, surfista e amante da cria\u00e7\u00e3o de Deus)<strong>\u00a0<\/strong><\/p>\n<p>&nbsp;<\/p><\/blockquote>\n<div id=\"attachment_766\" style=\"width: 250px\" class=\"wp-caption alignright\"><a href=\"https:\/\/ultimato.com.br\/sites\/lausanne\/files\/2025\/07\/phelipe_tiago.jpeg\"><img loading=\"lazy\" decoding=\"async\" aria-describedby=\"caption-attachment-766\" class=\"wp-image-766 size-medium\" src=\"https:\/\/ultimato.com.br\/sites\/lausanne\/files\/2025\/07\/phelipe_tiago-240x300.jpeg\" alt=\"\" width=\"240\" height=\"300\" srcset=\"https:\/\/ultimato.com.br\/sites\/lausanne\/files\/2025\/07\/phelipe_tiago-240x300.jpeg 240w, https:\/\/ultimato.com.br\/sites\/lausanne\/files\/2025\/07\/phelipe_tiago-819x1024.jpeg 819w, https:\/\/ultimato.com.br\/sites\/lausanne\/files\/2025\/07\/phelipe_tiago-768x960.jpeg 768w, https:\/\/ultimato.com.br\/sites\/lausanne\/files\/2025\/07\/phelipe_tiago-732x915.jpeg 732w, https:\/\/ultimato.com.br\/sites\/lausanne\/files\/2025\/07\/phelipe_tiago.jpeg 1080w\" sizes=\"auto, (max-width: 240px) 100vw, 240px\" \/><\/a><p id=\"caption-attachment-766\" class=\"wp-caption-text\">Phelipe (esq) e Tiago (dir).<\/p><\/div>\n<p><strong>Participe da conversa<\/strong><\/p>\n<p>Os pr\u00f3ximos epis\u00f3dios abordar\u00e3o temas como <a href=\"https:\/\/cop30.br\/pt-br\">COP30<\/a>, justi\u00e7a clim\u00e1tica, sustentabilidade, educa\u00e7\u00e3o ambiental nas igrejas e a\u00e7\u00f5es concretas de f\u00e9 e cuidado. O podcast tamb\u00e9m trar\u00e1 convidados nacionais que dialogam com a teologia da cria\u00e7\u00e3o e os desafios ambientais contempor\u00e2neos. Voc\u00ea tamb\u00e9m pode participar, enviando d\u00favidas, coment\u00e1rios ou sugest\u00f5es de temas e convidados, pelo Instagram (<a href=\"mailto:instagram.com\/ceuchaopodcast\/\">instagram.com\/ceuchaopodcast\/<\/a>) ou via e-mail: <a href=\"mailto:podcastceuchao@gmail.com\">podcastceuchao@gmail.com<\/a>.<\/p>\n<p><strong>\u00a0<\/strong><\/p>\n<p><strong>Sobre os idealizadores<\/strong><\/p>\n<p><em>Phelipe Reis<\/em> \u00e9 jornalista e mission\u00e1rio amazonense, membro da <a href=\"https:\/\/www.instagram.com\/pibparintins\/\">Primeira Igreja Batista de Parintins<\/a>. Atua com forma\u00e7\u00e3o b\u00edblico-teol\u00f3gica de l\u00edderes ribeirinhos e ind\u00edgenas e, desde 2018, colabora com o movimento <a href=\"https:\/\/www.instagram.com\/renovarnossomundo\/?hl=pt\">Renovar Nosso Mundo<\/a> na comunica\u00e7\u00e3o, campanhas e projetos voltados \u00e0 justi\u00e7a socioambiental. \u00c9 casado com Luize e pai da Elis e do Joaquim.<\/p>\n<p><em>Tiago Pereira<\/em> \u00e9 bi\u00f3logo, mestre e doutor em Bot\u00e2nica, e atualmente \u00e9 Coordenador Nacional dos Grupos de Estudo sobre F\u00e9 e Ci\u00eancia na <a href=\"https:\/\/cristaosnaciencia.org.br\/?srsltid=AfmBOor7gw862gY4b3k7CY5GezqspphjHK9NpeYADtmyYvdrCioMXTMo\">Associa\u00e7\u00e3o Brasileira de Crist\u00e3os na Ci\u00eancia<\/a> (ABC\u00b2). Atua na \u00e1rea de ensino e coordena o Grupo Tem\u00e1tico ABC\u00b2 <a href=\"https:\/\/cristaosnaciencia.org.br\/ecoteologiaabc2\/\">Ecoteologia<\/a>, voltado para a constru\u00e7\u00e3o de um di\u00e1logo entre a f\u00e9 e as quest\u00f5es ambientais. Membro da <a href=\"https:\/\/www.instagram.com\/ipbpraiadacosta\/\">Igreja Presbiteriana da Praia da Costa<\/a>, em Vila Velha (ES), casado com Eliza e pai do Pedro e da Maria Clara.<\/p>\n<hr \/>\n<h4>O Movimento de Lausanne<\/h4>\n<p><a href=\"https:\/\/ultimato.com.br\/sites\/lausanne\/files\/2024\/04\/lausanne-main-logo-pt.png\"><img loading=\"lazy\" decoding=\"async\" class=\"alignright wp-image-624 size-medium\" src=\"https:\/\/ultimato.com.br\/sites\/lausanne\/files\/2024\/04\/lausanne-main-logo-pt-300x136.png\" sizes=\"auto, (max-width: 300px) 100vw, 300px\" srcset=\"https:\/\/ultimato.com.br\/sites\/lausanne\/files\/2024\/04\/lausanne-main-logo-pt-300x136.png 300w, https:\/\/ultimato.com.br\/sites\/lausanne\/files\/2024\/04\/lausanne-main-logo-pt-1024x464.png 1024w, https:\/\/ultimato.com.br\/sites\/lausanne\/files\/2024\/04\/lausanne-main-logo-pt-768x348.png 768w, https:\/\/ultimato.com.br\/sites\/lausanne\/files\/2024\/04\/lausanne-main-logo-pt-1536x696.png 1536w, https:\/\/ultimato.com.br\/sites\/lausanne\/files\/2024\/04\/lausanne-main-logo-pt-2048x928.png 2048w, https:\/\/ultimato.com.br\/sites\/lausanne\/files\/2024\/04\/lausanne-main-logo-pt-732x332.png 732w, https:\/\/ultimato.com.br\/sites\/lausanne\/files\/2024\/04\/lausanne-main-logo-pt-1140x516.png 1140w\" alt=\"\" width=\"300\" height=\"136\" \/><\/a>O Movimento de Lausanne conecta influenciadores e ideias para a miss\u00e3o global, com a vis\u00e3o do evangelho para cada pessoa, igrejas, fazedores de disc\u00edpulos para cada povo e local, l\u00edderes como Cristo para cada igreja e setor, e o impacto do reino em cada esfera da sociedade.<\/p>\n<p><strong><em>&gt;&gt; Siga-nos no Instagram:<\/em><\/strong>\u00a0<a href=\"https:\/\/instagram.com\/lausanne_brasil?igshid=MzRlODBiNWFlZA==\"><strong><em>@lausanne_brasil<\/em><\/strong><\/a><\/p>\n<p><strong>Entre em contato<\/strong><\/p>\n<p>E-mail: lausannebrasil@gmail.com<\/p>\n<div class=\"addtoany_share_save_container addtoany_content addtoany_content_bottom\">\n<div class=\"a2a_kit a2a_kit_size_32 addtoany_list\" data-a2a-url=\"https:\/\/ultimato.com.br\/sites\/lausanne\/2025\/02\/04\/a-voz-da-igreja-global-no-mais-representativo-congresso-sobre-missao-do-seculo-21\/\" data-a2a-title=\"A voz da Igreja Global no mais representativo congresso sobre miss\u00e3o do s\u00e9culo 21\"><a class=\"a2a_button_facebook\" title=\"Facebook\" href=\"https:\/\/ultimato.com.br\/#facebook\" target=\"_blank\" rel=\"nofollow noopener\"><span class=\"a2a_label\">Facebook<\/span><\/a><a class=\"a2a_button_mastodon\" title=\"Mastodon\" href=\"https:\/\/ultimato.com.br\/#mastodon\" target=\"_blank\" rel=\"nofollow noopener\"><span class=\"a2a_label\">Mastodon<\/span><\/a><a class=\"a2a_button_email\" title=\"Email\" href=\"https:\/\/ultimato.com.br\/#email\" target=\"_blank\" rel=\"nofollow noopener\"><span class=\"a2a_label\">Email<\/span><\/a><a class=\"a2a_dd addtoany_share_save addtoany_share\" href=\"https:\/\/www.addtoany.com\/share#url=https%3A%2F%2Fultimato.com.br%2Fsites%2Flausanne%2F2025%2F02%2F04%2Fa-voz-da-igreja-global-no-mais-representativo-congresso-sobre-missao-do-seculo-21%2F&amp;title=A%20voz%20da%20Igreja%20Global%20no%20mais%20representativo%20congresso%20sobre%20miss%C3%A3o%20do%20s%C3%A9culo%2021\"><span class=\"a2a_label a2a_localize\" data-a2a-localize=\"inner,Share\">Compartilhar<\/span><\/a><\/div>\n<\/div>\n","protected":false},"excerpt":{"rendered":"<p>Um espa\u00e7o de di\u00e1logo entre espiritualidade, ci\u00eancia e ecologia, com base b\u00edblica, informa\u00e7\u00e3o de qualidade e experi\u00eancias inspiradoras.<\/p>\n","protected":false},"author":12,"featured_media":752,"comment_status":"open","ping_status":"open","sticky":false,"template":"","format":"standard","meta":{"ngg_post_thumbnail":0,"footnotes":""},"categories":[116],"tags":[27733,27741,27737,5378,27735,27732,27739,27740,27736,27724,27734,27738],"class_list":["post-751","post","type-post","status-publish","format-standard","has-post-thumbnail","hentry","category-blog","tag-ceu-e-chao","tag-ciencia","tag-clima","tag-comunicacao","tag-cop30","tag-cuidado-ambiental","tag-educacao-ambiental","tag-fe","tag-justica-climatica","tag-meio-ambiente","tag-planeta","tag-sustentabilidade"],"_links":{"self":[{"href":"https:\/\/ultimato.com.br\/sites\/lausanne\/wp-json\/wp\/v2\/posts\/751","targetHints":{"allow":["GET"]}}],"collection":[{"href":"https:\/\/ultimato.com.br\/sites\/lausanne\/wp-json\/wp\/v2\/posts"}],"about":[{"href":"https:\/\/ultimato.com.br\/sites\/lausanne\/wp-json\/wp\/v2\/types\/post"}],"author":[{"embeddable":true,"href":"https:\/\/ultimato.com.br\/sites\/lausanne\/wp-json\/wp\/v2\/users\/12"}],"replies":[{"embeddable":true,"href":"https:\/\/ultimato.com.br\/sites\/lausanne\/wp-json\/wp\/v2\/comments?post=751"}],"version-history":[{"count":15,"href":"https:\/\/ultimato.com.br\/sites\/lausanne\/wp-json\/wp\/v2\/posts\/751\/revisions"}],"predecessor-version":[{"id":768,"href":"https:\/\/ultimato.com.br\/sites\/lausanne\/wp-json\/wp\/v2\/posts\/751\/revisions\/768"}],"wp:featuredmedia":[{"embeddable":true,"href":"https:\/\/ultimato.com.br\/sites\/lausanne\/wp-json\/wp\/v2\/media\/752"}],"wp:attachment":[{"href":"https:\/\/ultimato.com.br\/sites\/lausanne\/wp-json\/wp\/v2\/media?parent=751"}],"wp:term":[{"taxonomy":"category","embeddable":true,"href":"https:\/\/ultimato.com.br\/sites\/lausanne\/wp-json\/wp\/v2\/categories?post=751"},{"taxonomy":"post_tag","embeddable":true,"href":"https:\/\/ultimato.com.br\/sites\/lausanne\/wp-json\/wp\/v2\/tags?post=751"}],"curies":[{"name":"wp","href":"https:\/\/api.w.org\/{rel}","templated":true}]}}