{"id":724,"date":"2025-07-02T13:32:37","date_gmt":"2025-07-02T16:32:37","guid":{"rendered":"https:\/\/ultimato.com.br\/sites\/lausanne\/?p=724"},"modified":"2025-07-03T09:27:35","modified_gmt":"2025-07-03T12:27:35","slug":"no-meio-do-caminho-da-missao-tinha-uma-cultura","status":"publish","type":"post","link":"https:\/\/ultimato.com.br\/sites\/lausanne\/2025\/07\/02\/no-meio-do-caminho-da-missao-tinha-uma-cultura\/","title":{"rendered":"No meio do caminho (da miss\u00e3o) tinha uma cultura"},"content":{"rendered":"<p>&nbsp;<\/p>\n<h4 style=\"text-align: center;\"><span style=\"color: #993300;\"><strong>60% DOS OBREIROS EXPERIMENTAM CONFLITOS CULTURAIS EM EQUIPE E TENS\u00d5ES COM LIDERAN\u00c7AS DE OUTRAS CULTURAS<\/strong><\/span><\/h4>\n<p>&nbsp;<\/p>\n<p style=\"text-align: right;\"><em>Por Ludmila Ghil <\/em><\/p>\n<p>&nbsp;<\/p>\n<p>O Brasil est\u00e1 vivendo uma fase singular na hist\u00f3ria da miss\u00e3o global. Ap\u00f3s d\u00e9cadas sendo campo de envio e recep\u00e7\u00e3o, somos hoje uma das maiores for\u00e7as mission\u00e1rias do Sul Global. O mission\u00e1rio brasileiro est\u00e1 em todos os continentes \u2014 seja em comunidades ribeirinhas da Amaz\u00f4nia ou em di\u00e1sporas urbanas da Europa e da \u00c1sia. Mas junto com o avan\u00e7o, emergem tamb\u00e9m as dores.<\/p>\n<p>Essas dores nem sempre s\u00e3o faladas nos p\u00falpitos ou nas cartas de ora\u00e7\u00e3o. Elas moram nos bastidores da miss\u00e3o. T\u00eam a ver com conflito entre culturas, rupturas em equipes, dificuldades de comunica\u00e7\u00e3o com lideran\u00e7as de outras nacionalidades, frustra\u00e7\u00e3o com ag\u00eancias, sensa\u00e7\u00e3o de inferioridade &#8211; \u00e0s vezes, superioridade &#8211; ou at\u00e9 isolamento emocional e espiritual.<\/p>\n<p>\u00c9 comum ouvir relatos como:<\/p>\n<p><em>\u00a0\u201cMe sinto desrespeitado nas decis\u00f5es da equipe\u201d.<\/em><\/p>\n<p><em>\u00a0\u201cMeu jeito de comunicar parece ser sempre um problema\u201d.<\/em><\/p>\n<p><em>\u00a0\u201cTenho medo de parecer emocional demais\u201d.<\/em><\/p>\n<p><em>\u00a0\u201c\u00c0s vezes, sinto que preciso me apagar para caber no contexto\u201d.<\/em><\/p>\n<p>Desses testemunhos ecoam dados importantes. A pesquisa da COMIBAM com mission\u00e1rios ibero-americanos revelou, por exemplo, que mais de 60% dos obreiros experimentam conflitos culturais em equipe e tens\u00f5es com lideran\u00e7as de outras culturas. Muitos brasileiros, em espec\u00edfico, relatam sentimentos de cansa\u00e7o, frustra\u00e7\u00e3o e anula\u00e7\u00e3o do direito de fala.<\/p>\n<p>Essas dores s\u00e3o mais do que problemas operacionais. Elas revelam uma lacuna na forma\u00e7\u00e3o intercultural. Aprendemos muito sobre teologia, evangelismo e doutrina, mas pouco sobre a teologia intercultural, que nos ensina sobre a constru\u00e7\u00e3o de relacionamentos com pessoas de outras culturas, e como a cultura molda nossa comunica\u00e7\u00e3o, nossos afetos, nossos conflitos e nossa forma de servir.<\/p>\n<p>Foi diante desse cen\u00e1rio que nasceu a mentoria <em>O Brasileiro Intercultural em Miss\u00e3o<\/em>. Um espa\u00e7o de reflex\u00e3o e forma\u00e7\u00e3o voltado para mission\u00e1rios e l\u00edderes brasileiros atuando entre culturas. Para minha alegria, o <a href=\"https:\/\/amtb.org.br\/cim-cuidado-integral-missionario\/\">Departamento de Cuidado Integral do Mission\u00e1rio<\/a> (CIM) da AMTB (Associa\u00e7\u00e3o de Miss\u00f5es Transculturais Brasileiras) tamb\u00e9m se uniu ao projeto. S\u00e3o quatro encontros online, ao longo de um m\u00eas, focando nas seguintes perguntas:<\/p>\n<ul>\n<li>Quem sou eu como mission\u00e1rio brasileiro no mundo?<\/li>\n<li>Como entender a cultura do outro sem perder minha identidade?<\/li>\n<li>Como lidar com os conflitos, frustra\u00e7\u00f5es e tens\u00f5es dentro de equipes multiculturais?<\/li>\n<li>O que o mundo precisa receber do jeito brasileiro de viver e servir?<\/li>\n<\/ul>\n<p>A mentoria parte da convic\u00e7\u00e3o de que Deus nos fez brasileiros com prop\u00f3sito e que nossa cultura \u2014 com suas riquezas, contradi\u00e7\u00f5es, afetos e traumas \u2014 faz parte do nosso chamado. A f\u00e9 crist\u00e3 n\u00e3o anula a cultura; ela a redime. E a miss\u00e3o n\u00e3o exige subtrair a identidade, mas oferec\u00ea-la a Deus para ser usada com sabedoria e gra\u00e7a.<\/p>\n<p>A boa not\u00edcia \u00e9 que o brasileiro carrega muitos dons naturais para o servi\u00e7o intercultural: empatia, improviso, afetividade, criatividade e flexibilidade. Mas, como toda for\u00e7a, essas qualidades tamb\u00e9m podem ser fonte de trope\u00e7o se n\u00e3o forem integradas \u00e0 Palavra, ao Esp\u00edrito e \u00e0 sabedoria relacional.<\/p>\n<p>\u00c9 por isso que a mentoria une teologia b\u00edblica, pesquisa atualizada e teoria intercultural.<\/p>\n<blockquote>\n<h3>O tempo em que vivemos exige mais do que paix\u00e3o mission\u00e1ria. Exige discernimento.<\/h3>\n<\/blockquote>\n<p>O tempo em que vivemos exige mais do que paix\u00e3o mission\u00e1ria. Exige discernimento. Em um mundo cada vez mais conectado e polarizado, a miss\u00e3o ser\u00e1 cada vez mais intercultural \u2014 e isso vale tamb\u00e9m para os contextos locais, nas cidades brasileiras cada vez mais plurais.<\/p>\n<p>Se voc\u00ea serve fora do Brasil \u2014 ou serve aqui com povos de outras origens \u2014 e tem sentido os desafios silenciosos dessa jornada, essa mentoria \u00e9 para voc\u00ea. N\u00e3o para te moldar a um modelo estrangeiro, mas para te ajudar a servir com identidade, consci\u00eancia e sabedoria b\u00edblica.<\/p>\n<blockquote>\n<h4 style=\"text-align: center;\">\u201cO mundo n\u00e3o precisa apenas de brasileiros bem-intencionados. Precisa de brasileiros conscientes, preparados e cheios do Esp\u00edrito \u2014 servindo com humildade e coragem entre as na\u00e7\u00f5es.\u201d<\/h4>\n<\/blockquote>\n<hr \/>\n<p><strong>Servi\u00e7o:<\/strong><\/p>\n<p><strong>Mentoria \u201cO Brasileiro Intercultural em Miss\u00e3o\u201d<br \/>\n<\/strong>\u00a0Datas: 07, 14, 21 e 28 de julho de 2025<br \/>\nHor\u00e1rio: 08h \u00e0s 10h (hora de Bras\u00edlia)<br \/>\nFormato: Online<br \/>\nInscri\u00e7\u00f5es: <a href=\"https:\/\/chk.eduzz.com\/797774419E\">https:\/\/chk.eduzz.com\/797774419E<\/a><\/p>\n<p>&nbsp;<\/p>\n<ul>\n<li><span style=\"color: #808080;\"><strong>Ludmila Ghil \u00e9<\/strong> mission\u00e1ria transcultural da SEPAL e APMT, comunicadora intercultural e consultora em intelig\u00eancia cultural. Formada em Comunica\u00e7\u00e3o Social (UFES), tem especializa\u00e7\u00f5es em antropologia intercultural, missiologia, educa\u00e7\u00e3o bil\u00edngue e plurilingue e certifica\u00e7\u00e3o internacional em Comunica\u00e7\u00e3o Intercultural pelo m\u00e9todo Culture Active. Em 20 anos de experi\u00eancia em neg\u00f3cios depois em miss\u00f5es transculturais. Viveu na Inglaterra, Austr\u00e1lia, Tail\u00e2ndia, Taiwan e \u00cdndia.\u00a0M\u00e3e de Sophia e Victoria, Mila \u00e9 apaixonada por desenvolver caminhos de reconcilia\u00e7\u00e3o entre culturas, f\u00e9 e identidade. Criadora da mentoria <em>\u201cO Brasileiro Intercultural em Miss\u00e3o\u201d<\/em>, tem se dedicado a capacitar mission\u00e1rios e l\u00edderes brasileiros a servirem com consci\u00eancia, sabedoria b\u00edblica e sensibilidade cultural no cen\u00e1rio da miss\u00e3o global.<\/span><\/li>\n<\/ul>\n<hr \/>\n<blockquote><p>Imagem de\u00a0<a href=\"https:\/\/pixabay.com\/pt\/users\/agnali-3087927\/?utm_source=link-attribution&amp;utm_medium=referral&amp;utm_campaign=image&amp;utm_content=1737335\">Juanita Mulder<\/a>\u00a0por\u00a0<a href=\"https:\/\/pixabay.com\/pt\/\/?utm_source=link-attribution&amp;utm_medium=referral&amp;utm_campaign=image&amp;utm_content=1737335\">Pixabay<\/a><\/p><\/blockquote>\n<hr \/>\n<h4>O Movimento de Lausanne<\/h4>\n<p><a href=\"https:\/\/ultimato.com.br\/sites\/lausanne\/files\/2024\/04\/lausanne-main-logo-pt.png\"><img loading=\"lazy\" decoding=\"async\" class=\"alignright wp-image-624 size-medium\" src=\"https:\/\/ultimato.com.br\/sites\/lausanne\/files\/2024\/04\/lausanne-main-logo-pt-300x136.png\" sizes=\"auto, (max-width: 300px) 100vw, 300px\" srcset=\"https:\/\/ultimato.com.br\/sites\/lausanne\/files\/2024\/04\/lausanne-main-logo-pt-300x136.png 300w, https:\/\/ultimato.com.br\/sites\/lausanne\/files\/2024\/04\/lausanne-main-logo-pt-1024x464.png 1024w, https:\/\/ultimato.com.br\/sites\/lausanne\/files\/2024\/04\/lausanne-main-logo-pt-768x348.png 768w, https:\/\/ultimato.com.br\/sites\/lausanne\/files\/2024\/04\/lausanne-main-logo-pt-1536x696.png 1536w, https:\/\/ultimato.com.br\/sites\/lausanne\/files\/2024\/04\/lausanne-main-logo-pt-2048x928.png 2048w, https:\/\/ultimato.com.br\/sites\/lausanne\/files\/2024\/04\/lausanne-main-logo-pt-732x332.png 732w, https:\/\/ultimato.com.br\/sites\/lausanne\/files\/2024\/04\/lausanne-main-logo-pt-1140x516.png 1140w\" alt=\"\" width=\"300\" height=\"136\" \/><\/a>O Movimento de Lausanne conecta influenciadores e ideias para a miss\u00e3o global, com a vis\u00e3o do evangelho para cada pessoa, igrejas, fazedores de disc\u00edpulos para cada povo e local, l\u00edderes como Cristo para cada igreja e setor, e o impacto do reino em cada esfera da sociedade.<\/p>\n<p><strong><em>&gt;&gt; Siga-nos no Instagram:<\/em><\/strong>\u00a0<a href=\"https:\/\/instagram.com\/lausanne_brasil?igshid=MzRlODBiNWFlZA==\"><strong><em>@lausanne_brasil<\/em><\/strong><\/a><\/p>\n<p><strong>Entre em contato<\/strong><\/p>\n<p>E-mail: lausannebrasil@gmail.com<\/p>\n","protected":false},"excerpt":{"rendered":"<p>&nbsp; 60% DOS OBREIROS EXPERIMENTAM CONFLITOS CULTURAIS EM EQUIPE E TENS\u00d5ES COM LIDERAN\u00c7AS DE OUTRAS CULTURAS &nbsp; Por Ludmila Ghil &nbsp; O Brasil est\u00e1 vivendo uma fase singular na hist\u00f3ria da miss\u00e3o global. Ap\u00f3s d\u00e9cadas sendo campo de envio e recep\u00e7\u00e3o, somos hoje uma das maiores for\u00e7as mission\u00e1rias do Sul Global. O mission\u00e1rio brasileiro est\u00e1 [&hellip;]<\/p>\n","protected":false},"author":12,"featured_media":725,"comment_status":"open","ping_status":"open","sticky":false,"template":"","format":"standard","meta":{"ngg_post_thumbnail":0,"footnotes":""},"categories":[114],"tags":[27730,51,27731],"class_list":["post-724","post","type-post","status-publish","format-standard","has-post-thumbnail","hentry","category-artigos","tag-conflito","tag-cultura","tag-missionarios"],"_links":{"self":[{"href":"https:\/\/ultimato.com.br\/sites\/lausanne\/wp-json\/wp\/v2\/posts\/724","targetHints":{"allow":["GET"]}}],"collection":[{"href":"https:\/\/ultimato.com.br\/sites\/lausanne\/wp-json\/wp\/v2\/posts"}],"about":[{"href":"https:\/\/ultimato.com.br\/sites\/lausanne\/wp-json\/wp\/v2\/types\/post"}],"author":[{"embeddable":true,"href":"https:\/\/ultimato.com.br\/sites\/lausanne\/wp-json\/wp\/v2\/users\/12"}],"replies":[{"embeddable":true,"href":"https:\/\/ultimato.com.br\/sites\/lausanne\/wp-json\/wp\/v2\/comments?post=724"}],"version-history":[{"count":11,"href":"https:\/\/ultimato.com.br\/sites\/lausanne\/wp-json\/wp\/v2\/posts\/724\/revisions"}],"predecessor-version":[{"id":736,"href":"https:\/\/ultimato.com.br\/sites\/lausanne\/wp-json\/wp\/v2\/posts\/724\/revisions\/736"}],"wp:featuredmedia":[{"embeddable":true,"href":"https:\/\/ultimato.com.br\/sites\/lausanne\/wp-json\/wp\/v2\/media\/725"}],"wp:attachment":[{"href":"https:\/\/ultimato.com.br\/sites\/lausanne\/wp-json\/wp\/v2\/media?parent=724"}],"wp:term":[{"taxonomy":"category","embeddable":true,"href":"https:\/\/ultimato.com.br\/sites\/lausanne\/wp-json\/wp\/v2\/categories?post=724"},{"taxonomy":"post_tag","embeddable":true,"href":"https:\/\/ultimato.com.br\/sites\/lausanne\/wp-json\/wp\/v2\/tags?post=724"}],"curies":[{"name":"wp","href":"https:\/\/api.w.org\/{rel}","templated":true}]}}