{"id":695,"date":"2025-06-03T16:56:19","date_gmt":"2025-06-03T19:56:19","guid":{"rendered":"https:\/\/ultimato.com.br\/sites\/lausanne\/?p=695"},"modified":"2025-06-03T16:56:19","modified_gmt":"2025-06-03T19:56:19","slug":"a-mesma-missao-para-uma-igreja-em-movimento","status":"publish","type":"post","link":"https:\/\/ultimato.com.br\/sites\/lausanne\/2025\/06\/03\/a-mesma-missao-para-uma-igreja-em-movimento\/","title":{"rendered":"A mesma miss\u00e3o para uma igreja em movimento"},"content":{"rendered":"<h3 style=\"text-align: center;\"><span style=\"color: #993300;\">Provoca\u00e7\u00f5es p\u00f3s-COMIBAM 2025<\/span><\/h3>\n<p><em>\u00a0<\/em><\/p>\n<p style=\"text-align: right;\"><em>Por Fernando Freitas<\/em><\/p>\n<p>&nbsp;<\/p>\n<p>O <a href=\"https:\/\/congreso.comibam.org\/pt\/\">V Congresso COMIBAM 2025<\/a>, realizado na Cidade do Panam\u00e1 nos dias 22 a 25 de abril, foi mais do que um evento marcante. Foi um ponto de inflex\u00e3o para a igreja ibero-americana. Em meio \u00e0s profundas transforma\u00e7\u00f5es do nosso tempo \u2013 culturais, sociais, espirituais e tecnol\u00f3gicas \u2013, o congresso soou como um chamado coletivo ao discernimento e \u00e0 a\u00e7\u00e3o. A mensagem foi direta e contundente, come\u00e7ando com slogam do evento: \u201cLa Misma Missi\u00f3n para una Iglesia en Movimiento\u201d (A Mesma Miss\u00e3o para uma Igreja em Movimento). \u00a0Ou seja, o prop\u00f3sito da miss\u00e3o permanece, mas a igreja est\u00e1 em movimento \u2013 e precisa responder com \u00a0agilidade, coragem e fidelidade ao que Deus est\u00e1 fazendo hoje entre os povos.<\/p>\n<p><a href=\"https:\/\/ultimato.com.br\/sites\/lausanne\/files\/2025\/06\/comibam2.png\"><img loading=\"lazy\" decoding=\"async\" class=\"aligncenter wp-image-698\" src=\"https:\/\/ultimato.com.br\/sites\/lausanne\/files\/2025\/06\/comibam2.png\" alt=\"\" width=\"600\" height=\"414\" srcset=\"https:\/\/ultimato.com.br\/sites\/lausanne\/files\/2025\/06\/comibam2.png 765w, https:\/\/ultimato.com.br\/sites\/lausanne\/files\/2025\/06\/comibam2-300x207.png 300w, https:\/\/ultimato.com.br\/sites\/lausanne\/files\/2025\/06\/comibam2-732x505.png 732w\" sizes=\"auto, (max-width: 600px) 100vw, 600px\" \/><\/a><\/p>\n<p>O mundo mudou, e a din\u00e2mica da miss\u00e3o tamb\u00e9m. A mobilidade humana, os fluxos migrat\u00f3rios, os refugiados, os deslocamentos for\u00e7ados, as fronteiras fluidas e as redes de conex\u00e3o global n\u00e3o s\u00e3o exce\u00e7\u00f5es nem margens do trabalho mission\u00e1rio \u2013 s\u00e3o o novo campo. S\u00e3o, inclusive, uma das maiores oportunidades que a igreja tem diante de si neste s\u00e9culo. A di\u00e1spora n\u00e3o \u00e9 um desafio a ser contornado, mas uma chave estrat\u00e9gica para a expans\u00e3o do Reino. Pessoas de diversas origens est\u00e3o se deslocando, vivendo fora de suas p\u00e1trias, buscando pertencimento, identidade, acolhimento. O campo mission\u00e1rio vem at\u00e9 n\u00f3s \u2013 e a pergunta que fica \u00e9: a igreja est\u00e1 preparada para receb\u00ea-lo com gra\u00e7a, vis\u00e3o e compromisso?<\/p>\n<p>O <a href=\"https:\/\/www.instagram.com\/comibaminternacional\/\">COMIBAM<\/a> nos levou a reconhecer que ignorar esse cen\u00e1rio \u00e9 desperdi\u00e7ar uma oportunidade hist\u00f3rica. Continuar pensando em miss\u00e3o apenas em categorias geogr\u00e1ficas tradicionais \u00e9 n\u00e3o perceber que Deus est\u00e1 escrevendo novas rotas e cruzando caminhos que antes pareciam imposs\u00edveis. A igreja que deseja ser relevante precisa ajustar sua rota, seus m\u00e9todos e sua escuta.<\/p>\n<p><strong><a href=\"https:\/\/ultimato.com.br\/sites\/lausanne\/files\/2025\/06\/comibam3.png\"><img loading=\"lazy\" decoding=\"async\" class=\"alignright wp-image-697\" src=\"https:\/\/ultimato.com.br\/sites\/lausanne\/files\/2025\/06\/comibam3-300x204.png\" alt=\"\" width=\"350\" height=\"238\" srcset=\"https:\/\/ultimato.com.br\/sites\/lausanne\/files\/2025\/06\/comibam3-300x204.png 300w, https:\/\/ultimato.com.br\/sites\/lausanne\/files\/2025\/06\/comibam3-732x497.png 732w, https:\/\/ultimato.com.br\/sites\/lausanne\/files\/2025\/06\/comibam3.png 761w\" sizes=\"auto, (max-width: 350px) 100vw, 350px\" \/><\/a>Ouvindo as novas gera\u00e7\u00f5es<\/strong><\/p>\n<p>Ao mesmo tempo, uma das provoca\u00e7\u00f5es mais profundas do congresso ecoou da nova gera\u00e7\u00e3o \u2013 que deve sair da condi\u00e7\u00e3o de mera participante e ser protagonista. S\u00e3o jovens que j\u00e1 lideram, j\u00e1 sonham, j\u00e1 servem \u2013 e que n\u00e3o querem apenas ser ouvidos, mas tamb\u00e9m fazer parte das decis\u00f5es. S\u00e3o pessoas que pensam diferente dos mais velhos, que se comunicam em outros c\u00f3digos, que se movem por causas, que vivem a f\u00e9 de forma intensa e relacional. E eles n\u00e3o pedem permiss\u00e3o \u2013se posicionam com ousadia e f\u00e9 (1 Tm 4.12-14).<\/p>\n<p>A escuta intergeracional deixou de ser um gesto de boa vontade. Tornou-se uma atitude missional inegoci\u00e1vel. A miss\u00e3o do s\u00e9culo 21 n\u00e3o pode ser pensada sem a colabora\u00e7\u00e3o direta entre gera\u00e7\u00f5es. Os mais experientes trazem sabedoria, hist\u00f3ria e fundamentos; os mais jovens trazem inova\u00e7\u00e3o, sensibilidade cultural e novas linguagens. Quando essas for\u00e7as se unem, a miss\u00e3o ganha for\u00e7a e relev\u00e2ncia.<\/p>\n<p><strong><a href=\"https:\/\/ultimato.com.br\/sites\/lausanne\/files\/2025\/06\/WhatsApp-Image-2025-05-05-at-18.08.29.jpeg\"><img loading=\"lazy\" decoding=\"async\" class=\"alignleft wp-image-702\" src=\"https:\/\/ultimato.com.br\/sites\/lausanne\/files\/2025\/06\/WhatsApp-Image-2025-05-05-at-18.08.29.jpeg\" alt=\"\" width=\"250\" height=\"394\" srcset=\"https:\/\/ultimato.com.br\/sites\/lausanne\/files\/2025\/06\/WhatsApp-Image-2025-05-05-at-18.08.29.jpeg 520w, https:\/\/ultimato.com.br\/sites\/lausanne\/files\/2025\/06\/WhatsApp-Image-2025-05-05-at-18.08.29-190x300.jpeg 190w\" sizes=\"auto, (max-width: 250px) 100vw, 250px\" \/><\/a>Intencional, contextualizada e colaborativa<\/strong><\/p>\n<p>O V COMIBAM nos confrontou com essa urg\u00eancia: a miss\u00e3o precisa ser intencional, contextualizada e colaborativa, transformando estruturas e modelos, alguns deles pesados e desatualizados. Chegou o tempo de avan\u00e7armos do discurso de mudan\u00e7a para o novo. A igreja precisa se mover com leveza, discernimento e mais abertura ao Esp\u00edrito Santo, que continua nos surpreendendo com Seus caminhos.<\/p>\n<p>Essa \u00e9 a hora. O Reino est\u00e1 em movimento. E n\u00f3s, como igreja brasileira, precisamos assumir nossa parte com seriedade, disposi\u00e7\u00e3o e vis\u00e3o. O tempo de observar j\u00e1 passou. <strong>\u00c9 tempo de caminhar, servir, enviar e acolher <\/strong><strong>\u2013<\/strong> <strong>com os olhos atentos ao mundo, os ouvidos atentos <\/strong><strong>\u00e0<\/strong><strong>s novas gera\u00e7\u00f5es e o cora\u00e7\u00e3o totalmente entregue <\/strong><strong>\u00e0 <\/strong><strong>miss<\/strong><strong>\u00e3o de Deus.<\/strong><\/p>\n<p><strong>\u00a0<\/strong><\/p>\n<p>&nbsp;<\/p>\n<p>&nbsp;<\/p>\n<p>&nbsp;<\/p>\n<ul>\n<li><span style=\"color: #808080;\"><strong><em>Fernando Freitas<\/em><\/strong><em> \u00e9 pastor ordenado h\u00e1 41 anos, professor de Teologia de Miss\u00f5es. Foi mission\u00e1rio na \u00c1frica por 16 anos. Desde 2010, reside nos Estados Unidos, onde lidera o <\/em>Minist\u00e9rio Escolhas<em>, oferecendo cuidado emocional a mission\u00e1rios, pastores e suas fam\u00edlias. \u00c9 membro da American Association of Christian Counselors (AACC). Fernando foi um dos brasileiros participantes presencialmente no Congresso Lausanne 4, em Seul, Coreia do Sul, em 2024.<\/em><\/span><\/li>\n<\/ul>\n<p>&nbsp;<\/p>\n<h4>_____________________________________________________________________________________<\/h4>\n<h4>O Movimento de Lausanne<\/h4>\n<p><a href=\"https:\/\/ultimato.com.br\/sites\/lausanne\/files\/2024\/04\/lausanne-main-logo-pt.png\"><img loading=\"lazy\" decoding=\"async\" class=\"alignright wp-image-624 size-medium\" src=\"https:\/\/ultimato.com.br\/sites\/lausanne\/files\/2024\/04\/lausanne-main-logo-pt-300x136.png\" sizes=\"auto, (max-width: 300px) 100vw, 300px\" srcset=\"https:\/\/ultimato.com.br\/sites\/lausanne\/files\/2024\/04\/lausanne-main-logo-pt-300x136.png 300w, https:\/\/ultimato.com.br\/sites\/lausanne\/files\/2024\/04\/lausanne-main-logo-pt-1024x464.png 1024w, https:\/\/ultimato.com.br\/sites\/lausanne\/files\/2024\/04\/lausanne-main-logo-pt-768x348.png 768w, https:\/\/ultimato.com.br\/sites\/lausanne\/files\/2024\/04\/lausanne-main-logo-pt-1536x696.png 1536w, https:\/\/ultimato.com.br\/sites\/lausanne\/files\/2024\/04\/lausanne-main-logo-pt-2048x928.png 2048w, https:\/\/ultimato.com.br\/sites\/lausanne\/files\/2024\/04\/lausanne-main-logo-pt-732x332.png 732w, https:\/\/ultimato.com.br\/sites\/lausanne\/files\/2024\/04\/lausanne-main-logo-pt-1140x516.png 1140w\" alt=\"\" width=\"300\" height=\"136\" \/><\/a>O Movimento de Lausanne conecta influenciadores e ideias para a miss\u00e3o global, com a vis\u00e3o do evangelho para cada pessoa, igrejas, fazedores de disc\u00edpulos para cada povo e local, l\u00edderes como Cristo para cada igreja e setor, e o impacto do reino em cada esfera da sociedade.<\/p>\n<p><strong><em>&gt;&gt; Siga-nos no Instagram:<\/em><\/strong>\u00a0<a href=\"https:\/\/instagram.com\/lausanne_brasil?igshid=MzRlODBiNWFlZA==\"><strong><em>@lausanne_brasil<\/em><\/strong><\/a><\/p>\n<p><strong>Entre em contato<\/strong><\/p>\n<p>E-mail: lausannebrasil@gmail.com<\/p>\n","protected":false},"excerpt":{"rendered":"<p>Em meio \u00e0s profundas transforma\u00e7\u00f5es do nosso tempo \u2013 culturais, sociais, espirituais e tecnol\u00f3gicas \u2013, o congresso soou como um chamado coletivo ao discernimento e \u00e0 a\u00e7\u00e3o.<\/p>\n","protected":false},"author":12,"featured_media":696,"comment_status":"open","ping_status":"open","sticky":false,"template":"","format":"standard","meta":{"ngg_post_thumbnail":0,"footnotes":""},"categories":[114],"tags":[27727,27726],"class_list":["post-695","post","type-post","status-publish","format-standard","has-post-thumbnail","hentry","category-artigos","tag-america-latina","tag-comibam"],"_links":{"self":[{"href":"https:\/\/ultimato.com.br\/sites\/lausanne\/wp-json\/wp\/v2\/posts\/695","targetHints":{"allow":["GET"]}}],"collection":[{"href":"https:\/\/ultimato.com.br\/sites\/lausanne\/wp-json\/wp\/v2\/posts"}],"about":[{"href":"https:\/\/ultimato.com.br\/sites\/lausanne\/wp-json\/wp\/v2\/types\/post"}],"author":[{"embeddable":true,"href":"https:\/\/ultimato.com.br\/sites\/lausanne\/wp-json\/wp\/v2\/users\/12"}],"replies":[{"embeddable":true,"href":"https:\/\/ultimato.com.br\/sites\/lausanne\/wp-json\/wp\/v2\/comments?post=695"}],"version-history":[{"count":6,"href":"https:\/\/ultimato.com.br\/sites\/lausanne\/wp-json\/wp\/v2\/posts\/695\/revisions"}],"predecessor-version":[{"id":705,"href":"https:\/\/ultimato.com.br\/sites\/lausanne\/wp-json\/wp\/v2\/posts\/695\/revisions\/705"}],"wp:featuredmedia":[{"embeddable":true,"href":"https:\/\/ultimato.com.br\/sites\/lausanne\/wp-json\/wp\/v2\/media\/696"}],"wp:attachment":[{"href":"https:\/\/ultimato.com.br\/sites\/lausanne\/wp-json\/wp\/v2\/media?parent=695"}],"wp:term":[{"taxonomy":"category","embeddable":true,"href":"https:\/\/ultimato.com.br\/sites\/lausanne\/wp-json\/wp\/v2\/categories?post=695"},{"taxonomy":"post_tag","embeddable":true,"href":"https:\/\/ultimato.com.br\/sites\/lausanne\/wp-json\/wp\/v2\/tags?post=695"}],"curies":[{"name":"wp","href":"https:\/\/api.w.org\/{rel}","templated":true}]}}