{"id":680,"date":"2025-02-04T10:12:24","date_gmt":"2025-02-04T13:12:24","guid":{"rendered":"https:\/\/ultimato.com.br\/sites\/lausanne\/?p=680"},"modified":"2025-02-04T10:12:24","modified_gmt":"2025-02-04T13:12:24","slug":"a-voz-da-igreja-global-no-mais-representativo-congresso-sobre-missao-do-seculo-21","status":"publish","type":"post","link":"https:\/\/ultimato.com.br\/sites\/lausanne\/2025\/02\/04\/a-voz-da-igreja-global-no-mais-representativo-congresso-sobre-missao-do-seculo-21\/","title":{"rendered":"A voz da Igreja Global no mais representativo congresso sobre miss\u00e3o do s\u00e9culo 21"},"content":{"rendered":"<h4 style=\"text-align: center;\">Quatro meses depois, ainda podemos relembrar como foi o Congresso Lausanne 4<\/h4>\n<p>&nbsp;<\/p>\n<p style=\"text-align: right;\"><em>Por Liss\u00e2nder Dias<\/em><\/p>\n<p>&nbsp;<\/p>\n<p>Pelos corredores do gigantesco <em>Songdo Convencia<\/em> \u2013 o Centro de Conven\u00e7\u00f5es de Incheon, na Coreia do Sul, onde ocorreu o Congresso Lausanne 4 \u2013 circulava gente de todo lugar do mundo. Mulheres e homens; asi\u00e1ticos, africanos, latinos, europeus&#8230; Uma oportunidade \u00fanica para ouvir as vozes e ver as faces da Igreja Global.<\/p>\n<p>O <a href=\"https:\/\/www.ultimato.com.br\/revista\/411\">Quarto Congresso Lausanne de Evangeliza\u00e7\u00e3o Mundial<\/a> aconteceu de 22 a 28 de setembro deste ano e reuniu mais de 5.200 pessoas de 200 pa\u00edses e territ\u00f3rio, sob o tema \u201cQue a igreja anuncie e demonstre Cristo, unida\u201d. Organizado pelo Movimento Lausanne, o incr\u00edvel evento celebrou 50 anos do primeiro congresso realizado em 1974 em Lausanne, na Su\u00ed\u00e7a. Na \u00e9poca, Billy Graham e John Stott foram os principais l\u00edderes da iniciativa. Meio s\u00e9culo depois, o Movimento se consolidou como uma plataforma global de miss\u00f5es que re\u00fane igrejas evang\u00e9licas, ag\u00eancias mission\u00e1rias e iniciativas crist\u00e3s com foco na evangeliza\u00e7\u00e3o mundial.<\/p>\n<p>&nbsp;<\/p>\n<p><strong>Protagonismo da Igreja num mundo fragmentado<\/strong><\/p>\n<div id=\"attachment_682\" style=\"width: 510px\" class=\"wp-caption alignright\"><img loading=\"lazy\" decoding=\"async\" aria-describedby=\"caption-attachment-682\" class=\"wp-image-682\" src=\"https:\/\/ultimato.com.br\/sites\/lausanne\/files\/2025\/02\/comitiva_brasileira-1024x682.jpeg\" alt=\"\" width=\"500\" height=\"333\" srcset=\"https:\/\/ultimato.com.br\/sites\/lausanne\/files\/2025\/02\/comitiva_brasileira-1024x682.jpeg 1024w, https:\/\/ultimato.com.br\/sites\/lausanne\/files\/2025\/02\/comitiva_brasileira-300x200.jpeg 300w, https:\/\/ultimato.com.br\/sites\/lausanne\/files\/2025\/02\/comitiva_brasileira-768x512.jpeg 768w, https:\/\/ultimato.com.br\/sites\/lausanne\/files\/2025\/02\/comitiva_brasileira-732x488.jpeg 732w, https:\/\/ultimato.com.br\/sites\/lausanne\/files\/2025\/02\/comitiva_brasileira-1140x760.jpeg 1140w, https:\/\/ultimato.com.br\/sites\/lausanne\/files\/2025\/02\/comitiva_brasileira.jpeg 1280w\" sizes=\"auto, (max-width: 500px) 100vw, 500px\" \/><p id=\"caption-attachment-682\" class=\"wp-caption-text\">Parte da comitiva de brasileiros presentes em Lausanne 4.<\/p><\/div>\n<p>Eu estava entre os mais de 150 brasileiros convidados e pude ver e sentir a protagonismo da Igreja de Cristo. Um protagonismo que se revelou em hist\u00f3rias simples, como a de um pastor paquistan\u00eas que foi preso tr\u00eas vezes por evangelizar; ou mesmo iniciativas abrangentes como das igrejas sul-coreanas em favor da reconcilia\u00e7\u00e3o com a Coreia do Norte. Tamb\u00e9m conheci muitas ideias interessantes sobre como evangelizar povos orais e como acolher, em nome de Cristo, grupos de refugiados. Foi poss\u00edvel perceber a preocupa\u00e7\u00e3o intensa de crist\u00e3os em favor da prote\u00e7\u00e3o de crian\u00e7as em risco, de empres\u00e1rios \u00e1vidos por imprimir prop\u00f3sitos eternos aos seus neg\u00f3cios e de te\u00f3logos dispostos a preparar ferramentas e materiais de estudo b\u00edblico.<\/p>\n<p>Entre os temas abordados nas plen\u00e1rias, eu destacaria a <em>transversalidade do poder do Esp\u00edrito Santo<\/em>, provocando arrependimento e reconcilia\u00e7\u00e3o \u2013 dois elementos essenciais para uma igreja que vive num mundo fragmentado e que tamb\u00e9m \u00e9, muitas vezes, causa desta fragmenta\u00e7\u00e3o.<\/p>\n<p>Um dos momentos mais emocionantes de Lausanne 4 foi quando a Igreja Sul-coreana contou sua pr\u00f3pria hist\u00f3ria \u2013 marcada por sofrimento, fracassos, mas tamb\u00e9m restaura\u00e7\u00f5es. Ela foi corajosa o suficiente para admitir seus erros e para buscar o perd\u00e3o. Misturando tecnologia e uma narrativa inspirativa, a Igreja Coreana deu seu poderoso testemunho para todos n\u00f3s. Ainda sob o efeito deste impacto, nos perguntamos como a Igreja Brasileira pode aprender com a Coreia do Sul sobre amadurecimento, a\u00e7\u00e3o e compromisso.<\/p>\n<p>&nbsp;<\/p>\n<p><strong>Um admir\u00e1vel novo mundo <\/strong><\/p>\n<div id=\"attachment_684\" style=\"width: 817px\" class=\"wp-caption aligncenter\"><img loading=\"lazy\" decoding=\"async\" aria-describedby=\"caption-attachment-684\" class=\"wp-image-684 size-full\" src=\"https:\/\/ultimato.com.br\/sites\/lausanne\/files\/2025\/02\/Pintando_Realidade_Aumentada.png\" alt=\"\" width=\"807\" height=\"537\" srcset=\"https:\/\/ultimato.com.br\/sites\/lausanne\/files\/2025\/02\/Pintando_Realidade_Aumentada.png 807w, https:\/\/ultimato.com.br\/sites\/lausanne\/files\/2025\/02\/Pintando_Realidade_Aumentada-300x200.png 300w, https:\/\/ultimato.com.br\/sites\/lausanne\/files\/2025\/02\/Pintando_Realidade_Aumentada-768x511.png 768w, https:\/\/ultimato.com.br\/sites\/lausanne\/files\/2025\/02\/Pintando_Realidade_Aumentada-732x487.png 732w\" sizes=\"auto, (max-width: 807px) 100vw, 807px\" \/><p id=\"caption-attachment-684\" class=\"wp-caption-text\">O artista Patrick Bezalel pintando, em tempo real, com ferramentas tecnol\u00f3gicas.<\/p><\/div>\n<p>Bem diante de nossos olhos, pudemos ver a tecnologia em favor da obra de Deus. Um artista \u201cpintava\u201d em tempo real com Realidade Aumentada uma \u00e1rvore frondosa e frut\u00edfera \u2013 met\u00e1fora cheia de esperan\u00e7a. Utilizando suas m\u00e3os em um tipo de controle remoto, os tra\u00e7os do artista apareciam em instantes no imenso tel\u00e3o do palco. Lausanne inovou ainda ao incluir mais de 2 mil pessoas em uma vers\u00e3o virtual do Congresso. Elas n\u00e3o estavam l\u00e1 presencialmente, mas viveram experi\u00eancias imersivas em um ambiente totalmente constru\u00eddo artificialmente.<\/p>\n<p>Esses s\u00e3o apenas alguns exemplos de uma realidade que j\u00e1 questiona a igreja sobre o que ela vai fazer e como vai reagir ao mundo virtual. Em Lausanne, a reflex\u00e3o gira em torno de <em>desafios<\/em> e <em>oportunidades<\/em>. H\u00e1 um grande desafio de compreender o que est\u00e1 em jogo e quais as tenta\u00e7\u00f5es que a igreja vai enfrentar ao envolver-se no universo virtual. Mas tamb\u00e9m h\u00e1 oportunidades (e muitas!) de como anunciar as Boas Novas para quem prefere estar nas redes sociais que num templo f\u00edsico. Como afirma a Declara\u00e7\u00e3o de Seul (o documento teol\u00f3gico de Lausanne 4), os crist\u00e3os s\u00e3o chamados a ser administradores fi\u00e9is da tecnologia:<\/p>\n<p>\u201cConvocamos os crist\u00e3os e as igrejas a explorar as tecnologias digitais e adapt\u00e1-las \u00e0 adora\u00e7\u00e3o a Deus, \u00e0 supera\u00e7\u00e3o de desigualdades, \u00e0 forma\u00e7\u00e3o de uma cultura que honra a Cristo e ao trabalho do discipulado crist\u00e3o\u201d.<\/p>\n<p>&nbsp;<\/p>\n<p><strong>A urg\u00eancia da miss\u00e3o<\/strong><\/p>\n<p>O Congresso Lausanne 4 renovou o senso de urg\u00eancia da miss\u00e3o da igreja at\u00e9 o ano de 2050. Uma urg\u00eancia que se justifica tanto pelo n\u00famero ainda imenso de povos n\u00e3o alcan\u00e7ados (3.340) quanto pelos grandes problemas que o mundo passa (guerras, migra\u00e7\u00f5es, corrup\u00e7\u00e3o&#8230;) e tend\u00eancias complexas sistematizadas no que Lausanne chamou de 25 lacunas da Grande Comiss\u00e3o:<\/p>\n<p>(1) O envelhecimento da popula\u00e7\u00e3o global (2) A nova classe m\u00e9dia (3) A pr\u00f3xima gera\u00e7\u00e3o (4) Isl\u00e3 (5) Secularismo (6) Povos menos alcan\u00e7ados (7) As Escrituras na era digital (8) Formatos da igreja na era digital (9) Discipulado na era digital (10) Evangelismo na era digital (11) IA e transumanismo (12) Sexualidade e g\u00eanero (13) Sa\u00fade integral (14) Miss\u00f5es polic\u00eantricas (15) Mobiliza\u00e7\u00e3o de recursos polic\u00eantrica (16) Integridade e anticorrup\u00e7\u00e3o (17) Integra\u00e7\u00e3o entre espiritualidade e miss\u00e3o (18) Desenvolvimento de l\u00edderes com car\u00e1ter (19) Movimenta\u00e7\u00e3o dos povos (20) Comunidades urbanas (21) Comunidades digitais (22) Etnicidade (23) Cristianismo, pol\u00edticas radicais e liberdade religiosa (24) Cuidados com a cria\u00e7\u00e3o e os vulner\u00e1veis (25) Confian\u00e7a da sociedade e influ\u00eancia do cristianismo na sociedade.<\/p>\n<p>Todos os participantes de Lausanne 4 contribu\u00edram durante o evento com ideias pr\u00e1ticas para preencher as 25 lacunas. Cada um escolheu um dos 7 grupos tem\u00e1ticos e ent\u00e3o, em mesas, reuniram-se para tra\u00e7ar planos e compartilhar ideias.<\/p>\n<div id=\"attachment_683\" style=\"width: 210px\" class=\"wp-caption alignleft\"><img loading=\"lazy\" decoding=\"async\" aria-describedby=\"caption-attachment-683\" class=\"wp-image-683\" src=\"https:\/\/ultimato.com.br\/sites\/lausanne\/files\/2025\/02\/foto_compromisso_lausanne-225x300.jpeg\" alt=\"\" width=\"200\" height=\"267\" srcset=\"https:\/\/ultimato.com.br\/sites\/lausanne\/files\/2025\/02\/foto_compromisso_lausanne-225x300.jpeg 225w, https:\/\/ultimato.com.br\/sites\/lausanne\/files\/2025\/02\/foto_compromisso_lausanne-768x1024.jpeg 768w, https:\/\/ultimato.com.br\/sites\/lausanne\/files\/2025\/02\/foto_compromisso_lausanne-732x976.jpeg 732w, https:\/\/ultimato.com.br\/sites\/lausanne\/files\/2025\/02\/foto_compromisso_lausanne.jpeg 960w\" sizes=\"auto, (max-width: 200px) 100vw, 200px\" \/><p id=\"caption-attachment-683\" class=\"wp-caption-text\">Documento assinado pelos participantes.<\/p><\/div>\n<p>O \u00faltimo dia do Congresso foi marcado pela renova\u00e7\u00e3o de compromisso com Deus e com sua miss\u00e3o. Todos tivemos a oportunidade de assinar um documento de uma p\u00e1gina em que assumimos o dever de colaborar com a Igreja Global no cumprimento da Grande Comiss\u00e3o. Este esp\u00edrito de coopera\u00e7\u00e3o foi claramente ilustrado pelo fato de que est\u00e1vamos ao longo do evento reunidos em mesas de 5 a 8 pessoas lideradas por um facilitador. Eu tive a oportunidade de ser facilitador de um grupo incr\u00edvel que compartilhou suas hist\u00f3rias e me encorajou a pensar como o Evangelho faz diferen\u00e7a em diferentes contextos do mundo.<\/p>\n<p>Diante de tudo o que ouvimos, vemos e vivemos, permanecem as lembran\u00e7as de sincera comunh\u00e3o e o senso de prop\u00f3sito diante de uma Miss\u00e3o que vai al\u00e9m de nossas pr\u00f3prias vidas.<\/p>\n<p>&nbsp;<\/p>\n<p>&nbsp;<\/p>\n<p>&nbsp;<\/p>\n<p><strong>Nota:<\/strong> Texto publicado originalmente no jornal <em>O Estandarte,<\/em> edi\u00e7\u00e3o 12\/2024. Fa\u00e7a download do peri\u00f3dico na \u00edntegra <a href=\"https:\/\/ipib.org.br\/wp-content\/uploads\/2024\/12\/12_2024_web.pdf\">aqui<\/a>.<\/p>\n<p><strong>Sobre o autor: <\/strong>Liss\u00e2nder Dias \u00e9 jornalista, editor de livros e autor de <a href=\"https:\/\/www.w4editora.com.br\/produtos\/ocotidianoextraordinario\/?srsltid=AfmBOorJ6K9rIOmHe0bnauM1jJUDGHfC6KnHPC78KmsZNZvSXEDur4MW\">\u201cO Cotidiano Extraordin\u00e1rio \u2013 a vida em pequenas cr\u00f4nicas\u201d<\/a> (W4 e Ultimato). Ele faz parte da equipe de comunica\u00e7\u00e3o de Lausanne Brasil.<\/p>\n<h4>_____________________________________________________________________________________<\/h4>\n<h4>O Movimento de Lausanne<\/h4>\n<p><a href=\"https:\/\/ultimato.com.br\/sites\/lausanne\/files\/2024\/04\/lausanne-main-logo-pt.png\"><img loading=\"lazy\" decoding=\"async\" class=\"alignright wp-image-624 size-medium\" src=\"https:\/\/ultimato.com.br\/sites\/lausanne\/files\/2024\/04\/lausanne-main-logo-pt-300x136.png\" sizes=\"auto, (max-width: 300px) 100vw, 300px\" srcset=\"https:\/\/ultimato.com.br\/sites\/lausanne\/files\/2024\/04\/lausanne-main-logo-pt-300x136.png 300w, https:\/\/ultimato.com.br\/sites\/lausanne\/files\/2024\/04\/lausanne-main-logo-pt-1024x464.png 1024w, https:\/\/ultimato.com.br\/sites\/lausanne\/files\/2024\/04\/lausanne-main-logo-pt-768x348.png 768w, https:\/\/ultimato.com.br\/sites\/lausanne\/files\/2024\/04\/lausanne-main-logo-pt-1536x696.png 1536w, https:\/\/ultimato.com.br\/sites\/lausanne\/files\/2024\/04\/lausanne-main-logo-pt-2048x928.png 2048w, https:\/\/ultimato.com.br\/sites\/lausanne\/files\/2024\/04\/lausanne-main-logo-pt-732x332.png 732w, https:\/\/ultimato.com.br\/sites\/lausanne\/files\/2024\/04\/lausanne-main-logo-pt-1140x516.png 1140w\" alt=\"\" width=\"300\" height=\"136\"><\/a>O Movimento de Lausanne conecta influenciadores e ideias para a miss\u00e3o global, com a vis\u00e3o do evangelho para cada pessoa, igrejas, fazedores de disc\u00edpulos para cada povo e local, l\u00edderes como Cristo para cada igreja e setor, e o impacto do reino em cada esfera da sociedade.<\/p>\n<p><strong><em>&gt;&gt; Siga-nos no Instagram:<\/em><\/strong>&nbsp;<a href=\"https:\/\/instagram.com\/lausanne_brasil?igshid=MzRlODBiNWFlZA==\"><strong><em>@lausanne_brasil<\/em><\/strong><\/a><\/p>\n<p><strong>Entre em contato<\/strong><\/p>\n<p>E-mail: lausannebrasil@gmail.com<\/p>\n","protected":false},"excerpt":{"rendered":"<p>Quatro meses depois, ainda podemos relembrar como foi o Congresso Lausanne 4 &nbsp; Por Liss\u00e2nder Dias &nbsp; Pelos corredores do gigantesco Songdo Convencia \u2013 o Centro de Conven\u00e7\u00f5es de Incheon, na Coreia do Sul, onde ocorreu o Congresso Lausanne 4 \u2013 circulava gente de todo lugar do mundo. Mulheres e homens; asi\u00e1ticos, africanos, latinos, europeus&#8230; [&hellip;]<\/p>\n","protected":false},"author":24,"featured_media":681,"comment_status":"open","ping_status":"open","sticky":false,"template":"","format":"standard","meta":{"ngg_post_thumbnail":0,"footnotes":""},"categories":[114],"tags":[27725],"class_list":["post-680","post","type-post","status-publish","format-standard","has-post-thumbnail","hentry","category-artigos","tag-lausanne-4"],"_links":{"self":[{"href":"https:\/\/ultimato.com.br\/sites\/lausanne\/wp-json\/wp\/v2\/posts\/680","targetHints":{"allow":["GET"]}}],"collection":[{"href":"https:\/\/ultimato.com.br\/sites\/lausanne\/wp-json\/wp\/v2\/posts"}],"about":[{"href":"https:\/\/ultimato.com.br\/sites\/lausanne\/wp-json\/wp\/v2\/types\/post"}],"author":[{"embeddable":true,"href":"https:\/\/ultimato.com.br\/sites\/lausanne\/wp-json\/wp\/v2\/users\/24"}],"replies":[{"embeddable":true,"href":"https:\/\/ultimato.com.br\/sites\/lausanne\/wp-json\/wp\/v2\/comments?post=680"}],"version-history":[{"count":10,"href":"https:\/\/ultimato.com.br\/sites\/lausanne\/wp-json\/wp\/v2\/posts\/680\/revisions"}],"predecessor-version":[{"id":694,"href":"https:\/\/ultimato.com.br\/sites\/lausanne\/wp-json\/wp\/v2\/posts\/680\/revisions\/694"}],"wp:featuredmedia":[{"embeddable":true,"href":"https:\/\/ultimato.com.br\/sites\/lausanne\/wp-json\/wp\/v2\/media\/681"}],"wp:attachment":[{"href":"https:\/\/ultimato.com.br\/sites\/lausanne\/wp-json\/wp\/v2\/media?parent=680"}],"wp:term":[{"taxonomy":"category","embeddable":true,"href":"https:\/\/ultimato.com.br\/sites\/lausanne\/wp-json\/wp\/v2\/categories?post=680"},{"taxonomy":"post_tag","embeddable":true,"href":"https:\/\/ultimato.com.br\/sites\/lausanne\/wp-json\/wp\/v2\/tags?post=680"}],"curies":[{"name":"wp","href":"https:\/\/api.w.org\/{rel}","templated":true}]}}