{"id":670,"date":"2025-01-28T11:06:18","date_gmt":"2025-01-28T14:06:18","guid":{"rendered":"https:\/\/ultimato.com.br\/sites\/lausanne\/?p=670"},"modified":"2025-01-28T11:06:18","modified_gmt":"2025-01-28T14:06:18","slug":"como-integrar-a-missao-com-o-mundo-do-trabalho","status":"publish","type":"post","link":"https:\/\/ultimato.com.br\/sites\/lausanne\/2025\/01\/28\/como-integrar-a-missao-com-o-mundo-do-trabalho\/","title":{"rendered":"Como integrar a miss\u00e3o com o mundo do trabalho?"},"content":{"rendered":"<h4 style=\"text-align: center;\"><span style=\"color: #993300;\">Cinco reformas espec\u00edficas para que a integra\u00e7\u00e3o do testemunho crist\u00e3o com o mundo do trabalho possa, efetivamente, ocorrer<\/span><\/h4>\n<p>&nbsp;<\/p>\n<p style=\"text-align: right;\"><em>Por Edson Munck Jr<\/em><\/p>\n<p>&nbsp;<\/p>\n<p>Frente aos desafios para anunciar e demonstrar o Evangelho de Cristo hoje, a miss\u00e3o de Deus ocorre atrav\u00e9s do testemunho do Seu povo. Foi com essa premissa que o bispo filipino Efraim Tendero trouxe encorajamento para os participantes do <a href=\"https:\/\/www.ultimato.com.br\/revista\/411\">4\u00b0 Congresso Lausanne sobre Evangeliza\u00e7\u00e3o Mundial<\/a>, na manh\u00e3 de ter\u00e7a-feira, 24 de setembro de 2024, em Seul-Incheon, na Coreia do Sul.<\/p>\n<div id=\"attachment_678\" style=\"width: 410px\" class=\"wp-caption alignright\"><a href=\"https:\/\/ultimato.com.br\/sites\/lausanne\/files\/2025\/01\/Efraim-Tendero.jpg\"><img loading=\"lazy\" decoding=\"async\" aria-describedby=\"caption-attachment-678\" class=\"wp-image-678\" src=\"https:\/\/ultimato.com.br\/sites\/lausanne\/files\/2025\/01\/Efraim-Tendero-300x200.jpg\" alt=\"\" width=\"400\" height=\"267\" srcset=\"https:\/\/ultimato.com.br\/sites\/lausanne\/files\/2025\/01\/Efraim-Tendero-300x200.jpg 300w, https:\/\/ultimato.com.br\/sites\/lausanne\/files\/2025\/01\/Efraim-Tendero-768x512.jpg 768w, https:\/\/ultimato.com.br\/sites\/lausanne\/files\/2025\/01\/Efraim-Tendero-732x488.jpg 732w, https:\/\/ultimato.com.br\/sites\/lausanne\/files\/2025\/01\/Efraim-Tendero.jpg 799w\" sizes=\"auto, (max-width: 400px) 100vw, 400px\" \/><\/a><p id=\"caption-attachment-678\" class=\"wp-caption-text\">Efraim M. Tendero<\/p><\/div>\n<p>Tendero, com entusiasmo, atualizou a perspectiva do sacerd\u00f3cio geral de todos os crentes, afirmando que cada crist\u00e3o \u00e9 um ministro, e cada local de trabalho \u00e9 um minist\u00e9rio. Assim, no poder do Esp\u00edrito Santo, os crist\u00e3os s\u00e3o chamados ao testemunho do Evangelho no contexto em que est\u00e3o inseridos.<\/p>\n<p>H\u00e1, contudo, algumas barreiras que, de acordo com o bispo filipino, precisam de reforma. De acordo com Tendero, \u00e9 necess\u00e1rio realizar cinco reformas espec\u00edficas para que a integra\u00e7\u00e3o do testemunho crist\u00e3o com o mundo do trabalho possa, efetivamente, ocorrer.<\/p>\n<p>&nbsp;<\/p>\n<p><strong>1) Reforma do dom\u00ednio do minist\u00e9rio clerical para o minist\u00e9rio de todos os crentes. <\/strong><\/p>\n<p>A centraliza\u00e7\u00e3o do testemunho crist\u00e3o na figura de um s\u00f3 l\u00edder tem sinalizado que esse modelo n\u00e3o \u00e9 o caminho mais frut\u00edfero. O Novo Testamento \u00e9 rico em exemplos de pessoas que, junto \u00e0s suas fun\u00e7\u00f5es ordin\u00e1rias, tornaram-se dispenseiros do Evangelho. Priscila, \u00c1quila, L\u00eddia s\u00e3o alguns profissionais que n\u00e3o distinguiam sua a\u00e7\u00e3o profissional de sua voca\u00e7\u00e3o mission\u00e1ria (Atos 18:1-3; 16:14).<\/p>\n<p>&nbsp;<\/p>\n<p><strong>2) Reforma para promover o arrependimento do modelo centrado no &#8220;meu&#8221; para a submiss\u00e3o \u00e0 autoridade de Cristo.<\/strong><\/p>\n<p>O cumprimento da Grande Comiss\u00e3o depende da obedi\u00eancia \u00e0 voz de Jesus. Em meio ao fasc\u00ednio do individualismo, \u00e9 preciso romper com a perspectiva de uma vida autocentrada para uma vida rendida ao Reino de Deus.<\/p>\n<p>&nbsp;<\/p>\n<p><strong>3) Reforma do discipulado denominacional para o discipulado radical de Cristo. <\/strong><\/p>\n<p>\u00c9 essencial que haja mais pessoas parecidas com Jesus para que o Evangelho seja anunciado. Ao discipular, \u00e9 a imagem de Cristo que deve resplandecer. \u00c9 somente nele em quem devemos estar alicer\u00e7ados. Como sinaliza John Stott em seu livro <a href=\"https:\/\/loja.ultimato.com.br\/livros\/o-discipulo-radical\">&#8220;O Disc\u00edpulo Radical&#8221;<\/a>, Jesus nos chama para uma vida radicalmente fundada nele e direcionada por ele, para que todos o conhe\u00e7am.<\/p>\n<p>&nbsp;<\/p>\n<p><strong>4) Reforma dos padr\u00f5es de lideran\u00e7a para, intencionalmente, engajar as novas gera\u00e7\u00f5es.<\/strong><\/p>\n<p>Como fazer com que as novas gera\u00e7\u00f5es se envolvam e se comprometam com a causa do Evangelho? A pesquisa<a href=\"https:\/\/www.youtube.com\/watch?v=AESjWegXVV8\"> \u201cA gera\u00e7\u00e3o aut\u00eantica\u201d,<\/a> promovida pelo Instituto Barna, deixa evidentes os desafios e as oportunidades da Gera\u00e7\u00e3o Z. Marcam esse grupo a autenticidade, a busca por coer\u00eancia e o genu\u00edno interesse por debater assuntos sociais. Sendo assim, \u00e0 luz do Evangelho, criar estrat\u00e9gias para gerar relacionamentos saud\u00e1veis e encorajadores para as tarefas de lideran\u00e7a \u00e9 algo urgente.<\/p>\n<p>&nbsp;<\/p>\n<p><strong>5) Reforma sobre a vis\u00e3o da presen\u00e7a de Cristo como mera seguran\u00e7a para tamb\u00e9m uma perspectiva de presta\u00e7\u00e3o de contas. <\/strong><\/p>\n<p>Somos um povo em miss\u00e3o dada por nosso Senhor. Ele, sim, prometeu que estaria conosco todos os dias, mas deixou uma ordem para, tamb\u00e9m todos os dias, ser por n\u00f3s observada. Que temos feito com a oportunidade de cumprir a Grande Comiss\u00e3o que o Senhor Jesus nos demanda em nossa gera\u00e7\u00e3o?<\/p>\n<p>&nbsp;<\/p>\n<ul>\n<li><em><a href=\"https:\/\/www.instagram.com\/munckjr_\/\">Edson Munck Jr<\/a> \u00e9 professor, jornalista e escritor. Possui doutorado pelo PPCIR-UFJF e mestrado pelo PPG Estudos Liter\u00e1rios UFJF. Mora em Juiz de Fora, MG.<\/em><\/li>\n<\/ul>\n<p><em>Imagem: retirada do artigo <a href=\"https:\/\/lausanne.org\/pt-br\/updates-pt-br\/descobrindo-o-proposito-missionalde-deus-para-o-trabalho\">Descobrindo o prop\u00f3sito missional de Deus para o trabalho.<\/a><\/em><\/p>\n<hr \/>\n<h4>O Movimento de Lausanne<\/h4>\n<p><a href=\"https:\/\/ultimato.com.br\/sites\/lausanne\/files\/2024\/04\/lausanne-main-logo-pt.png\"><img loading=\"lazy\" decoding=\"async\" class=\"alignright wp-image-624 size-medium\" src=\"https:\/\/ultimato.com.br\/sites\/lausanne\/files\/2024\/04\/lausanne-main-logo-pt-300x136.png\" alt=\"\" width=\"300\" height=\"136\" srcset=\"https:\/\/ultimato.com.br\/sites\/lausanne\/files\/2024\/04\/lausanne-main-logo-pt-300x136.png 300w, https:\/\/ultimato.com.br\/sites\/lausanne\/files\/2024\/04\/lausanne-main-logo-pt-1024x464.png 1024w, https:\/\/ultimato.com.br\/sites\/lausanne\/files\/2024\/04\/lausanne-main-logo-pt-768x348.png 768w, https:\/\/ultimato.com.br\/sites\/lausanne\/files\/2024\/04\/lausanne-main-logo-pt-1536x696.png 1536w, https:\/\/ultimato.com.br\/sites\/lausanne\/files\/2024\/04\/lausanne-main-logo-pt-2048x928.png 2048w, https:\/\/ultimato.com.br\/sites\/lausanne\/files\/2024\/04\/lausanne-main-logo-pt-732x332.png 732w, https:\/\/ultimato.com.br\/sites\/lausanne\/files\/2024\/04\/lausanne-main-logo-pt-1140x516.png 1140w\" sizes=\"auto, (max-width: 300px) 100vw, 300px\" \/><\/a>O Movimento de Lausanne conecta influenciadores e ideias para a miss\u00e3o global, com a vis\u00e3o do evangelho para cada pessoa, igrejas, fazedores de disc\u00edpulos para cada povo e local, l\u00edderes como Cristo para cada igreja e setor, e o impacto do reino em cada esfera da sociedade.<\/p>\n<p><strong><em>&gt;&gt; Siga-nos no Instagram:<\/em><\/strong>\u00a0<a href=\"https:\/\/instagram.com\/lausanne_brasil?igshid=MzRlODBiNWFlZA==\"><strong><em>@lausanne_brasil<\/em><\/strong><\/a><\/p>\n<p><strong>Entre em contato<\/strong><\/p>\n<p>E-mail: lausannebrasil@gmail.com<\/p>\n","protected":false},"excerpt":{"rendered":"<p>Cinco reformas espec\u00edficas para que a integra\u00e7\u00e3o do testemunho crist\u00e3o com o mundo do trabalho possa, efetivamente, ocorrer &nbsp; Por Edson Munck Jr &nbsp; Frente aos desafios para anunciar e demonstrar o Evangelho de Cristo hoje, a miss\u00e3o de Deus ocorre atrav\u00e9s do testemunho do Seu povo. Foi com essa premissa que o bispo filipino [&hellip;]<\/p>\n","protected":false},"author":12,"featured_media":672,"comment_status":"open","ping_status":"open","sticky":false,"template":"","format":"standard","meta":{"ngg_post_thumbnail":0,"footnotes":""},"categories":[114],"tags":[],"class_list":["post-670","post","type-post","status-publish","format-standard","has-post-thumbnail","hentry","category-artigos"],"_links":{"self":[{"href":"https:\/\/ultimato.com.br\/sites\/lausanne\/wp-json\/wp\/v2\/posts\/670","targetHints":{"allow":["GET"]}}],"collection":[{"href":"https:\/\/ultimato.com.br\/sites\/lausanne\/wp-json\/wp\/v2\/posts"}],"about":[{"href":"https:\/\/ultimato.com.br\/sites\/lausanne\/wp-json\/wp\/v2\/types\/post"}],"author":[{"embeddable":true,"href":"https:\/\/ultimato.com.br\/sites\/lausanne\/wp-json\/wp\/v2\/users\/12"}],"replies":[{"embeddable":true,"href":"https:\/\/ultimato.com.br\/sites\/lausanne\/wp-json\/wp\/v2\/comments?post=670"}],"version-history":[{"count":7,"href":"https:\/\/ultimato.com.br\/sites\/lausanne\/wp-json\/wp\/v2\/posts\/670\/revisions"}],"predecessor-version":[{"id":679,"href":"https:\/\/ultimato.com.br\/sites\/lausanne\/wp-json\/wp\/v2\/posts\/670\/revisions\/679"}],"wp:featuredmedia":[{"embeddable":true,"href":"https:\/\/ultimato.com.br\/sites\/lausanne\/wp-json\/wp\/v2\/media\/672"}],"wp:attachment":[{"href":"https:\/\/ultimato.com.br\/sites\/lausanne\/wp-json\/wp\/v2\/media?parent=670"}],"wp:term":[{"taxonomy":"category","embeddable":true,"href":"https:\/\/ultimato.com.br\/sites\/lausanne\/wp-json\/wp\/v2\/categories?post=670"},{"taxonomy":"post_tag","embeddable":true,"href":"https:\/\/ultimato.com.br\/sites\/lausanne\/wp-json\/wp\/v2\/tags?post=670"}],"curies":[{"name":"wp","href":"https:\/\/api.w.org\/{rel}","templated":true}]}}