{"id":663,"date":"2024-12-06T16:52:07","date_gmt":"2024-12-06T19:52:07","guid":{"rendered":"https:\/\/ultimato.com.br\/sites\/lausanne\/?p=663"},"modified":"2024-12-06T16:59:29","modified_gmt":"2024-12-06T19:59:29","slug":"como-o-advento-pode-nos-levar-a-cuidar-da-criacao","status":"publish","type":"post","link":"https:\/\/ultimato.com.br\/sites\/lausanne\/2024\/12\/06\/como-o-advento-pode-nos-levar-a-cuidar-da-criacao\/","title":{"rendered":"Como o Advento pode nos levar a cuidar da cria\u00e7\u00e3o"},"content":{"rendered":"<h3 style=\"text-align: center;\"><span style=\"color: #993300;\"><strong>Cosmoviv\u00eancia: nossa forma de ver a cria\u00e7\u00e3o define como nos relacionamos com ela<\/strong><\/span><\/h3>\n<p><strong>\u00a0<\/strong><\/p>\n<p style=\"text-align: right;\"><em>Por Jasmine Kwong<\/em><\/p>\n<p>&nbsp;<\/p>\n<p>O Advento \u00e9 o tempo em nosso calend\u00e1rio crist\u00e3o em que antecipamos a vinda do Messias. Lembramos do nascimento de Cristo e esperamos com esperan\u00e7a expectante pelo Salvador de toda a cria\u00e7\u00e3o.<\/p>\n<p>Enquanto reflito sobre os temas de esperan\u00e7a, paz, alegria e amor, tamb\u00e9m sinto as tens\u00f5es dolorosas de uma cria\u00e7\u00e3o gemendo. As pessoas est\u00e3o sofrendo. A vida selvagem est\u00e1 desaparecendo. A terra est\u00e1 quebrada.<\/p>\n<p>&#8220;At\u00e9 quando?!&#8221; clamamos a Deus.<\/p>\n<p>No entanto, nosso lamento inclui nosso anseio pela cria\u00e7\u00e3o renovada. Esperamos naquele que promete restaura\u00e7\u00e3o completa para todos. A desordem na cria\u00e7\u00e3o ser\u00e1 reordenada e tornada inteira novamente.<\/p>\n<p>Sou grata porque, mesmo enquanto esperamos em Cristo por um futuro prometido, Deus ainda nos convida para o aqui e o agora. Podemos cuidar agora da cria\u00e7\u00e3o, mesmo enquanto esperamos pela renova\u00e7\u00e3o final de Deus. O que importa \u00e9 como vemos e nos envolvemos com o mundo. Por meio de quais lentes entendemos Deus Criador e a cria\u00e7\u00e3o?<\/p>\n<p>Durante o recente F\u00f3rum Global de Cuidados com a Cria\u00e7\u00e3o (GCCF) na Coreia do Sul, Maria Ale Andrade compartilhou uma bela reflex\u00e3o de seu tempo passado com comunidades ind\u00edgenas nos Andes. Ela nos convidou a considerar o conceito de cosmoviv\u00eancia: como vemos a cria\u00e7\u00e3o define como nos relacionamos com ela. Ela descreveu a &#8220;relacionalidade como uma teia c\u00f3smica da vida&#8221;, que destaca a interliga\u00e7\u00e3o e a reciprocidade dentro da cria\u00e7\u00e3o.<\/p>\n<p>Essa estrutura de cuidado com a cria\u00e7\u00e3o me lembra que n\u00e3o se trata apenas de pessoas cuidando da natureza, mas reconhecendo que o resto da cria\u00e7\u00e3o tamb\u00e9m cuida da humanidade. Pense nas plantas e animais que comemos e que nos sustentam. O pr\u00f3prio design de Deus \u00e9 sobre inter-rela\u00e7\u00f5es din\u00e2micas dentro de toda a cria\u00e7\u00e3o.<\/p>\n<p>E se entend\u00eassemos melhor nosso lugar dentro da teia da vida?<\/p>\n<p>Se consider\u00e1ssemos o papel de Deus e o do resto da cria\u00e7\u00e3o al\u00e9m do nosso, talvez nossa vis\u00e3o da cria\u00e7\u00e3o fosse mais hol\u00edstica. Abra\u00e7ar\u00a0<em>a cosmoviv\u00eancia<\/em>\u00a0nos permitiria conectar o que fazemos com o do resto da cria\u00e7\u00e3o. Compartilhamos n\u00e3o apenas nossos gemidos, mas tamb\u00e9m a\u00e7\u00f5es conjuntas para a gl\u00f3ria de Deus.<\/p>\n<div id=\"attachment_664\" style=\"width: 710px\" class=\"wp-caption aligncenter\"><a href=\"https:\/\/ultimato.com.br\/sites\/lausanne\/files\/2024\/12\/c35b75c1-38af-a498-7ac1-7352567785ca.jpg\"><img loading=\"lazy\" decoding=\"async\" aria-describedby=\"caption-attachment-664\" class=\"wp-image-664\" src=\"https:\/\/ultimato.com.br\/sites\/lausanne\/files\/2024\/12\/c35b75c1-38af-a498-7ac1-7352567785ca.jpg\" alt=\"\" width=\"700\" height=\"560\" srcset=\"https:\/\/ultimato.com.br\/sites\/lausanne\/files\/2024\/12\/c35b75c1-38af-a498-7ac1-7352567785ca.jpg 1000w, https:\/\/ultimato.com.br\/sites\/lausanne\/files\/2024\/12\/c35b75c1-38af-a498-7ac1-7352567785ca-300x240.jpg 300w, https:\/\/ultimato.com.br\/sites\/lausanne\/files\/2024\/12\/c35b75c1-38af-a498-7ac1-7352567785ca-768x614.jpg 768w, https:\/\/ultimato.com.br\/sites\/lausanne\/files\/2024\/12\/c35b75c1-38af-a498-7ac1-7352567785ca-732x586.jpg 732w\" sizes=\"auto, (max-width: 700px) 100vw, 700px\" \/><\/a><p id=\"caption-attachment-664\" class=\"wp-caption-text\">Esta foto recente tirada em um lago de flores de l\u00f3tus no Vietn\u00e3 \u00e9 um lembrete da vida e da beleza que Deus traz das \u00e1guas lamacentas.<\/p><\/div>\n<p><strong>Webinar<\/strong><\/p>\n<p>Uma maneira de seguir em frente \u00e9 participar do pr\u00f3ximo webinar da LWCCN em 12 de dezembro (11h-12h UTC, repetido das 19h-20h UTC). (Voc\u00ea pode adquirir os ingressos <a href=\"https:\/\/www.tickettailor.com\/events\/lwccn\/1451019\">aqui<\/a>! Neste evento, compartilharemos reflex\u00f5es do recente 4\u00ba Congresso de Lausanne e GCCF. Tamb\u00e9m apresentaremos o &#8220;Convite da Coreia: Boas Novas para Toda a Terra&#8221; (2024) \u2014 um documento rec\u00e9m-escrito para seguidores de Jesus, incluindo l\u00edderes da igreja, para considerar a base b\u00edblica e o chamado \u00e0 a\u00e7\u00e3o sobre o cuidado com a cria\u00e7\u00e3o de Deus.<\/p>\n<p>Durante esta temporada do Advento, como nossos anseios compartilhados podem nos impulsionar em dire\u00e7\u00e3o \u00e0 a\u00e7\u00e3o criativa dentro da cria\u00e7\u00e3o mais ampla de Deus? Que possamos abrir espa\u00e7o em meio ao barulho desta temporada para refletir e responder de uma nova maneira.<\/p>\n<p>**<\/p>\n<p><strong>Jasmine Kwong<\/strong><br \/>\n<em>Catalyst for Creation Care | Lausanne Movement<br \/>\nCreation Care Advocate | OMF International<\/em><\/p>\n<hr \/>\n<p><strong>Nota:<\/strong> texto publicado originalmente na newletter <a href=\"https:\/\/us5.campaign-archive.com\/?u=7aa92609548d8052a11eb082d&amp;id=941fc91490\">&#8220;The Pollinator&#8221;<\/a> (02\/12\/2024)<\/p>\n<p>Imagem principal: Pixbay.<\/p>\n","protected":false},"excerpt":{"rendered":"<p>Cosmoviv\u00eancia: nossa forma de ver a cria\u00e7\u00e3o define como nos relacionamos com ela \u00a0 Por Jasmine Kwong &nbsp; O Advento \u00e9 o tempo em nosso calend\u00e1rio crist\u00e3o em que antecipamos a vinda do Messias. Lembramos do nascimento de Cristo e esperamos com esperan\u00e7a expectante pelo Salvador de toda a cria\u00e7\u00e3o. Enquanto reflito sobre os temas [&hellip;]<\/p>\n","protected":false},"author":12,"featured_media":666,"comment_status":"open","ping_status":"open","sticky":false,"template":"","format":"standard","meta":{"ngg_post_thumbnail":0,"footnotes":""},"categories":[114],"tags":[27723,27724],"class_list":["post-663","post","type-post","status-publish","format-standard","has-post-thumbnail","hentry","category-artigos","tag-cuidado-com-a-criacao","tag-meio-ambiente"],"_links":{"self":[{"href":"https:\/\/ultimato.com.br\/sites\/lausanne\/wp-json\/wp\/v2\/posts\/663","targetHints":{"allow":["GET"]}}],"collection":[{"href":"https:\/\/ultimato.com.br\/sites\/lausanne\/wp-json\/wp\/v2\/posts"}],"about":[{"href":"https:\/\/ultimato.com.br\/sites\/lausanne\/wp-json\/wp\/v2\/types\/post"}],"author":[{"embeddable":true,"href":"https:\/\/ultimato.com.br\/sites\/lausanne\/wp-json\/wp\/v2\/users\/12"}],"replies":[{"embeddable":true,"href":"https:\/\/ultimato.com.br\/sites\/lausanne\/wp-json\/wp\/v2\/comments?post=663"}],"version-history":[{"count":4,"href":"https:\/\/ultimato.com.br\/sites\/lausanne\/wp-json\/wp\/v2\/posts\/663\/revisions"}],"predecessor-version":[{"id":669,"href":"https:\/\/ultimato.com.br\/sites\/lausanne\/wp-json\/wp\/v2\/posts\/663\/revisions\/669"}],"wp:featuredmedia":[{"embeddable":true,"href":"https:\/\/ultimato.com.br\/sites\/lausanne\/wp-json\/wp\/v2\/media\/666"}],"wp:attachment":[{"href":"https:\/\/ultimato.com.br\/sites\/lausanne\/wp-json\/wp\/v2\/media?parent=663"}],"wp:term":[{"taxonomy":"category","embeddable":true,"href":"https:\/\/ultimato.com.br\/sites\/lausanne\/wp-json\/wp\/v2\/categories?post=663"},{"taxonomy":"post_tag","embeddable":true,"href":"https:\/\/ultimato.com.br\/sites\/lausanne\/wp-json\/wp\/v2\/tags?post=663"}],"curies":[{"name":"wp","href":"https:\/\/api.w.org\/{rel}","templated":true}]}}