{"id":653,"date":"2024-12-04T15:58:09","date_gmt":"2024-12-04T18:58:09","guid":{"rendered":"https:\/\/ultimato.com.br\/sites\/lausanne\/?p=653"},"modified":"2024-12-04T15:58:09","modified_gmt":"2024-12-04T18:58:09","slug":"cuidado-da-criacao-forum-reuniu-100-cristaos-de-42-paises","status":"publish","type":"post","link":"https:\/\/ultimato.com.br\/sites\/lausanne\/2024\/12\/04\/cuidado-da-criacao-forum-reuniu-100-cristaos-de-42-paises\/","title":{"rendered":"Cuidado da Cria\u00e7\u00e3o: f\u00f3rum reuniu 100 crist\u00e3os de 42 pa\u00edses"},"content":{"rendered":"<h4><\/h4>\n<h4 style=\"text-align: center;\"><span style=\"color: #993300;\"><strong>O que faremos aqui pode mudar o mundo, se estivermos com a mente e o cora\u00e7\u00e3o no lugar certo!<\/strong><\/span><\/h4>\n<p style=\"text-align: right;\"><span style=\"color: #808080;\"><em>Por Phelipe Reis<\/em><\/span><\/p>\n<p>&nbsp;<\/p>\n<p>Est\u00e1vamos em um local de retiro, entre belas colinas arborizadas, em Gonjiam, cidade distante cerca de 50 km de Seul, capital da Coreia do Sul. Apesar do cansa\u00e7o de uma semana cheia, participando do <a href=\"https:\/\/congress.lausanne.org\/pt-br\/\">IV Congresso Lausanne<\/a>, a expectativa era grande para o que aconteceria nos dias seguintes, num evento global sobre um tema que arde no meu cora\u00e7\u00e3o: cuidado da cria\u00e7\u00e3o.<\/p>\n<p>O dia come\u00e7ou com um caf\u00e9 da manh\u00e3 coreano tradicional, seguido por um culto tranquilo, com louvores, leitura b\u00edblica, ora\u00e7\u00f5es e reflex\u00e3o devocional. Eu fiquei bem impressionado com a liturgia. Nada de excentricidades. O grupo de louvor, com simplicidade e leveza, acompanhado apenas com um piano, entoou c\u00e2nticos que falavam sobre a grandiosidade de Deus, Jesus como o Cordeiro Redentor, santifica\u00e7\u00e3o, e, claro, da adora\u00e7\u00e3o que Deus recebe de sua cria\u00e7\u00e3o. Destaquei os trechos de algumas can\u00e7\u00f5es que cantamos:<\/p>\n<blockquote><p><em>\u201cEnt\u00e3o minh\u2019alma canta a ti, Senhor \/ Qu\u00e3o grande \u00e9s tu, qu\u00e3o grande \u00e9s tu\u201d (How great though art).<\/em><\/p>\n<p><em>\u201cH\u00e1 um redentor \/ Jesus, o pr\u00f3prio Filho de Deus \/ precioso Cordeiro de Deus.\u201d (There is a Redeemer).<\/em><\/p>\n<p><em>\u201cEu escolho ser santo \/ separado para ti, meu Mestre \/ pronto para fazer a tua vontade.\u201d (Purify my earth).<\/em><\/p>\n<p><em>\u201cLouvai-O, todas as criaturas, grandes e pequen<\/em><em>ai-O, ver\u00e3o, inverno, primavera e outono \/ Vento uivante, riachos impetuosos, colinas ondulantes, e mares revoltos \/ Ergam suas vozes e adorem ao seu Criador\u201d (Creator).<\/em><\/p><\/blockquote>\n<p><a href=\"https:\/\/ultimato.com.br\/sites\/lausanne\/files\/2024\/12\/gccf-selecao-5-1536x710-1.jpg\"><img loading=\"lazy\" decoding=\"async\" class=\"aligncenter size-large wp-image-654\" src=\"https:\/\/ultimato.com.br\/sites\/lausanne\/files\/2024\/12\/gccf-selecao-5-1536x710-1-1024x473.jpg\" alt=\"\" width=\"750\" height=\"346\" srcset=\"https:\/\/ultimato.com.br\/sites\/lausanne\/files\/2024\/12\/gccf-selecao-5-1536x710-1-1024x473.jpg 1024w, https:\/\/ultimato.com.br\/sites\/lausanne\/files\/2024\/12\/gccf-selecao-5-1536x710-1-300x139.jpg 300w, https:\/\/ultimato.com.br\/sites\/lausanne\/files\/2024\/12\/gccf-selecao-5-1536x710-1-768x355.jpg 768w, https:\/\/ultimato.com.br\/sites\/lausanne\/files\/2024\/12\/gccf-selecao-5-1536x710-1-732x338.jpg 732w, https:\/\/ultimato.com.br\/sites\/lausanne\/files\/2024\/12\/gccf-selecao-5-1536x710-1-1140x527.jpg 1140w, https:\/\/ultimato.com.br\/sites\/lausanne\/files\/2024\/12\/gccf-selecao-5-1536x710-1.jpg 1536w\" sizes=\"auto, (max-width: 750px) 100vw, 750px\" \/><\/a><\/p>\n<p>Esses louvores e outros, cantados no cult<em>as \/ Louv<\/em>o de abertura e nos v\u00e1rios momentos de celebra\u00e7\u00e3o que tivemos, deu o tom do encontro, profundamente b\u00edblico e cristoc\u00eantrico, com boa por\u00e7\u00e3o de informa\u00e7\u00f5es cient\u00edficas, hist\u00f3rias de transforma\u00e7\u00e3o e boas pr\u00e1ticas inspiradoras. Eu me refiro ao F\u00f3rum Global de Cuidado da Cria\u00e7\u00e3o (Global Creation Care Forum \u2013 GCCF), que aconteceu no per\u00edodo de 28 de setembro a 02 de outubro de 2024, em Gonjiam, na Coreia do Sul, O encontro reuniu mais de 100 pessoas, de 40 pa\u00edses diferentes, e foi promovido pela Rede de Cuidado da Cria\u00e7\u00e3o de Lausanne e Alian\u00e7a Evang\u00e9lica Mundial (<a href=\"http:\/\/lwccn.com\/\">LWCCN<\/a>). A equipe organizadora do evento aproveitou a ocasi\u00e3o do <a href=\"https:\/\/congress.lausanne.org\/pt-br\/\">IV Congresso Lausanne,<\/a> que tamb\u00e9m aconteceu na Coreia do Sul, na cidade de Incheon, de 22 a 28 de setembro.<\/p>\n<p>O GCCF de Gonjiam, na Coreia do Sul, foi planejado como uma esp\u00e9cie de \u201cJamaica 2\u201d, uma refer\u00eancia \u00e0\u00a0<a href=\"http:\/\/lwccn.com\/about\/jamaica-call-to-action\/\">Consulta Global de Lausanne sobre o Cuidado com a Cria\u00e7\u00e3o e o Evangelho<\/a>, que aconteceu em 2012, na Jamaica, para desenvolver os componentes de cuidado da cria\u00e7\u00e3o, baseado no\u00a0<a href=\"https:\/\/www.lausanne.org\/content\/ctc\/ctcommitment\">Compromisso da Cidade do Cabo<\/a>. Ap\u00f3s 12 anos, o grupo reunido em Gonjiam queria revisar como o movimento de cuidado da cria\u00e7\u00e3o cresceu e discernir os pr\u00f3ximos passos.<a href=\"https:\/\/ultimato.com.br\/sites\/lausanne\/files\/2024\/12\/gccf-selecao-2-1536x710-1.jpg\"><img loading=\"lazy\" decoding=\"async\" class=\"wp-image-656 alignright\" src=\"https:\/\/ultimato.com.br\/sites\/lausanne\/files\/2024\/12\/gccf-selecao-2-1536x710-1-1024x473.jpg\" alt=\"\" width=\"500\" height=\"231\" srcset=\"https:\/\/ultimato.com.br\/sites\/lausanne\/files\/2024\/12\/gccf-selecao-2-1536x710-1-1024x473.jpg 1024w, https:\/\/ultimato.com.br\/sites\/lausanne\/files\/2024\/12\/gccf-selecao-2-1536x710-1-300x139.jpg 300w, https:\/\/ultimato.com.br\/sites\/lausanne\/files\/2024\/12\/gccf-selecao-2-1536x710-1-768x355.jpg 768w, https:\/\/ultimato.com.br\/sites\/lausanne\/files\/2024\/12\/gccf-selecao-2-1536x710-1-732x338.jpg 732w, https:\/\/ultimato.com.br\/sites\/lausanne\/files\/2024\/12\/gccf-selecao-2-1536x710-1-1140x527.jpg 1140w, https:\/\/ultimato.com.br\/sites\/lausanne\/files\/2024\/12\/gccf-selecao-2-1536x710-1.jpg 1536w\" sizes=\"auto, (max-width: 500px) 100vw, 500px\" \/><\/a><\/p>\n<p>Dave Bookless, um dos l\u00edderes da LWCCN e organizador do GCCF, descreveu um pouco da din\u00e2mica do GCCF: \u201cA maioria das sess\u00f5es foi interativa, com hist\u00f3rias, discuss\u00f5es em mesa e compartilhamento de recursos, mas tamb\u00e9m tivemos contribui\u00e7\u00f5es sobre teologia e ci\u00eancia, tempo em grupos regionais e tem\u00e1ticos e discuss\u00f5es intensas durante as refei\u00e7\u00f5es e muitas vezes at\u00e9 tarde da noite. Houve lamento e luto pelo estado de nosso mundo e pela paralisia de muitos de nossos l\u00edderes. Houve tamb\u00e9m risos e alegria, \u00e0 medida que as amizades se aprofundavam, as conex\u00f5es eram promovidas e os planos discutidos.\u201d<\/p>\n<p><strong>O Convite Gonjiam: Boas Novas para toda a Terra<\/strong><\/p>\n<div id=\"attachment_657\" style=\"width: 310px\" class=\"wp-caption alignright\"><a href=\"https:\/\/ultimato.com.br\/sites\/lausanne\/files\/2024\/12\/gccf-selecao-1-300x225-1.jpg\"><img loading=\"lazy\" decoding=\"async\" aria-describedby=\"caption-attachment-657\" class=\"size-full wp-image-657\" src=\"https:\/\/ultimato.com.br\/sites\/lausanne\/files\/2024\/12\/gccf-selecao-1-300x225-1.jpg\" alt=\"\" width=\"300\" height=\"225\" \/><\/a><p id=\"caption-attachment-657\" class=\"wp-caption-text\">Equipe de redatores do documento \u201cDeclara\u00e7\u00e3o\/convite de Gonjiam \u2013 Boas Novas para toda a Terra\u201d<\/p><\/div>\n<p>Um dos principais objetivos do f\u00f3rum \u00e9 contribuir com a igreja global subs\u00eddios que auxiliem os crist\u00e3os a compreenderem e colocarem em pr\u00e1tica o cuidado da cria\u00e7\u00e3o. Neste sentido, o grupo trabalhou na elabora\u00e7\u00e3o de uma nova declara\u00e7\u00e3o, \u201cO Convite de Gonjiam: Boas Novas para toda a Terra\u201d. O documento possui duas se\u00e7\u00f5es: a primeira dando uma base b\u00edblica s\u00f3lida para o Evangelho como as boas novas de Deus para toda a terra e o cuidado da cria\u00e7\u00e3o como centro da miss\u00e3o, e a segunda explicitando as a\u00e7\u00f5es concretas que precisam ser tomadas em todos os n\u00edveis, do pessoal ao planet\u00e1rio.\u201d<\/p>\n<p><strong>No dia 12 de dezembro de 2024 acontecer\u00e1 um webinar, aberto ao p\u00fablico, sobre os destaques e aprendizados acerca da prioridade do cuidado da cria\u00e7\u00e3o no IV Congresso de Lausanne e no GCCF. Neste encontro virtual, alguns participantes compartilhar\u00e3o suas reflex\u00f5es e ser\u00e1 apresentada a declara\u00e7\u00e3o\/convite \u201cBoas Novas para toda a Terra\u201d \u2013 chamando a igreja global a um novo compromisso b\u00edblico com a a\u00e7\u00e3o colaborativa pr\u00e1tica no cuidado do mundo de Deus. Para participar, fa\u00e7a a sua inscri\u00e7\u00e3o\u00a0<a href=\"https:\/\/lausanne.org\/gathering\/lwccn-webinar-what-happened-in-korea\">aqui<\/a>.<\/strong><\/p>\n<div id=\"attachment_658\" style=\"width: 310px\" class=\"wp-caption alignleft\"><a href=\"https:\/\/ultimato.com.br\/sites\/lausanne\/files\/2024\/12\/gccf-selecao-8-300x169-1.jpg\"><img loading=\"lazy\" decoding=\"async\" aria-describedby=\"caption-attachment-658\" class=\"size-full wp-image-658\" src=\"https:\/\/ultimato.com.br\/sites\/lausanne\/files\/2024\/12\/gccf-selecao-8-300x169-1.jpg\" alt=\"\" width=\"300\" height=\"169\" \/><\/a><p id=\"caption-attachment-658\" class=\"wp-caption-text\">Brasileiros no GCCF<\/p><\/div>\n<p>Entre os mais de 100 participantes de 42 pa\u00edses, o Brasil foi representado por Carlos Henrique da Silva (engenheiro florestal e integrante da Iniciativa Inter-Religiosa pelas Florestas Tropicais,\u00a0<a href=\"https:\/\/iribrasil.org\/\">IRI Brasil<\/a>), Mateus Ortega (gerente de a\u00e7\u00e3o clim\u00e1tica da\u00a0<a href=\"https:\/\/www.c40.org\/\">C40 Cities<\/a>), Tiago Pereira (bi\u00f3logo e integrante da Associa\u00e7\u00e3o Brasileira de Crist\u00e3os na Ci\u00eancia,\u00a0<a href=\"https:\/\/cristaosnaciencia.org.br\/\">ABC2<\/a>), e, eu, Phelipe Reis (jornalista e assessor de comunica\u00e7\u00e3o do movimento\u00a0<a href=\"https:\/\/renovarnossomundo.org\/\">Renovar Nosso Mundo Brasil<\/a>).<\/p>\n<p>Foi um grande privil\u00e9gio participar do GCCF. Fui encorajado com reflex\u00f5es b\u00edblicas, confrontado com constata\u00e7\u00f5es cient\u00edficas sobre as mudan\u00e7as do clima e inspirado com tantas hist\u00f3rias de transforma\u00e7\u00e3o. Ap\u00f3s ouvir tudo o que ouvi, eu n\u00e3o poderia voltar para o interior da Amaz\u00f4nia sem a esperan\u00e7a que o evangelho nos oferece para participar da reconcilia\u00e7\u00e3o de todas as coisas. Compartilho abaixo alguns trechos das falas que mais me impactaram:<\/p>\n<ul>\n<li><strong>Ruth Padilla:<\/strong>\n<ul>\n<li><em>Reclamar \u00e9 humano, lamentar \u00e9 divino. Na B\u00edblia, um ter\u00e7o dos Salmos \u00e9 lamento (h\u00e1 ecolamenta\u00e7\u00f5es). N\u00e3o podemos fazer de contas que est\u00e1 tudo bem. Precisamos lamentar e nomear os \u201cgemidos da cria\u00e7\u00e3o\u201d.<\/em><\/li>\n<li><em>Protejam os mais velhos da comunidade, protejam as \u00e1rvores centen\u00e1rias.<\/em><\/li>\n<li><em>Mais do que cuidar de forma paternalista da cria\u00e7\u00e3o, precisamos estabelecer uma rela\u00e7\u00e3o justa e harm\u00f4nica, como Deus projetou no in\u00edcio.<\/em><\/li>\n<\/ul>\n<\/li>\n<li><strong>Dave Bookless:<\/strong>\n<ul>\n<li><em>Cuidar da cria\u00e7\u00e3o foi nosso primeiro mandamento e hoje \u00e9 um dos nossos maiores desafios. Precisamos recuperar o que a B\u00edblia diz e o que a igreja fez ao longo da hist\u00f3ria. William Carey, o pai das miss\u00f5es modernas, tamb\u00e9m foi um grande estudioso de bot\u00e2nica e editou dois livros sobre bot\u00e2nica da \u00cdndia. John Wesley era vegetariano e viajava a cavalo, e s\u00f3 comia e bebia depois que o seu cavalo o fizesse. William Wilberforce fundou uma ONG que cuidava e protegia animais.<\/em><\/li>\n<li><em>O cuidado da cria\u00e7\u00e3o n\u00e3o \u00e9 parte do evangelho. O evangelho \u00e9 o trabalho de Deus e a cria\u00e7\u00e3o \u00e9 parte do evangelho. Cuidar da cria\u00e7\u00e3o \u00e9 parte da nossa resposta ao evangelho.<\/em><\/li>\n<li><em>Jesus n\u00e3o morreu apenas pelos nossos pecados, mas sim por toda a cria\u00e7\u00e3o. Falar o contr\u00e1rio \u00e9 diminuir o senhorio de Jesus.<\/em><\/li>\n<\/ul>\n<\/li>\n<li><strong>Katharine Hayhoe:<\/strong>\n<ul>\n<li><em>N\u00f3s criamos um estilo de vida que n\u00e3o se sustenta. N\u00f3s criamos uma crise sem precedentes, em que: 9 milh\u00f5es de pessoas morrem ao ano por causa da polui\u00e7\u00e3o do ar \u2013 \u00e9 a maior causa de morte do mundo; perdemos 60% da biodiversidade; os insetos que polinizam as plantas est\u00e3o sendo extintos.<\/em><\/li>\n<li><em>Por que as pessoas agem como se n\u00e3o se preocupassem, sendo que as pesquisas mostram que est\u00e3o preocupadas? \u00c9 que as pessoas est\u00e3o com medo e ningu\u00e9m consegue agir com medo. Os cientistas descobriram que o c\u00e9rebro paralisa por causa do medo. Temos que aprender a conectar a comunica\u00e7\u00e3o da mente e do cora\u00e7\u00e3o e comunicar com esperan\u00e7a, pois temos boas novas para compartilhar.<\/em><\/li>\n<li><em>N\u00e3o espere ter a solu\u00e7\u00e3o perfeita para fazer alguma coisa. Fa\u00e7a o que estiver ao seu alcance.<\/em><\/li>\n<\/ul>\n<\/li>\n<\/ul>\n<p><strong>Confira quais foram os 42 pa\u00edses que estiveram representados no GCCF:<\/strong><\/p>\n<ul>\n<li>\u00c1frica (9 pa\u00edses): Ruanda, Nig\u00e9ria, Uganda, \u00c1frica do Sul, Qu\u00eania, Z\u00e2mbia, Gana e Rep\u00fablica Democr\u00e1tica do Congo.<\/li>\n<li>Am\u00e9rica Latina e Caribe (9 pa\u00edses): Chile, Col\u00f4mbia, Panam\u00e1, Peru, Brasil, Equador, Costa Rica, Argentina e Guatemala.<\/li>\n<li>Am\u00e9rica do Norte (2 pa\u00edses): Estados Unidos e Canad\u00e1.<\/li>\n<li>Europa (9 pa\u00edses): Cro\u00e1cia, Fran\u00e7a, Alemanha, Hungria, Nova Zel\u00e2ndia, Portugal, Rom\u00eania, Reino Unido e \u00c1ustria.<\/li>\n<li>\u00c1sia (11 pa\u00edses): Coreia do Sul, Filipinas, Paquist\u00e3o, Hong Kong, Singapura, Mal\u00e1sia, Nepal, Tail\u00e2ndia, \u00cdndia, Taiwan e Cazaquist\u00e3o.<\/li>\n<li>Oceania (2 pa\u00edses): Austr\u00e1lia e Ilhas Salom\u00e3o.<\/li>\n<\/ul>\n<p><a href=\"https:\/\/ultimato.com.br\/sites\/lausanne\/files\/2024\/12\/gccf-selecao-3-1536x710-1.jpg\"><img loading=\"lazy\" decoding=\"async\" class=\"aligncenter size-large wp-image-659\" src=\"https:\/\/ultimato.com.br\/sites\/lausanne\/files\/2024\/12\/gccf-selecao-3-1536x710-1-1024x473.jpg\" alt=\"\" width=\"750\" height=\"346\" srcset=\"https:\/\/ultimato.com.br\/sites\/lausanne\/files\/2024\/12\/gccf-selecao-3-1536x710-1-1024x473.jpg 1024w, https:\/\/ultimato.com.br\/sites\/lausanne\/files\/2024\/12\/gccf-selecao-3-1536x710-1-300x139.jpg 300w, https:\/\/ultimato.com.br\/sites\/lausanne\/files\/2024\/12\/gccf-selecao-3-1536x710-1-768x355.jpg 768w, https:\/\/ultimato.com.br\/sites\/lausanne\/files\/2024\/12\/gccf-selecao-3-1536x710-1-732x338.jpg 732w, https:\/\/ultimato.com.br\/sites\/lausanne\/files\/2024\/12\/gccf-selecao-3-1536x710-1-1140x527.jpg 1140w, https:\/\/ultimato.com.br\/sites\/lausanne\/files\/2024\/12\/gccf-selecao-3-1536x710-1.jpg 1536w\" sizes=\"auto, (max-width: 750px) 100vw, 750px\" \/><\/a><\/p>\n<hr \/>\n<p><strong>Para ir mais fundo<\/strong><\/p>\n<ul>\n<li><a href=\"https:\/\/linktr.ee\/2024GCCFVIDEO\">Assista, em ingl\u00eas, aos v\u00eddeos das palestras do GCCF<\/a>.<\/li>\n<li><a href=\"http:\/\/news.lwccn.com\/\">Assine o The Pollinator<\/a>.<\/li>\n<li><a href=\"http:\/\/lwccn.com\/about\/jamaica-call-to-action\/\">Leia o Chamado \u00e0 A\u00e7\u00e3o da Jamaica<\/a>.<\/li>\n<li><a href=\"https:\/\/lausanne.org\/statement\/ctcommitment#we-love-god-s-word\">Leia o Compromisso da Cidade do Cabo<\/a>.<\/li>\n<li><a href=\"https:\/\/iribrasil.org\/\">Conhe\u00e7a a IRI Brasil<\/a>\u00a0\u2013 parceira de Renovar Nosso Mundo.<\/li>\n<li><a href=\"https:\/\/cristaosnaciencia.org.br\/ecoteologiaabc2\/\">Conhe\u00e7a o departamento de Ecoteologia<\/a>\u00a0da ABC2.<\/li>\n<\/ul>\n<p><a href=\"https:\/\/www.youtube.com\/watch?v=8Zg_6ZuPuVE\">&gt;&gt;&gt; Clique aqui e assista ao v\u00eddeo resumo do GCCF. &lt;&lt;&lt;<\/a><\/p>\n<p>&nbsp;<\/p>\n<p><span style=\"color: #808080;\"><em>*<strong>Sobre o autor<\/strong>: <a href=\"https:\/\/www.instagram.com\/mr.phelipe\/\">Phelipe Reis<\/a> \u00e9 jornalista, mission\u00e1rio e assessor de comunica\u00e7\u00e3o do movimento Renovar Nosso Mundo \u2013 Brasil.<\/em><\/span><\/p>\n<hr \/>\n<p>Nota: Texto <a href=\"https:\/\/renovarnossomundo.org\/como-foi-o-gccf\/\">publicado originalmente<\/a> no site do Movimento Renovar Nosso Mundo.<\/p>\n","protected":false},"excerpt":{"rendered":"<p>O que faremos aqui pode mudar o mundo, se estivermos com a mente e o cora\u00e7\u00e3o no lugar certo! Por Phelipe Reis &nbsp; Est\u00e1vamos em um local de retiro, entre belas colinas arborizadas, em Gonjiam, cidade distante cerca de 50 km de Seul, capital da Coreia do Sul. Apesar do cansa\u00e7o de uma semana cheia, [&hellip;]<\/p>\n","protected":false},"author":12,"featured_media":655,"comment_status":"open","ping_status":"open","sticky":false,"template":"","format":"standard","meta":{"ngg_post_thumbnail":0,"footnotes":""},"categories":[114],"tags":[27723],"class_list":["post-653","post","type-post","status-publish","format-standard","has-post-thumbnail","hentry","category-artigos","tag-cuidado-com-a-criacao"],"_links":{"self":[{"href":"https:\/\/ultimato.com.br\/sites\/lausanne\/wp-json\/wp\/v2\/posts\/653","targetHints":{"allow":["GET"]}}],"collection":[{"href":"https:\/\/ultimato.com.br\/sites\/lausanne\/wp-json\/wp\/v2\/posts"}],"about":[{"href":"https:\/\/ultimato.com.br\/sites\/lausanne\/wp-json\/wp\/v2\/types\/post"}],"author":[{"embeddable":true,"href":"https:\/\/ultimato.com.br\/sites\/lausanne\/wp-json\/wp\/v2\/users\/12"}],"replies":[{"embeddable":true,"href":"https:\/\/ultimato.com.br\/sites\/lausanne\/wp-json\/wp\/v2\/comments?post=653"}],"version-history":[{"count":3,"href":"https:\/\/ultimato.com.br\/sites\/lausanne\/wp-json\/wp\/v2\/posts\/653\/revisions"}],"predecessor-version":[{"id":662,"href":"https:\/\/ultimato.com.br\/sites\/lausanne\/wp-json\/wp\/v2\/posts\/653\/revisions\/662"}],"wp:featuredmedia":[{"embeddable":true,"href":"https:\/\/ultimato.com.br\/sites\/lausanne\/wp-json\/wp\/v2\/media\/655"}],"wp:attachment":[{"href":"https:\/\/ultimato.com.br\/sites\/lausanne\/wp-json\/wp\/v2\/media?parent=653"}],"wp:term":[{"taxonomy":"category","embeddable":true,"href":"https:\/\/ultimato.com.br\/sites\/lausanne\/wp-json\/wp\/v2\/categories?post=653"},{"taxonomy":"post_tag","embeddable":true,"href":"https:\/\/ultimato.com.br\/sites\/lausanne\/wp-json\/wp\/v2\/tags?post=653"}],"curies":[{"name":"wp","href":"https:\/\/api.w.org\/{rel}","templated":true}]}}