{"id":628,"date":"2024-06-13T16:18:57","date_gmt":"2024-06-13T19:18:57","guid":{"rendered":"https:\/\/ultimato.com.br\/sites\/lausanne\/?p=628"},"modified":"2024-06-13T16:47:28","modified_gmt":"2024-06-13T19:47:28","slug":"a-grande-comissao-desafios-fe-e-esperanca","status":"publish","type":"post","link":"https:\/\/ultimato.com.br\/sites\/lausanne\/2024\/06\/13\/a-grande-comissao-desafios-fe-e-esperanca\/","title":{"rendered":"A Grande Comiss\u00e3o: desafios, f\u00e9 e esperan\u00e7a!"},"content":{"rendered":"<h4 style=\"text-align: center;\">&nbsp;<\/h4>\n<h3 style=\"text-align: center;\"><span style=\"color: #993300;\"><em>Movimento Lausanne discute relat\u00f3rio e apresenta desafios e oportunidades para a igreja brasileira<\/em><\/span><\/h3>\n<p style=\"text-align: right;\"><em><br \/>\nPor Patr\u00edcia Godinho<\/em><\/p>\n<p>O Movimento Lausanne Brasil realizou um encontro na capital paulista para apresentar o <a href=\"https:\/\/lausanne.org\/pt-br\/report\">Relat\u00f3rio de Status da Grande Comiss\u00e3o<\/a>, documento elaborado por mais de 150 especialistas globais e dispon\u00edvel em 7 idiomas. Sete brasileiros participaram da produ\u00e7\u00e3o do conte\u00fado. O relat\u00f3rio analisa a realidade atual e delineia os pr\u00f3ximos e atuais desafios que a igreja ter\u00e1 na evangeliza\u00e7\u00e3o mundial. Ele \u00e9 fruto de anos de pesquisa e coopera\u00e7\u00e3o entre especialistas de diversas \u00e1reas e considera dez quest\u00f5es-chave que impactar\u00e3o a miss\u00e3o da igreja.<\/p>\n<p>O evento aconteceu na Igreja Batista do Morumbi, em S\u00e3o Paulo, na quinta-feira (06) e reuniu 150 pessoas, entre l\u00edderes de igrejas e organiza\u00e7\u00f5es, te\u00f3logos, acad\u00eamicos e membros da comunidade evang\u00e9lica. Milhares de pessoas acompanharam virtualmente a transmiss\u00e3o pelo canal do <a href=\"https:\/\/www.youtube.com\/watch?v=3XccGJZOpGM\">JesusCopy no youtube <\/a>e inser\u00e7\u00f5es ao vivo na R\u00e1dio Trans Mundial.<\/p>\n<p>Esse \u00e9 um marco na atualiza\u00e7\u00e3o da hist\u00f3ria de miss\u00f5es, n\u00e3o apenas pela quantidade de dados reunidos, mas tamb\u00e9m pela profundidade dos artigos publicados e das discuss\u00f5es. O coordenador da equipe de trabalho do Movimento Lausanne no Brasil, Fernando Costa, abriu o evento enfatizando a import\u00e2ncia do relat\u00f3rio para as igrejas e organiza\u00e7\u00f5es no Brasil e no mundo, pontuando que a forma como respondemos ao cen\u00e1rio atual poder\u00e1 modelar a igreja que queremos at\u00e9 2050.<\/p>\n<p><strong>Temas e desafios<\/strong><\/p>\n<p>Na programa\u00e7\u00e3o, dividida em cinco mesas de discuss\u00f5es, os convidados Valdir Steuernagel, Marcos Amado, Luiz Say\u00e3o, Fernando Costa, Davi Lago, Felipe Fulanetto, Gabriel Neres, Ricardo Bitun, Paulo Borges Jr., Samuel Mendes,&nbsp; Matheus Ortega, Rebeca Nemer, Andr\u00e9a Vargas, Andr\u00e9 Pereira, Daniel Palombo, Matheus Resende, Lis\u00e2nias Moura, Lucas Pegoraro, Jacira Monteiro, Maycon Barroso, Tom\u00e1s Camba e Aline Davi abordaram os temas mais cr\u00edticos em torno do relat\u00f3rio, como povo global em envelhecimento, secularismo, comunidades urbanas, sexualidade e g\u00eanero, miss\u00e3o polic\u00eantrica, pessoas em movimento, sa\u00fade hol\u00edstica, liberdade religiosa, entre outros.<\/p>\n<div id=\"attachment_634\" style=\"width: 510px\" class=\"wp-caption aligncenter\"><img loading=\"lazy\" decoding=\"async\" aria-describedby=\"caption-attachment-634\" class=\"wp-image-634 size-full\" src=\"https:\/\/ultimato.com.br\/sites\/lausanne\/files\/2024\/06\/preletores_reduz-scaled-e1718306100765.jpg\" alt=\"\" width=\"500\" height=\"333\"><p id=\"caption-attachment-634\" class=\"wp-caption-text\">Alguns dos preletores e equipe do Encontro Lausanne Brasil.<\/p><\/div>\n<p>Para Felipe Fulanetto, do Departamento de Pesquisa da Associa\u00e7\u00e3o de Miss\u00f5es Transculturais Brasileiras (AMTB), t\u00e3o importante quanto os dados \u00e9 a implica\u00e7\u00e3o deles para as igrejas e organiza\u00e7\u00f5es envolvidas no trabalho mission\u00e1rio. Lan\u00e7ando m\u00e3o dessas informa\u00e7\u00f5es, podemos reavaliar v\u00e1rias pr\u00e1ticas e redirecionar os esfor\u00e7os para \u00e1reas com maiores necessidades.<\/p>\n<p>Outro ponto enfatizado no encontro \u00e9 que, para que haja o cumprimento da Grande Comiss\u00e3o, importa que toda a igreja se envolva em coopera\u00e7\u00e3o, como bem colocou Marcos Amado, escritor e especialista no mundo \u00e1rabe.<\/p>\n<p>A escritora Jacira Monteiro, que participou da quinta e \u00faltima mesa sobre o relat\u00f3rio e as esferas da sociedade, citou o <a href=\"https:\/\/www.ultimato.com.br\/pagina\/pacto-de-lausanne\">Pacto de Lausanne<\/a> sobre a responsabilidade da igreja diante das injusti\u00e7as sociais. Jacira ressaltou que uma igreja que prega a cruz deve ser marcada pela cruz e que s\u00f3 h\u00e1 salva\u00e7\u00e3o porque houve um problema inicial, e para isso Deus enviou seu filho a fim de reconciliar com Ele todas as coisas. Por isso, n\u00e3o devemos ter medo de denunciar o mal onde quer que ele exista.<\/p>\n<p>O convite recorrente \u00e0 unidade da igreja e o chamado a uma lideran\u00e7a cristoc\u00eantrica ressoou entre todos os presentes, reafirmando o compromisso de todos os crist\u00e3os levarem todo o ensino de Jesus a todos os lugares no entendimento de que \u201ctodos temos parte na Grande Comiss\u00e3o, que n\u00e3o \u00e9 um enunciado vazio, mas um lugar de espera, onde somente o Esp\u00edrito Santo \u00e9 capaz de nos fazer entender para o que somos chamados a ser e fazer\u201d, como muito bem nos lembrou o te\u00f3logo Valdir Steuernagel.&nbsp;<\/p>\n<h4 style=\"text-align: center;\"><strong><span style=\"color: #ff6600;\"><br \/>\n&gt;&gt; Leia o Relat\u00f3rio completo<\/span> <a href=\"https:\/\/lausanne.org\/pt-br\/report\">AQUI<\/a>.<\/strong><\/h4>\n<p>&nbsp;<\/p>\n<p><strong>S\u00e9rie de encontros<\/strong><\/p>\n<p>Este evento faz parte de uma s\u00e9rie de encontros de Lausanne Brasil at\u00e9 o fim deste ano, indo a v\u00e1rias cidades do pa\u00eds para refor\u00e7ar a necessidade de coopera\u00e7\u00e3o como ponto de partida na evangeliza\u00e7\u00e3o. O ponto alto ser\u00e1 o 4\u00b0 Congresso de Lausanne, em Seul, Cor\u00e9eia do Sul, de 22 a 28 de setembro.&nbsp;<\/p>\n<p><strong>Agenda Lausanne Brasil 2024:<br \/>\n<\/strong>06\/07 &#8211; Sudeste &#8211; S\u00e3o Paulo<br \/>\nLocal: Comunidade da Vila &#8211; S\u00e3o Paulo &#8211; SP<\/p>\n<p>03\/08 &#8211; Nordeste &#8211; Sert\u00e3o<br \/>\nLocal: Primeira igreja Batista &#8211; Patos &#8211; PB<\/p>\n<p>24\/08 &#8211; Sul &#8211; Florian\u00f3polis<br \/>\nLocal: FHOP &#8211; Florian\u00f3polis &#8211; SC<\/p>\n<p>07\/07 &#8211; Norte &#8211; Manaus<br \/>\nLocal: Igreja Batista Ref\u00fagio &#8211; Manaus &#8211; AM<\/p>\n<p>19\/10 &#8211; Nordeste &#8211; Recife<br \/>\nLocal: Catedral da Reconcilia\u00e7\u00e3o &#8211; ICB &#8211; PE<\/p>\n<p>09\/11 &#8211; Centro-Oeste &#8211; Bras\u00edlia<br \/>\nLocal: Igreja Batista V\u00e9rtice &#8211; Bras\u00edlia &#8211; DF<\/p>\n<p>&nbsp;<\/p>\n<p style=\"text-align: left;\"><span style=\"color: #808080;\"><span style=\"color: #808080;\"><em>&gt;&gt; Patr\u00edcia Godinho \u00e9 rep\u00f3rter e produtora de jornalismo. Casada com Fernando Costa e m\u00e3e de quatro filhos.<\/em><\/span><\/span><\/p>\n<p>&nbsp;<\/p>\n<hr>\n<h4><img loading=\"lazy\" decoding=\"async\" class=\"alignright wp-image-624\" src=\"https:\/\/ultimato.com.br\/sites\/lausanne\/files\/2024\/04\/lausanne-main-logo-pt-300x136.png\" alt=\"\" width=\"200\" height=\"91\" srcset=\"https:\/\/ultimato.com.br\/sites\/lausanne\/files\/2024\/04\/lausanne-main-logo-pt-300x136.png 300w, https:\/\/ultimato.com.br\/sites\/lausanne\/files\/2024\/04\/lausanne-main-logo-pt-1024x464.png 1024w, https:\/\/ultimato.com.br\/sites\/lausanne\/files\/2024\/04\/lausanne-main-logo-pt-768x348.png 768w, https:\/\/ultimato.com.br\/sites\/lausanne\/files\/2024\/04\/lausanne-main-logo-pt-1536x696.png 1536w, https:\/\/ultimato.com.br\/sites\/lausanne\/files\/2024\/04\/lausanne-main-logo-pt-2048x928.png 2048w, https:\/\/ultimato.com.br\/sites\/lausanne\/files\/2024\/04\/lausanne-main-logo-pt-732x332.png 732w, https:\/\/ultimato.com.br\/sites\/lausanne\/files\/2024\/04\/lausanne-main-logo-pt-1140x516.png 1140w\" sizes=\"auto, (max-width: 200px) 100vw, 200px\" \/>O Movimento de Lausanne<\/h4>\n<p>O Movimento de Lausanne conecta influenciadores e ideias para a miss\u00e3o global, com a vis\u00e3o do evangelho para cada pessoa, igrejas, fazedores de disc\u00edpulos para cada povo e local, l\u00edderes como Cristo para cada igreja e setor, e o impacto do reino em cada esfera da sociedade.<\/p>\n<p><span style=\"color: #ff6600;\"><strong><em>&gt;&gt; Siga-nos no Instagram:<\/em><\/strong>&nbsp;<a style=\"color: #ff6600;\" href=\"https:\/\/instagram.com\/lausanne_brasil?igshid=MzRlODBiNWFlZA==\"><strong><em>@lausanne_brasil<\/em><\/strong><\/a><\/span><\/p>\n<p><strong>Entre em contato<\/strong><\/p>\n<p>E-mail: lausannebrasil@gmail.com<\/p>\n","protected":false},"excerpt":{"rendered":"<p>&nbsp; Movimento Lausanne discute relat\u00f3rio e apresenta desafios e oportunidades para a igreja brasileira Por Patr\u00edcia Godinho O Movimento Lausanne Brasil realizou um encontro na capital paulista para apresentar o Relat\u00f3rio de Status da Grande Comiss\u00e3o, documento elaborado por mais de 150 especialistas globais e dispon\u00edvel em 7 idiomas. Sete brasileiros participaram da produ\u00e7\u00e3o do [&hellip;]<\/p>\n","protected":false},"author":24,"featured_media":629,"comment_status":"open","ping_status":"open","sticky":false,"template":"","format":"standard","meta":{"ngg_post_thumbnail":0,"footnotes":""},"categories":[116],"tags":[27721,27720,27710,27718,27719,27717],"class_list":["post-628","post","type-post","status-publish","format-standard","has-post-thumbnail","hentry","category-blog","tag-analise","tag-desafios","tag-encontro-lausanne-brasil","tag-lausanne-brasil","tag-missoes","tag-relatorio-status"],"_links":{"self":[{"href":"https:\/\/ultimato.com.br\/sites\/lausanne\/wp-json\/wp\/v2\/posts\/628","targetHints":{"allow":["GET"]}}],"collection":[{"href":"https:\/\/ultimato.com.br\/sites\/lausanne\/wp-json\/wp\/v2\/posts"}],"about":[{"href":"https:\/\/ultimato.com.br\/sites\/lausanne\/wp-json\/wp\/v2\/types\/post"}],"author":[{"embeddable":true,"href":"https:\/\/ultimato.com.br\/sites\/lausanne\/wp-json\/wp\/v2\/users\/24"}],"replies":[{"embeddable":true,"href":"https:\/\/ultimato.com.br\/sites\/lausanne\/wp-json\/wp\/v2\/comments?post=628"}],"version-history":[{"count":14,"href":"https:\/\/ultimato.com.br\/sites\/lausanne\/wp-json\/wp\/v2\/posts\/628\/revisions"}],"predecessor-version":[{"id":645,"href":"https:\/\/ultimato.com.br\/sites\/lausanne\/wp-json\/wp\/v2\/posts\/628\/revisions\/645"}],"wp:featuredmedia":[{"embeddable":true,"href":"https:\/\/ultimato.com.br\/sites\/lausanne\/wp-json\/wp\/v2\/media\/629"}],"wp:attachment":[{"href":"https:\/\/ultimato.com.br\/sites\/lausanne\/wp-json\/wp\/v2\/media?parent=628"}],"wp:term":[{"taxonomy":"category","embeddable":true,"href":"https:\/\/ultimato.com.br\/sites\/lausanne\/wp-json\/wp\/v2\/categories?post=628"},{"taxonomy":"post_tag","embeddable":true,"href":"https:\/\/ultimato.com.br\/sites\/lausanne\/wp-json\/wp\/v2\/tags?post=628"}],"curies":[{"name":"wp","href":"https:\/\/api.w.org\/{rel}","templated":true}]}}