{"id":594,"date":"2024-04-12T11:24:14","date_gmt":"2024-04-12T14:24:14","guid":{"rendered":"https:\/\/ultimato.com.br\/sites\/lausanne\/?p=594"},"modified":"2024-04-13T10:13:08","modified_gmt":"2024-04-13T13:13:08","slug":"lausanne-vai-lancar-novo-relatorio-do-status-da-grande-comissao","status":"publish","type":"post","link":"https:\/\/ultimato.com.br\/sites\/lausanne\/2024\/04\/12\/lausanne-vai-lancar-novo-relatorio-do-status-da-grande-comissao\/","title":{"rendered":"Lausanne vai lan\u00e7ar novo Relat\u00f3rio do Status da Grande Comiss\u00e3o"},"content":{"rendered":"<h4><\/h4>\n<h3><\/h3>\n<h3 style=\"text-align: center;\"><span style=\"color: #993300;\"><em>Publica\u00e7\u00e3o revela as maiores lacunas e oportunidades para o cumprimento da Grande Comiss\u00e3o.<\/em><\/span><\/h3>\n<p>&nbsp;<\/p>\n<p>O Movimento Lausanne far\u00e1 o lan\u00e7amento na ter\u00e7a-feira, dia 23 de abril, \u00e0s 10h (hor\u00e1rio de Bras\u00edlia), do <em>Relat\u00f3rio de Status da Grande Comiss\u00e3o<\/em>. A publica\u00e7\u00e3o re\u00fane relevantes estat\u00edsticas globais e an\u00e1lises estrat\u00e9gicas com o objetivo de compreender onde se encontram as maiores lacunas e oportunidades para o cumprimento da Grande Comiss\u00e3o. O diretor da publica\u00e7\u00e3o Matthew Niermann, junto com um grupo de especialistas da atualidade, formar\u00e3o um painel a fim de compartilhar as conclus\u00f5es do relat\u00f3rio.<\/p>\n<p>Em antecipa\u00e7\u00e3o ao Quarto Congresso de Lausanne que acontecer\u00e1 em setembro, em Seul, o <em>Relat\u00f3rio sobre o Status da Grande Comiss\u00e3o<\/em> re\u00fane mais de 150 pensadores estrat\u00e9gicos analisando dados globais na tentativa de compreender melhor onde est\u00e3o as maiores lacunas e oportunidades para o cumprimento da Grande Comiss\u00e3o. O Relat\u00f3rio procura guiar-nos atrav\u00e9s do status atual e da trajet\u00f3ria futura das miss\u00f5es globais at\u00e9 2050, aprofundando, assim, dez quest\u00f5es cruciais que ir\u00e3o moldar a igreja e as miss\u00f5es globais at\u00e9 l\u00e1.<\/p>\n<p>A expectativa \u00e9 que esta publica\u00e7\u00e3o desafie a igreja global e inspire a\u00e7\u00f5es de colabora\u00e7\u00e3o para o cumprimento da Grande Comiss\u00e3o.<\/p>\n<p><strong><a href=\"https:\/\/ultimato.com.br\/sites\/lausanne\/files\/2024\/04\/Social-media-2-1024x1024-1.jpeg\"><img loading=\"lazy\" decoding=\"async\" class=\"alignright size-medium wp-image-597\" src=\"https:\/\/ultimato.com.br\/sites\/lausanne\/files\/2024\/04\/Social-media-2-1024x1024-1-300x300.jpeg\" alt=\"\" width=\"300\" height=\"300\" srcset=\"https:\/\/ultimato.com.br\/sites\/lausanne\/files\/2024\/04\/Social-media-2-1024x1024-1-300x300.jpeg 300w, https:\/\/ultimato.com.br\/sites\/lausanne\/files\/2024\/04\/Social-media-2-1024x1024-1-150x150.jpeg 150w, https:\/\/ultimato.com.br\/sites\/lausanne\/files\/2024\/04\/Social-media-2-1024x1024-1-768x768.jpeg 768w, https:\/\/ultimato.com.br\/sites\/lausanne\/files\/2024\/04\/Social-media-2-1024x1024-1-732x732.jpeg 732w, https:\/\/ultimato.com.br\/sites\/lausanne\/files\/2024\/04\/Social-media-2-1024x1024-1.jpeg 1024w\" sizes=\"auto, (max-width: 300px) 100vw, 300px\" \/><\/a>Convite<\/strong><\/p>\n<p>No lan\u00e7amento, ser\u00e3o oferecidas cinco sess\u00f5es de debate. Cada uma ter\u00e1 a participa\u00e7\u00e3o de um especialista no t\u00f3pico em quest\u00e3o, que ter\u00e1 a tarefa de facilitar a conversa e apresentar os dados correspondentes.<\/p>\n<hr \/>\n<p><strong>O que?<\/strong><\/p>\n<p>Lan\u00e7amento do <em>Relat\u00f3rio de Status da Grande Comiss\u00e3o<\/em>.<\/p>\n<p><strong>Dia<\/strong>: 23 de abril (ter\u00e7a-feira)<\/p>\n<p><strong>Hora<\/strong>: 10h (hor\u00e1rio de Bras\u00edlia)<\/p>\n<p><strong>Inscri\u00e7\u00f5es<\/strong>: <a href=\"https:\/\/lausanne.org\/gathering\/state-of-the-great-commission-report-launch?utm_source=Lausanne+Movement+List&amp;utm_campaign=a7e1c0df4b-EMAIL_CAMPAIGN_2024_03_05_04_34_COPY_01&amp;utm_medium=email&amp;utm_term=0_-3896a6311b-%5BLIST_EMAIL_ID%5D\">AQUI<\/a>.<\/p>\n<p>&nbsp;<\/p>\n<hr \/>\n<h4>O Movimento de Lausanne<\/h4>\n<p>O Movimento de Lausanne conecta influenciadores e ideias para a miss\u00e3o global, com a vis\u00e3o do evangelho para cada pessoa, igrejas, fazedores de disc\u00edpulos para cada povo e local, l\u00edderes como Cristo para cada igreja e setor, e o impacto do reino em cada esfera da sociedade.<\/p>\n<p><span style=\"color: #ff6600;\"><strong><em>&gt;&gt; Siga-nos no Instagram:<\/em><\/strong><\/span>\u00a0<a href=\"https:\/\/instagram.com\/lausanne_brasil?igshid=MzRlODBiNWFlZA==\"><strong><em>@lausanne_brasil<\/em><\/strong><\/a><\/p>\n<p><strong>Entre em contato<\/strong><\/p>\n<p>E-mail: lausannebrasil@gmail.com<\/p>\n","protected":false},"excerpt":{"rendered":"<p>O &#8220;Relat\u00f3rio sobre o Status da Grande Comiss\u00e3o&#8221; re\u00fane mais de 150 pensadores estrat\u00e9gicos chaves como autores contribuintes, combinados com os melhores dados globais para compreender onde est\u00e3o as maiores lacunas e oportunidades para o cumprimento da Grande Comiss\u00e3o.<\/p>\n","protected":false},"author":12,"featured_media":595,"comment_status":"open","ping_status":"open","sticky":false,"template":"","format":"standard","meta":{"ngg_post_thumbnail":0,"footnotes":""},"categories":[116],"tags":[27713,27714],"class_list":["post-594","post","type-post","status-publish","format-standard","has-post-thumbnail","hentry","category-blog","tag-grande-comissao","tag-relatorio"],"_links":{"self":[{"href":"https:\/\/ultimato.com.br\/sites\/lausanne\/wp-json\/wp\/v2\/posts\/594","targetHints":{"allow":["GET"]}}],"collection":[{"href":"https:\/\/ultimato.com.br\/sites\/lausanne\/wp-json\/wp\/v2\/posts"}],"about":[{"href":"https:\/\/ultimato.com.br\/sites\/lausanne\/wp-json\/wp\/v2\/types\/post"}],"author":[{"embeddable":true,"href":"https:\/\/ultimato.com.br\/sites\/lausanne\/wp-json\/wp\/v2\/users\/12"}],"replies":[{"embeddable":true,"href":"https:\/\/ultimato.com.br\/sites\/lausanne\/wp-json\/wp\/v2\/comments?post=594"}],"version-history":[{"count":8,"href":"https:\/\/ultimato.com.br\/sites\/lausanne\/wp-json\/wp\/v2\/posts\/594\/revisions"}],"predecessor-version":[{"id":616,"href":"https:\/\/ultimato.com.br\/sites\/lausanne\/wp-json\/wp\/v2\/posts\/594\/revisions\/616"}],"wp:featuredmedia":[{"embeddable":true,"href":"https:\/\/ultimato.com.br\/sites\/lausanne\/wp-json\/wp\/v2\/media\/595"}],"wp:attachment":[{"href":"https:\/\/ultimato.com.br\/sites\/lausanne\/wp-json\/wp\/v2\/media?parent=594"}],"wp:term":[{"taxonomy":"category","embeddable":true,"href":"https:\/\/ultimato.com.br\/sites\/lausanne\/wp-json\/wp\/v2\/categories?post=594"},{"taxonomy":"post_tag","embeddable":true,"href":"https:\/\/ultimato.com.br\/sites\/lausanne\/wp-json\/wp\/v2\/tags?post=594"}],"curies":[{"name":"wp","href":"https:\/\/api.w.org\/{rel}","templated":true}]}}