{"id":563,"date":"2023-11-13T21:02:10","date_gmt":"2023-11-14T00:02:10","guid":{"rendered":"https:\/\/ultimato.com.br\/sites\/lausanne\/?p=563"},"modified":"2024-04-12T14:21:35","modified_gmt":"2024-04-12T17:21:35","slug":"vem-ai-o-encontro-lausanne-brasil","status":"publish","type":"post","link":"https:\/\/ultimato.com.br\/sites\/lausanne\/2023\/11\/13\/vem-ai-o-encontro-lausanne-brasil\/","title":{"rendered":"Vem a\u00ed o Encontro Lausanne Brasil!"},"content":{"rendered":"<h3 style=\"text-align: center;\"><span style=\"color: #800000;\"><em>Encontro quer conectar passado, presente e futuro com o evangelho, a miss\u00e3o e a amizade<\/em><\/span><\/h3>\n<p>&nbsp;<\/p>\n<p>&nbsp;<\/p>\n<p>&nbsp;<\/p>\n<p>O <a href=\"https:\/\/lausanne.org\/pt-br\/about-lausanne\">passado<\/a>, o <a href=\"https:\/\/lausanne.org\/pt-br\/todas-as-redes-tematicas\">presente<\/a> e o <a href=\"https:\/\/lausanne.org\/pt-br\/sobre-pt-br\/blog-pt-br\/por-que-seul-2024\">futuro<\/a> conectados com o evangelho, a miss\u00e3o e a amizade. Essa \u00e9 a espinha dorsal da programa\u00e7\u00e3o do <em>Encontro Lausanne Brasil<\/em>, que ser\u00e1 realizado no dia 02 de dezembro, das 9h \u00e0s 18h, na Igreja Batista V\u00e9rtice, em Bras\u00edlia (DF). O evento vai reunir a atual lideran\u00e7a nacional do Movimento Lausanne com lideran\u00e7as brasileiras hist\u00f3ricas, al\u00e9m de novos l\u00edderes.<\/p>\n<p>O objetivo do Encontro \u00e9 fortalecer la\u00e7os moldados pela miss\u00e3o de Jesus e a experi\u00eancia com o Movimento Lausanne. Os organizadores tamb\u00e9m querem apresentar ao p\u00fablico nacional as oportunidades de trabalho em rede que Lausanne oferece.<\/p>\n<p><strong>Colaborativo<\/strong><\/p>\n<p>O <em>Encontro Lausanne Brasil<\/em> ser\u00e1 bem colaborativo: o p\u00fablico estar\u00e1 em mesas e, moderado por facilitadores, poder\u00e1 fazer resson\u00e2ncias do que ser\u00e1 falado nas plen\u00e1rias. Quase trinta pessoas de diversas organiza\u00e7\u00f5es est\u00e3o diretamente envolvidas na organiza\u00e7\u00e3o ou realiza\u00e7\u00e3o do evento. Entre os nomes confirmados, est\u00e3o: Valdir e Sil\u00eada Steuernagel, Ricardo Barbosa, Leandro Silva, Carlinhos Veiga, Fernando Costa, Paulo Borges J\u00fanior, Paulo Humait\u00e1 e Douglas Gon\u00e7alves.<\/p>\n<p>A programa\u00e7\u00e3o est\u00e1 organizada em tr\u00eas momentos distintos, que se completam: passado, presente e futuro. Em cada uma delas, ter\u00e1 o tempo de compartilhar e, em seguida, a resson\u00e2ncia em mesas. O encontro tamb\u00e9m ter\u00e1 a participa\u00e7\u00e3o musical de Carlinhos Veiga e outros m\u00fasicos.<\/p>\n<p>\u201cQueremos conectar as pessoas e potencializar a contribui\u00e7\u00e3o de cada uma delas, no <a href=\"https:\/\/www.ultimato.com.br\/revista\/artigos\/328\/licoes-e-desafios-de-lausanne-3-para-a-igreja-de-cristo\">esp\u00edrito<\/a> de Lausanne, com o evangelho e a miss\u00e3o de Cristo\u201d, afirma a lideran\u00e7a executiva do Movimento no Brasil.<\/p>\n<p><strong>Inscri\u00e7\u00f5es<\/strong>: <a href=\"https:\/\/www.sympla.com.br\/evento\/encontro-lausanne-brasil\/2228081?_gl=1*p470nm*_ga*NTQ3MzY3MzQ3LjE2NzUwOTIyNDI.*_ga_KXH10SQTZF*MTY5OTkwMDcyOS41NS4xLjE2OTk5MDA3NTEuMC4wLjA\">AQUI.<\/a><\/p>\n<hr \/>\n<p><strong>Servi\u00e7o:<\/strong><\/p>\n<p><em>O que<\/em>: Encontro Lausanne Brasil.<\/p>\n<p><em>Data<\/em>: 02 de dezembro de 2023.<\/p>\n<p><em>Hor\u00e1rio<\/em>: Das 9h \u00e0s 18h.<\/p>\n<p><em>Local<\/em>: Igreja Batista V\u00e9rtice, Bras\u00edlia (DF).<\/p>\n<hr \/>\n<h4>O Movimento de Lausanne<\/h4>\n<p>O Movimento de Lausanne conecta influenciadores e ideias para a miss\u00e3o global, com a vis\u00e3o do evangelho para cada pessoa, igrejas, fazedores de disc\u00edpulos para cada povo e local, l\u00edderes como Cristo para cada igreja e setor, e o impacto do reino em cada esfera da sociedade.<\/p>\n<p><span style=\"color: #ff9900;\"><strong><em>&gt;&gt; Siga-nos no Instagram:<\/em><\/strong><\/span><strong><em>\u00a0<\/em><\/strong><a href=\"https:\/\/instagram.com\/lausanne_brasil?igshid=MzRlODBiNWFlZA==\"><strong><em>@lausanne_brasil<\/em><\/strong><\/a><\/p>\n","protected":false},"excerpt":{"rendered":"<p>O Encontro Lausanne Brasil ser\u00e1 bem colaborativo: o p\u00fablico estar\u00e1 em mesas e, moderado por facilitadores, poder\u00e1 fazer resson\u00e2ncias do que ser\u00e1 falado nas plen\u00e1rias.<\/p>\n","protected":false},"author":24,"featured_media":568,"comment_status":"open","ping_status":"open","sticky":false,"template":"","format":"standard","meta":{"ngg_post_thumbnail":0,"footnotes":""},"categories":[116],"tags":[27711,27710],"class_list":["post-563","post","type-post","status-publish","format-standard","has-post-thumbnail","hentry","category-blog","tag-amizade","tag-encontro-lausanne-brasil"],"_links":{"self":[{"href":"https:\/\/ultimato.com.br\/sites\/lausanne\/wp-json\/wp\/v2\/posts\/563","targetHints":{"allow":["GET"]}}],"collection":[{"href":"https:\/\/ultimato.com.br\/sites\/lausanne\/wp-json\/wp\/v2\/posts"}],"about":[{"href":"https:\/\/ultimato.com.br\/sites\/lausanne\/wp-json\/wp\/v2\/types\/post"}],"author":[{"embeddable":true,"href":"https:\/\/ultimato.com.br\/sites\/lausanne\/wp-json\/wp\/v2\/users\/24"}],"replies":[{"embeddable":true,"href":"https:\/\/ultimato.com.br\/sites\/lausanne\/wp-json\/wp\/v2\/comments?post=563"}],"version-history":[{"count":8,"href":"https:\/\/ultimato.com.br\/sites\/lausanne\/wp-json\/wp\/v2\/posts\/563\/revisions"}],"predecessor-version":[{"id":607,"href":"https:\/\/ultimato.com.br\/sites\/lausanne\/wp-json\/wp\/v2\/posts\/563\/revisions\/607"}],"wp:featuredmedia":[{"embeddable":true,"href":"https:\/\/ultimato.com.br\/sites\/lausanne\/wp-json\/wp\/v2\/media\/568"}],"wp:attachment":[{"href":"https:\/\/ultimato.com.br\/sites\/lausanne\/wp-json\/wp\/v2\/media?parent=563"}],"wp:term":[{"taxonomy":"category","embeddable":true,"href":"https:\/\/ultimato.com.br\/sites\/lausanne\/wp-json\/wp\/v2\/categories?post=563"},{"taxonomy":"post_tag","embeddable":true,"href":"https:\/\/ultimato.com.br\/sites\/lausanne\/wp-json\/wp\/v2\/tags?post=563"}],"curies":[{"name":"wp","href":"https:\/\/api.w.org\/{rel}","templated":true}]}}