{"id":553,"date":"2023-10-09T16:59:22","date_gmt":"2023-10-09T19:59:22","guid":{"rendered":"https:\/\/ultimato.com.br\/sites\/lausanne\/?p=553"},"modified":"2024-04-12T14:23:53","modified_gmt":"2024-04-12T17:23:53","slug":"como-eu-participei-do-encontro-regional-de-lausanne-sem-estar-la","status":"publish","type":"post","link":"https:\/\/ultimato.com.br\/sites\/lausanne\/2023\/10\/09\/como-eu-participei-do-encontro-regional-de-lausanne-sem-estar-la\/","title":{"rendered":"Como eu participei do Encontro Regional de Lausanne sem estar l\u00e1"},"content":{"rendered":"<h4><\/h4>\n<h3 style=\"text-align: center;\"><span style=\"color: #800000;\"><em>Minha experi\u00eancia no Encontro Regional de Lausanne Am\u00e9rica Latina no Uruguai<\/em><\/span><\/h3>\n<p>&nbsp;<\/p>\n<p style=\"text-align: right;\"><em>Por Andrea Esp\u00edrito Santo Barrett<\/em><\/p>\n<p>&nbsp;<\/p>\n<p>Eu n\u00e3o poderia ir presencialmente ao Uruguai, e fiquei muito feliz com a oportunidade de participar online. Participei do grupo do WhatsApp dos brasileiros que iriam ao evento presencial e cada vez que algu\u00e9m se apresentava eu ficava feliz de conhecer novos irm\u00e3os ou me reconectar com outros. Ao receber tamb\u00e9m o material para me preparar para o evento, ficava animada de ver que estudar\u00edamos o livro de Atos e ter\u00edamos os pequenos grupos virtuais \u00e0 tarde.<\/p>\n<p>Chegou o dia do evento e me senti um pouquinho sozinha em casa, porque nesse caso n\u00e3o tinha outros brasileiros que participariam <em>online<\/em> e eu ainda n\u00e3o conhecia ningu\u00e9m que participaria. Seria muito bom ter conhecido os outros participantes virtuais antes do evento com alguma metodologia de intera\u00e7\u00e3o mais ativa.<\/p>\n<p>Todo o Encontro era administrado dentro do aplicativo de Lausanne, que funcionou muito bem. No <em>app<\/em> criamos nosso perfil (nossa bio), e ali sim \u00edamos adicionando outros que iriam ao mesmo evento, e faz\u00edamos novas conex\u00f5es (poder\u00edamos at\u00e9 &#8220;bater papo&#8221; se quis\u00e9ssemos).<\/p>\n<p>Quando o evento come\u00e7ou, entrei no <em>app<\/em> e vi a agenda, j\u00e1 tinha ali os bot\u00f5es direcionando para a primeira plen\u00e1ria, o primeiro evento virtual.<\/p>\n<p>O Pr. Valdir Steuernagel abriu a primeira noite com palavras aben\u00e7oadoras sobre como fazer a miss\u00e3o no modelo de Jesus. Foi excelente, me marcou muito. Isso aconteceu com transmiss\u00e3o via <em>Zoom<\/em>, mas v\u00edamos dentro do <em>app<\/em> de Lausanne. O chat estava aberto e conseguimos interagir com os outros irm\u00e3os, escrevendo nossas mensagens e ressoando o que o palestrante dizia.<\/p>\n<p>Na outra manh\u00e3, assim como em cada manh\u00e3, havia um grupo estudando Atos tamb\u00e9m no <em>Zoom<\/em> (via aplicativo Lausanne). Antes disso, ouv\u00edamos o texto de Atos junto com os participantes que estavam no presencial, e uma parte da manh\u00e3 de cada dia tamb\u00e9m era dedicada ao estudo de um dos documentos de Lausanne (assistindo \u00e0 mesma plen\u00e1ria que os participantes no presencial).<\/p>\n<p>\u00c0 tarde foi pra mim o ponto alto. Dentro do <em>app<\/em> havia uma sala de videochamada j\u00e1 com o n\u00famero de participantes distribu\u00eddo conforme nossos nomes. \u00c0 medida que o n\u00famero ia sendo completado, uma mensagem nos informava. Tudo foi muito bem organizado. Recebemos previamente por e-mail os materiais sobre os quais focar\u00edamos a conversa da tarde e os nomes das pessoas do grupo e o n\u00famero da mesa. Isso retirava um pouco o ambiente virtual mais frio para uma proximidade maior com o que acontecia com aqueles que estavam participando no presencial.<\/p>\n<p>Antes de cada sess\u00e3o virtual ou diante de alguma altera\u00e7\u00e3o na programa\u00e7\u00e3o, \u00e9ramos comunicados antecipadamente por e-mail. Tudo muito r\u00e1pido e din\u00e2mico. O canal de comunica\u00e7\u00e3o principal era o app, mas o e-mail era utilizado como um suporte extra. Uma das participantes do nosso grupo estava perdida sobre qual grupo deveria entrar. Ent\u00e3o ela enviou um e-mail para o evento (quando j\u00e1 hav\u00edamos come\u00e7ado o grupo) e, em poucos instantes, recebeu resposta e se juntou a n\u00f3s no grupo.<\/p>\n<p>Pudemos falar de n\u00f3s ao nos apresentar, ouvir dos outros irm\u00e3os latinos como chegaram at\u00e9 ali, suas inquietudes, seu desejo de servir. Respondemos seis perguntas sobre como deve ser o avan\u00e7o da Grande Comiss\u00e3o e a acelera\u00e7\u00e3o da miss\u00e3o global at\u00e9 2050.<\/p>\n<p>Eu estava num grupo com pessoas de v\u00e1rios outros pa\u00edses da Am\u00e9rica Latina e nos sentimos muito \u00e0 vontade um com o outro. Decidimos criar um grupo de WhatsApp e depois passarmos 4h30 juntos, em 3 sess\u00f5es de 1h30 cada; j\u00e1 t\u00ednhamos mais em comum para rir; fazer brincadeira e falar s\u00e9rio. Mantivemos o grupo para continuar compartilhando e fizemos bastante desde o evento at\u00e9 agora.<\/p>\n<p>Nas manh\u00e3s estudamos os documentos de Lausanne, a hist\u00f3ria, e \u00e0 noite, nas plen\u00e1rias, olhamos para o futuro.<\/p>\n<p>Fiquei muito feliz por termos a <em>live<\/em> no Instagram do Lausanne Brasil, quando a Karen Bomilcar falou no pen\u00faltimo dia e o Valdir novamente no \u00faltimo dia. Porque eram tantos conte\u00fados bons que nosso desejo \u00e9 que mais e mais pessoas conhe\u00e7am e sejam aben\u00e7oadas. O perfil no Instagram do @lausannemovement tamb\u00e9m fez <em>lives<\/em> do louvor, mas eu n\u00e3o soube antes e, assim, n\u00e3o pude divulg\u00e1-las. Digo isso porque muitos outros no Brasil queriam ter acesso tamb\u00e9m.<\/p>\n<p>Gostei muito do aplicativo de Lausanne. Ali vimos a biografia de todos os participantes presencial e virtual e podemos ter os contatos.<\/p>\n<p>Houve muita intera\u00e7\u00e3o e acredito na proposta de Lausanne para a Jornada Virtual que acontecer\u00e1 por quase 1 ano at\u00e9 setembro de 2024 quando haver\u00e1 o congresso presencial em Seul. Como j\u00e1 dito, o evento virtual n\u00e3o ser\u00e1 de segunda categoria. Ele ter\u00e1 um grande pr\u00e9-congresso, e um congresso que alcan\u00e7ar\u00e1 muitas pessoas que n\u00e3o poderiam estar presentes.<\/p>\n<p>De minha parte, pe\u00e7o a Deus que eu use o impacto desse Encontro Regional para que a acelera\u00e7\u00e3o da miss\u00e3o global at\u00e9 2050 tenha tamb\u00e9m minha contribui\u00e7\u00e3o e de cada participante.<\/p>\n<p>&nbsp;<\/p>\n<ul>\n<li><em>Andrea Esp\u00edrito Santo Barrett \u00e9 casada com Andrew e especialista em Prote\u00e7\u00e3o \u00e0 Crian\u00e7a. Faz Mestrado em Lideran\u00e7a Educacional na California Baptist University. Morou no Sudeste da \u00c1sia, onde foi ministra para pessoas deslocadas na Igreja Internacional de Bangkok. Serve na AMTB (Associa\u00e7\u00e3o de Miss\u00f5es Transculturais Brasileiras), coordenando o Departamento de Prote\u00e7\u00e3o \u00e0 Crian\u00e7a. \u00c9 autora da revista \u201cDeus me criou, vou proteger meu corpo\u201d, da Editora Crist\u00e3 Evang\u00e9lica. \u00c9 professora do Semin\u00e1rio Betel Brasileiro e membro da Equipe Executiva de Lausanne Brasil.<\/em><\/li>\n<\/ul>\n<p>Legenda da foto principal: Grupo virtual do qual Andrea participou.<\/p>\n<p><strong>LEIA TAMB\u00c9M:<\/strong><\/p>\n<p><a href=\"https:\/\/ultimato.com.br\/sites\/lausanne\/2023\/10\/09\/a-grande-comissao-que-ou-quem\/\">A Grande Comiss\u00e3o: que ou quem? (Daniel Palombo)<\/a><\/p>\n<p><a href=\"https:\/\/ultimato.com.br\/sites\/lausanne\/2023\/10\/09\/encontro-de-lausanne-na-america-latina-reuniu-150-lideres\/\">Encontro de Lausanne na Am\u00e9rica Latina reuniu 150 l\u00edderes (Gabriel Neres)<\/a><\/p>\n<p>&nbsp;<\/p>\n<blockquote><p><strong><em>&gt;&gt; Siga-nos no Instagram:<\/em><\/strong><strong><em>\u00a0<\/em><\/strong><a href=\"https:\/\/instagram.com\/lausanne_brasil?igshid=MzRlODBiNWFlZA==\"><strong><em>@lausanne_brasil<\/em><\/strong><\/a><\/p><\/blockquote>\n","protected":false},"excerpt":{"rendered":"<p>Eu n\u00e3o poderia ir presencialmente ao Uruguai, e fiquei muito feliz com a oportunidade de participar online. Participei do grupo do WhatsApp dos brasileiros que iriam ao evento presencial e cada vez que algu\u00e9m se apresentava eu ficava feliz de conhecer novos irm\u00e3os ou me reconectar com outros.<\/p>\n","protected":false},"author":24,"featured_media":554,"comment_status":"open","ping_status":"open","sticky":false,"template":"","format":"standard","meta":{"ngg_post_thumbnail":0,"footnotes":""},"categories":[116],"tags":[27684,27707],"class_list":["post-553","post","type-post","status-publish","format-standard","has-post-thumbnail","hentry","category-blog","tag-encontros","tag-encontrosregionais"],"_links":{"self":[{"href":"https:\/\/ultimato.com.br\/sites\/lausanne\/wp-json\/wp\/v2\/posts\/553","targetHints":{"allow":["GET"]}}],"collection":[{"href":"https:\/\/ultimato.com.br\/sites\/lausanne\/wp-json\/wp\/v2\/posts"}],"about":[{"href":"https:\/\/ultimato.com.br\/sites\/lausanne\/wp-json\/wp\/v2\/types\/post"}],"author":[{"embeddable":true,"href":"https:\/\/ultimato.com.br\/sites\/lausanne\/wp-json\/wp\/v2\/users\/24"}],"replies":[{"embeddable":true,"href":"https:\/\/ultimato.com.br\/sites\/lausanne\/wp-json\/wp\/v2\/comments?post=553"}],"version-history":[{"count":8,"href":"https:\/\/ultimato.com.br\/sites\/lausanne\/wp-json\/wp\/v2\/posts\/553\/revisions"}],"predecessor-version":[{"id":611,"href":"https:\/\/ultimato.com.br\/sites\/lausanne\/wp-json\/wp\/v2\/posts\/553\/revisions\/611"}],"wp:featuredmedia":[{"embeddable":true,"href":"https:\/\/ultimato.com.br\/sites\/lausanne\/wp-json\/wp\/v2\/media\/554"}],"wp:attachment":[{"href":"https:\/\/ultimato.com.br\/sites\/lausanne\/wp-json\/wp\/v2\/media?parent=553"}],"wp:term":[{"taxonomy":"category","embeddable":true,"href":"https:\/\/ultimato.com.br\/sites\/lausanne\/wp-json\/wp\/v2\/categories?post=553"},{"taxonomy":"post_tag","embeddable":true,"href":"https:\/\/ultimato.com.br\/sites\/lausanne\/wp-json\/wp\/v2\/tags?post=553"}],"curies":[{"name":"wp","href":"https:\/\/api.w.org\/{rel}","templated":true}]}}