{"id":546,"date":"2023-10-09T16:52:52","date_gmt":"2023-10-09T19:52:52","guid":{"rendered":"https:\/\/ultimato.com.br\/sites\/lausanne\/?p=546"},"modified":"2024-04-12T14:24:46","modified_gmt":"2024-04-12T17:24:46","slug":"a-grande-comissao-que-ou-quem","status":"publish","type":"post","link":"https:\/\/ultimato.com.br\/sites\/lausanne\/2023\/10\/09\/a-grande-comissao-que-ou-quem\/","title":{"rendered":"A Grande Comiss\u00e3o: que ou quem?"},"content":{"rendered":"<h3 style=\"text-align: center;\"><span style=\"color: #800000;\"><em>A unidade da Igreja e o cumprimento da Grande Comiss\u00e3o<\/em><\/span><\/h3>\n<p>&nbsp;<\/p>\n<p style=\"text-align: right;\"><em>Por Daniel Palombo<\/em><\/p>\n<p>Acabo de vir* de uma jornada junto com outros 22 l\u00edderes brasileiros do <a href=\"https:\/\/ultimato.com.br\/sites\/lausanne\/2023\/10\/09\/encontro-de-lausanne-na-america-latina-reuniu-150-lideres\/\">Encontro Regional de Lausanne para a Am\u00e9rica Latina<\/a>, que reuniu mais de 150 l\u00edderes dos 20 pa\u00edses da Am\u00e9rica Latina.<\/p>\n<p>Vale ressaltar, como bem lembrou Valdir Steuernagel, \u201cque n\u00e3o estamos reinventando a roda\u201d, que j\u00e1 s\u00e3o 50 anos de hist\u00f3ria desse movimento, desse sopro do esp\u00edrito que come\u00e7ou em 1974 e continua at\u00e9 hoje. Homens como Billy Graham, John Stott, Francis Schaeffer, Ren\u00e9 Padilla, entre outros, que assumiram a responsabilidade dizendo um \u201cam\u00e9m\u201d a Deus e um \u201csim\u201d ao seu chamado, entendendo o seu papel hist\u00f3rico e prof\u00e9tico a sua gera\u00e7\u00e3o.<\/p>\n<p>Mas como uma caracter\u00edstica fundamental dos encontros de Lausanne sempre foi ser um espa\u00e7o de unidade da igreja global de Cristo, plural onde tens\u00f5es s\u00e3o bem vindas e onde se h\u00e1 mais perguntas do que respostas, mais ora\u00e7\u00e3o e discernimentos do que pragmatismo e planejamento estrat\u00e9gico, mais reflex\u00f5es filos\u00f3ficas e estudo da B\u00edblia, que \u00e9 a palavra de Deus, do que \u201cquatro passos\u201d, e pesquisas sociol\u00f3gicas, abra\u00e7os, choro, reconcilia\u00e7\u00e3o e encontros com irm\u00e3os ainda desconhecidos do que telefones, <em>networking<\/em> e forma\u00e7\u00e3o de equipe.<\/p>\n<div id=\"attachment_550\" style=\"width: 310px\" class=\"wp-caption alignright\"><img loading=\"lazy\" decoding=\"async\" aria-describedby=\"caption-attachment-550\" class=\"wp-image-550\" src=\"https:\/\/ultimato.com.br\/sites\/lausanne\/files\/2023\/10\/valdir-1002x1024.jpg\" alt=\"\" width=\"300\" height=\"307\" srcset=\"https:\/\/ultimato.com.br\/sites\/lausanne\/files\/2023\/10\/valdir-1002x1024.jpg 1002w, https:\/\/ultimato.com.br\/sites\/lausanne\/files\/2023\/10\/valdir-294x300.jpg 294w, https:\/\/ultimato.com.br\/sites\/lausanne\/files\/2023\/10\/valdir-768x785.jpg 768w, https:\/\/ultimato.com.br\/sites\/lausanne\/files\/2023\/10\/valdir-1503x1536.jpg 1503w, https:\/\/ultimato.com.br\/sites\/lausanne\/files\/2023\/10\/valdir-2004x2048.jpg 2004w, https:\/\/ultimato.com.br\/sites\/lausanne\/files\/2023\/10\/valdir-732x748.jpg 732w, https:\/\/ultimato.com.br\/sites\/lausanne\/files\/2023\/10\/valdir-1140x1165.jpg 1140w\" sizes=\"auto, (max-width: 300px) 100vw, 300px\" \/><p id=\"caption-attachment-550\" class=\"wp-caption-text\">Valdir Steuernagel<\/p><\/div>\n<p>Me sinto acolhido para trazer algumas perguntas e v\u00edrgulas de reflex\u00e3o, pois n\u00e3o pretendo aqui fech\u00e1-las e, sim, te convidar para um caf\u00e9 em torno da mesa, para que juntos possamos partilhar mais das ang\u00fastias ministeriais e possamos orar e continuar seguindo o Cristo Ressurreto.<\/p>\n<p><strong>A grande comiss\u00e3o \u00e9 um \u201cQUE\u201d a ser conclu\u00eddo ou um \u201cQUEM\u201d sendo formado?<\/strong><\/p>\n<p><strong>Uma tarefa a ser conclu\u00edda ou uma pessoa sendo formada?<\/strong><\/p>\n<p>Ap\u00f3s uma semana de encontro com meus irm\u00e3os e l\u00edderes da Am\u00e9rica Latina, em volta de mesas, respondendo a um pacote de perguntas j\u00e1 prontas previamente feitas por norte-americanos, ficou evidente que ap\u00f3s dois mil anos de hist\u00f3ria da igreja, estamos tratando a Grande Comiss\u00e3o como um \u201cQUE\u201d a ser conclu\u00eddo. Perguntas como \u201co que falta para podemos concluir?\u201d, \u201cquais avan\u00e7os tecnol\u00f3gicos podem acelerar o comprimento da miss\u00e3o?\u201d entre outras, revelam o pragmatismo acerca de um chamado de Jesus de formar disc\u00edpulos e revelar seu reino e suas virtudes na terra, a uma tarefa a ser conclu\u00edda para que possamos ir embora deste mundo, sem nenhum envolvimento hist\u00f3rico de sinaliza\u00e7\u00e3o e manifesta\u00e7\u00e3o do Reino de Deus na terra.<\/p>\n<p>Se tratarmos a Grande Comiss\u00e3o como um \u201cQUE\u201d a ser conclu\u00eddo, vamos pautar nossas conversas e di\u00e1logos com pragmatismo, estrat\u00e9gias metodol\u00f3gicas, passos, forma\u00e7\u00e3o de equipe, reuni\u00f5es inv\u00e9s de encontros e tudo isso resultar\u00e1 em relat\u00f3rios e uma miss\u00e3o de colonialismo. Quero lembrar a reflex\u00e3o do\u00a0Norberto Saracco que a miss\u00e3o n\u00e3o \u00e9 sobre conquista, poder pol\u00edtico ou religioso. Conquista \u00e9 coisa de imp\u00e9rio. A igreja n\u00e3o precisa de conquistadores, precisa de amantes, pessoas que amam e sofrem com e como o Cristo. Miss\u00e3o se faz com amor, o Reino \u00e9 de amor.<\/p>\n<p>Um \u201cQUEM\u201d sendo formado considera pessoas, ritos como pedagogia, corpo que se tem emo\u00e7\u00f5es, virtudes sendo materializadas, nome pr\u00f3prio e esta\u00e7\u00e3o. Quero trazer \u00e0 mem\u00f3ria a Reflex\u00e3o da Karen Bomilcar sobre sa\u00fade integral, que nos lembra que miss\u00e3o que se faz a partir de um QUEM se tem movimento &#8211; interromper, descansar, abra\u00e7ar, celebrar, sendo assim tamb\u00e9m um dos \u201cCOMO\u201d experimentar a multiforme gra\u00e7a de Deus.<\/p>\n<p>Se desconsiderarmos isso, estamos colaborando para uma miss\u00e3o sem o Cristo encarnado, humano, com culturas e povos, gerando uma gera\u00e7\u00e3o com l\u00edderes doentes, servos, mas n\u00e3o amigos;\u00a0\u201ccoach\u201d com \u201cburnout\u201d, e n\u00e3o pastores de comunidades espirituais.<\/p>\n<p>Apresentaremos um evangelho \u00e0 nova gera\u00e7\u00e3o de jovens com uma vida que n\u00e3o tem sentido, dire\u00e7\u00e3o e prop\u00f3sito, que faz de tudo para n\u00e3o sofrer. Nada parecido com a vida em abund\u00e2ncia oferecida por Jesus de Nazar\u00e9, mas que n\u00e3o foge do caminho de sofrimento por amor ao Senhor.<\/p>\n<p>Mas teve uma pergunta na lista entregue a n\u00f3s com um asterisco (*) que dizia: \u201cesta pergunta n\u00e3o faz parte das perguntas originais. N\u00f3s, latino-americanos, inclu\u00edmos e queremos saber &#8211; O que a Igreja da Am\u00e9rica Latina tem a dizer \u00e0 Igreja Global\u201d?<\/p>\n<p>Se a Grande Comiss\u00e3o continuar sendo vista como um \u201cQUE\u201d a ser conclu\u00eddo, vamos continuar fazendo miss\u00e3o de baixo para cima, colonial, com impessoalidade, com planejamento de conquista e sem escuta. A miss\u00e3o que v\u00ea um \u201cQUEM\u201d sendo formado, considera o ch\u00e3o do povo para se fazer teologia, tem ouvidos que escutam, contexto cultural, m\u00e3os que abra\u00e7am e um corpo sendo formado e educado pela gra\u00e7a, e n\u00e3o sendo capacitado com ferramentas metodol\u00f3gicas; tem sofrimentos e esta\u00e7\u00f5es, alegrias e virtudes.<\/p>\n<p>A parte do Corpo de Cristo que se encontra na Am\u00e9rica Latina, mais uma vez, convida as outras partes do corpo de Cristo ao redor do mundo a trazerem \u00e0 mem\u00f3ria que a miss\u00e3o da Igreja \u00e9 de reconcilia\u00e7\u00e3o e n\u00e3o de salva\u00e7\u00e3o, e pode ser feita com integralidade ao redor da mesa, partindo o p\u00e3o, para que nossos olhos sejam iluminados com o Jesus, o Cristo Ressurreto, e possamos, assim como Ele, enxergar nossos irm\u00e3os e partilhar o p\u00e3o.<\/p>\n<p>&nbsp;<\/p>\n<ul>\n<li><em>Daniel Palombo \u00e9 te\u00f3logo, pedagogo, conselheiro do movimento mesa preparada e produtor criativo da RTM Brasil.<\/em><\/li>\n<\/ul>\n<p><strong><br \/>\n* Nota:<\/strong> esse texto foi escrito logo ap\u00f3s evento em setembro.<\/p>\n<p>&nbsp;<\/p>\n<p><strong>VEJA MAIS<\/strong><\/p>\n<p>Assista <a href=\"https:\/\/www.youtube.com\/watch?v=prgOLT0CO5E\">AQUI<\/a> ao v\u00eddeo com um resumo (em imagens) do evento.<\/p>\n<p>&nbsp;<\/p>\n<blockquote><p><strong><em>&gt;&gt; Siga-nos no Instagram:<\/em><\/strong><strong><em>\u00a0<\/em><\/strong><a href=\"https:\/\/instagram.com\/lausanne_brasil?igshid=MzRlODBiNWFlZA==\"><strong><em>@lausanne_brasil<\/em><\/strong><\/a><\/p><\/blockquote>\n","protected":false},"excerpt":{"rendered":"<p>Apresentaremos um evangelho \u00e0 nova gera\u00e7\u00e3o de jovens com uma vida que n\u00e3o tem sentido, dire\u00e7\u00e3o e prop\u00f3sito, que faz de tudo para n\u00e3o sofrer. Nada parecido com a vida em abund\u00e2ncia oferecida por Jesus de Nazar\u00e9, mas que n\u00e3o foge do caminho de sofrimento por amor ao Senhor.<\/p>\n","protected":false},"author":24,"featured_media":547,"comment_status":"open","ping_status":"open","sticky":false,"template":"","format":"standard","meta":{"ngg_post_thumbnail":0,"footnotes":""},"categories":[116],"tags":[27684,27707,27709],"class_list":["post-546","post","type-post","status-publish","format-standard","has-post-thumbnail","hentry","category-blog","tag-encontros","tag-encontrosregionais","tag-grandecomissao"],"_links":{"self":[{"href":"https:\/\/ultimato.com.br\/sites\/lausanne\/wp-json\/wp\/v2\/posts\/546","targetHints":{"allow":["GET"]}}],"collection":[{"href":"https:\/\/ultimato.com.br\/sites\/lausanne\/wp-json\/wp\/v2\/posts"}],"about":[{"href":"https:\/\/ultimato.com.br\/sites\/lausanne\/wp-json\/wp\/v2\/types\/post"}],"author":[{"embeddable":true,"href":"https:\/\/ultimato.com.br\/sites\/lausanne\/wp-json\/wp\/v2\/users\/24"}],"replies":[{"embeddable":true,"href":"https:\/\/ultimato.com.br\/sites\/lausanne\/wp-json\/wp\/v2\/comments?post=546"}],"version-history":[{"count":5,"href":"https:\/\/ultimato.com.br\/sites\/lausanne\/wp-json\/wp\/v2\/posts\/546\/revisions"}],"predecessor-version":[{"id":612,"href":"https:\/\/ultimato.com.br\/sites\/lausanne\/wp-json\/wp\/v2\/posts\/546\/revisions\/612"}],"wp:featuredmedia":[{"embeddable":true,"href":"https:\/\/ultimato.com.br\/sites\/lausanne\/wp-json\/wp\/v2\/media\/547"}],"wp:attachment":[{"href":"https:\/\/ultimato.com.br\/sites\/lausanne\/wp-json\/wp\/v2\/media?parent=546"}],"wp:term":[{"taxonomy":"category","embeddable":true,"href":"https:\/\/ultimato.com.br\/sites\/lausanne\/wp-json\/wp\/v2\/categories?post=546"},{"taxonomy":"post_tag","embeddable":true,"href":"https:\/\/ultimato.com.br\/sites\/lausanne\/wp-json\/wp\/v2\/tags?post=546"}],"curies":[{"name":"wp","href":"https:\/\/api.w.org\/{rel}","templated":true}]}}